{"id":168830,"date":"2025-12-24T13:56:14","date_gmt":"2025-12-24T13:56:14","guid":{"rendered":"https:\/\/www.europesays.com\/pl\/168830\/"},"modified":"2025-12-24T13:56:14","modified_gmt":"2025-12-24T13:56:14","slug":"niepokojace-informacje-dla-koalicji-rzadzacej-silna-pozycja-partii-brauna-sondaz-2","status":"publish","type":"post","link":"https:\/\/www.europesays.com\/pl\/168830\/","title":{"rendered":"Niepokoj\u0105ce informacje dla koalicji rz\u0105dz\u0105cej. Silna pozycja partii Brauna [SONDA\u017b]"},"content":{"rendered":"<ul class=\"UnorderedList_container__nmfSl\">\n<li class=\"UnorderedList_listElement__Py7xi\" data-id=\"ai-summary-link\">Du\u017co czytania, a ma\u0142o czasu? Sprawd\u017a\u00a0skr\u00f3t\u00a0artyku\u0142u<\/li>\n<\/ul>\n<p class=\"Paragraph_desktopParagraph__U31Gm\">Sonda\u017c zosta\u0142 przeprowadzony przez instytut United Surveys by IBRiS na zlecenie Wirtualnej Polski. Badanie zrealizowano w dniach 19-21 grudnia 2025 roku metod\u0105 mieszan\u0105 CATI (wywiady telefoniczne) oraz CAWI (ankiety internetowe) na pr\u00f3bie N=1000 os\u00f3b.<\/p>\n<p class=\"Paragraph_desktopParagraph__U31Gm\">***<\/p>\n<p class=\"Paragraph_desktopParagraph__U31Gm\">Ankietowani pytani byli o to, na kt\u00f3r\u0105 parti\u0119 oddaliby sw\u00f3j g\u0142os, je\u015bli wybory parlamentarne odby\u0142y si\u0119 w najbli\u017csz\u0105 niedziel\u0119. Na najwi\u0119ksze poparcie liczy\u0107 mo\u017ce Koalicja Obywatelska, kt\u00f3r\u0105 wskaza\u0142o 31,5 proc. respondent\u00f3w. Partia odnotowuje jednak spadek o 1,3 pkt proc. w por\u00f3wnaniu z sonda\u017cem z pocz\u0105tku grudnia.<\/p>\n<p class=\"VideoPlayerText_videoPlayerText__iDwyz\">Dalszy ci\u0105g materia\u0142u pod wideo<\/p>\n<p class=\"Paragraph_desktopParagraph__U31Gm\">Na drugim miejscu plasuje si\u0119 Prawo i Sprawiedliwo\u015b\u0107 z poparciem na poziomie 25,1 proc. R\u00f3wnie\u017c jest to spadek, w tym przypadku o 1,6 pkt proc. Podium zamyka Konfederacja, na kt\u00f3r\u0105 g\u0142os odda\u0142oby 12,1 proc. badanych (spadek o 1 pkt proc.). W Sejmie znalaz\u0142yby si\u0119 tak\u017ce Konfederacja Korony Polskiej Grzegorza Brauna, z wynikiem 8,1 proc. (spadek o 0,3 pkt proc.) oraz Lewica z wynikiem 7,2 proc. (wzrost o 0,1 pkt proc.).<\/p>\n<ul class=\"OchatFollowUps_wrapper__1ry7X\">\n<li class=\"OchatFollowUps_item__Dhyly OchatFollowUps_itemDesktop__R6aBv\">Jaka partia prowadzi w sonda\u017cu?<\/li>\n<li class=\"OchatFollowUps_item__Dhyly OchatFollowUps_itemDesktop__R6aBv\">Ile procent respondent\u00f3w popiera Prawo i Sprawiedliwo\u015b\u0107?<\/li>\n<li class=\"OchatFollowUps_item__Dhyly OchatFollowUps_itemDesktop__R6aBv\">Co osi\u0105gn\u0119\u0142o PSL w najnowszym sonda\u017cu?<\/li>\n<li class=\"OchatFollowUps_item__Dhyly OchatFollowUps_itemDesktop__R6aBv\">Jaki wynik uzyska\u0142a partia Razem?<\/li>\n<\/ul>\n<p>Koalicjanci nadal pod progiem <\/p>\n<p class=\"Paragraph_desktopParagraph__U31Gm\">Sonda\u017c nie przynosi dobrych wie\u015bci dla dw\u00f3ch partii tworz\u0105cych obecny rz\u0105d. PSL ociera si\u0119 o pr\u00f3g wyborczy, uzyskuj\u0105c wynik 4,9 proc. (wzrost o 1,8 pkt proc.). Natomiast Polska 2050 pozostaje na dnie. W najnowszym badaniu otrzyma\u0142a poparcie zaledwie 1 proc. ankietowanych.<\/p>\n<p class=\"Paragraph_desktopParagraph__U31Gm\">Do Sejmu nie wesz\u0142aby tak\u017ce partia Razem, na kt\u00f3r\u0105 g\u0142os odda\u0142oby 2,4 proc. respondent\u00f3w. Do 7,7 proc. wzros\u0142a ilo\u015b\u0107 os\u00f3b niezdecydowanych.<\/p>\n","protected":false},"excerpt":{"rendered":"Du\u017co czytania, a ma\u0142o czasu? Sprawd\u017a\u00a0skr\u00f3t\u00a0artyku\u0142u Sonda\u017c zosta\u0142 przeprowadzony przez instytut United Surveys by IBRiS na zlecenie Wirtualnej&hellip;\n","protected":false},"author":2,"featured_media":168831,"comment_status":"","ping_status":"","sticky":false,"template":"","format":"standard","meta":{"footnotes":""},"categories":[5],"tags":[32,33,36,37,27,67,1119,7225,867,34,35,4463,28,31,53,25,52,68,51,7212,55,42,38,40,39,202,41,868,4735,47,1129,29,30,65,50,26],"class_list":{"0":"post-168830","1":"post","2":"type-post","3":"status-publish","4":"format-standard","5":"has-post-thumbnail","7":"category-naglowki","8":"tag-breaking-news","9":"tag-breakingnews","10":"tag-featured-news","11":"tag-featurednews","12":"tag-headlines","13":"tag-intextvideo_splayer","14":"tag-koalicja_obywatelska_ko","15":"tag-konfederacja_korony_polskiej_partia_polityczna","16":"tag-konfederacja_partia_polityczna","17":"tag-latest-news","18":"tag-latestnews","19":"tag-lewica","20":"tag-naglowki","21":"tag-najwazniejsze-artykuly","22":"tag-new_header","23":"tag-news","24":"tag-onet3","25":"tag-onet3d","26":"tag-onet3d_2i","27":"tag-partia_razem","28":"tag-phx","29":"tag-pl","30":"tag-poland","31":"tag-polish","32":"tag-polska","33":"tag-polska_2050","34":"tag-polski","35":"tag-prawo_i_sprawiedliwosc_pis","36":"tag-psl_polskie_stronnictwo_ludowe","37":"tag-screening_general","38":"tag-sondaze_sondaz","39":"tag-top-stories","40":"tag-topstories","41":"tag-update_me","42":"tag-v2021","43":"tag-wiadomosci"},"share_on_mastodon":{"url":"","error":"Validation failed: Text character limit of 500 exceeded"},"_links":{"self":[{"href":"https:\/\/www.europesays.com\/pl\/wp-json\/wp\/v2\/posts\/168830","targetHints":{"allow":["GET"]}}],"collection":[{"href":"https:\/\/www.europesays.com\/pl\/wp-json\/wp\/v2\/posts"}],"about":[{"href":"https:\/\/www.europesays.com\/pl\/wp-json\/wp\/v2\/types\/post"}],"author":[{"embeddable":true,"href":"https:\/\/www.europesays.com\/pl\/wp-json\/wp\/v2\/users\/2"}],"replies":[{"embeddable":true,"href":"https:\/\/www.europesays.com\/pl\/wp-json\/wp\/v2\/comments?post=168830"}],"version-history":[{"count":0,"href":"https:\/\/www.europesays.com\/pl\/wp-json\/wp\/v2\/posts\/168830\/revisions"}],"wp:featuredmedia":[{"embeddable":true,"href":"https:\/\/www.europesays.com\/pl\/wp-json\/wp\/v2\/media\/168831"}],"wp:attachment":[{"href":"https:\/\/www.europesays.com\/pl\/wp-json\/wp\/v2\/media?parent=168830"}],"wp:term":[{"taxonomy":"category","embeddable":true,"href":"https:\/\/www.europesays.com\/pl\/wp-json\/wp\/v2\/categories?post=168830"},{"taxonomy":"post_tag","embeddable":true,"href":"https:\/\/www.europesays.com\/pl\/wp-json\/wp\/v2\/tags?post=168830"}],"curies":[{"name":"wp","href":"https:\/\/api.w.org\/{rel}","templated":true}]}}