{"id":168850,"date":"2025-12-24T14:10:11","date_gmt":"2025-12-24T14:10:11","guid":{"rendered":"https:\/\/www.europesays.com\/pl\/168850\/"},"modified":"2025-12-24T14:10:11","modified_gmt":"2025-12-24T14:10:11","slug":"rosja-szykuje-atak-na-polske-pierwsze-grozne-sygnaly","status":"publish","type":"post","link":"https:\/\/www.europesays.com\/pl\/168850\/","title":{"rendered":"Rosja szykuje atak na Polsk\u0119. Pierwsze gro\u017ane sygna\u0142y"},"content":{"rendered":"<p>\t<a href=\"https:\/\/www.trends.eecpoland.eu\/pl\/\" target=\"_blank\" class=\"eec-promo-banner\" slot=\"banner-0\" rel=\"nofollow noopener\"><\/p>\n<p>\t                Wielow\u0105tkowa, intensywna debata o polskiej gospodarce w gronie przedstawicieli \u015bwiata biznesu, polityki oraz nauki i \u015brodowiska eksperckiego odb\u0119dzie si\u0119 9 lutego 2026 r. w Warszawie. Zapraszamy na EEC Trends. Rejestracja dost\u0119pna na stronie wydarzenia.<\/p>\n<p>\t<\/a><\/p>\n<ul>&#13;<\/p>\n<li>Rosyjska S\u0142u\u017cba Wywiadu Zagranicznego bez dowod\u00f3w oskar\u017cy\u0142a Ukrain\u0119 o przygotowywanie ataku pod fa\u0142szyw\u0105 flag\u0105 na infrastruktur\u0119 krytyczn\u0105 w Polsce.<\/li>\n<p>&#13;<\/p>\n<li>Wed\u0142ug Instytutu Studi\u00f3w nad Wojn\u0105 taki przekaz mo\u017ce by\u0107 elementem dzia\u0142a\u0144, maj\u0105cych uprzedzi\u0107 odpowiedzialno\u015b\u0107 za ewentualne rosyjsko-bia\u0142oruskie operacje sabota\u017cowe przeciwko Polsce.<\/li>\n<p>&#13;<\/p>\n<li>Analitycy wskazuj\u0105, \u017ce Rosja od dawna wykorzystuje podobn\u0105 narracj\u0119, by podwa\u017ca\u0107 wsparcie dla Ukrainy i t\u0142umaczy\u0107 w\u0142asne prowokacje.<\/li>\n<p>&#13;\n<\/ul>\n<p>Rosyjska S\u0142u\u017cba Wywiadu Zagranicznego (SWR) wystosowa\u0142a we wrze\u015bniu niepoparte dowodami zarzuty, twierdz\u0105c, \u017ce Ukraina rzekomo planuje atak pod fa\u0142szyw\u0105 flag\u0105 na infrastruktur\u0119 krytyczn\u0105 w Polsce, aby wci\u0105gn\u0105\u0107 w spraw\u0119 Rosj\u0119 i Bia\u0142oru\u015b.<\/p>\n<p>Analitycy Instytutu Studi\u00f3w nad Wojn\u0105 oceniaj\u0105, \u017ce Kreml m\u00f3g\u0142 zleci\u0107 SWR publikacj\u0119 takiego komunikatu, by uprzedzi\u0107 ewentualne oskar\u017cenia i zrzuci\u0107 odpowiedzialno\u015b\u0107 za mo\u017cliw\u0105 przysz\u0142\u0105\u00a0<a href=\"https:\/\/www.wnp.pl\/bezpieczenstwo\/atak-rosji-glowne-uderzenie-idzie-na-polske,999823.html\" target=\"_blank\" rel=\"nofollow noopener\">operacj\u0119 sabota\u017cow\u0105 Rosji i Bia\u0142orusi wymierzon\u0105 w Polsk\u0119.<\/a><\/p>\n<p>Rosja szykuje atak na Polsk\u0119. Pierwsze gro\u017ane sygna\u0142y<\/p>\n<p>Waszyngto\u0144ski think tank zwr\u00f3ci\u0142 uwag\u0119, \u017ce Rosja regularnie wykorzystuje SWR do rozpowszechniania bezpodstawnych narracji, kt\u00f3rych celem jest os\u0142abienie mi\u0119dzynarodowego wsparcia dla Ukrainy oraz podwa\u017canie wiarygodno\u015bci doniesie\u0144 o rosyjskich prowokacjach wobec pa\u0144stw NATO.<\/p>\n<p>W analizie opublikowanej 30 wrze\u015bnia wskazano, \u017ce Kreml najpewniej buduje informacyjne uzasadnienie, kt\u00f3re w przysz\u0142o\u015bci pozwoli obarczy\u0107 Ukrain\u0119 win\u0105 za\u00a0<a href=\"https:\/\/www.wnp.pl\/wiadomosci\/ukraina-rosja-przeprowadza-ataki-z-uzyciem-dronow-i-pociskow-manewrujacych,1016700.html\" target=\"_blank\" rel=\"nofollow noopener\">ataki przeprowadzone przez Rosj\u0119<\/a> przeciwko Polsce lub innym krajom Sojuszu.<\/p>\n<p>26 wrze\u015bnia Rosja zastosowa\u0142a podobn\u0105 narracj\u0119, oskar\u017caj\u0105c Ukrain\u0119 o naruszenie polskiej i rumu\u0144skiej przestrzeni powietrznej przez drony.<\/p>\n<p><img decoding=\"async\" loading=\"lazy\" style=\"max-width: 80px;\" src=\"https:\/\/www.europesays.com\/pl\/wp-content\/uploads\/2025\/09\/1758531790_154_081834.png\"\/><\/p>\n<p>    \u00a9<\/p>\n<p>        Materia\u0142 chroniony prawem autorskim &#8211; zasady przedruk\u00f3w okre\u015bla<br \/>\n        <a href=\"https:\/\/www.wnp.pl\/korzystanie-z-serwisu\/\" rel=\"nofollow noopener\" target=\"_blank\">regulamin<\/a><\/p>\n","protected":false},"excerpt":{"rendered":"Wielow\u0105tkowa, intensywna debata o polskiej gospodarce w gronie przedstawicieli \u015bwiata biznesu, polityki oraz nauki i \u015brodowiska eksperckiego odb\u0119dzie&hellip;\n","protected":false},"author":2,"featured_media":168851,"comment_status":"","ping_status":"","sticky":false,"template":"","format":"standard","meta":{"footnotes":""},"categories":[12],"tags":[32,33,36,37,27,34,35,28,31,25,42,38,40,39,41,29,30,26],"class_list":{"0":"post-168850","1":"post","2":"type-post","3":"status-publish","4":"format-standard","5":"has-post-thumbnail","7":"category-polska","8":"tag-breaking-news","9":"tag-breakingnews","10":"tag-featured-news","11":"tag-featurednews","12":"tag-headlines","13":"tag-latest-news","14":"tag-latestnews","15":"tag-naglowki","16":"tag-najwazniejsze-artykuly","17":"tag-news","18":"tag-pl","19":"tag-poland","20":"tag-polish","21":"tag-polska","22":"tag-polski","23":"tag-top-stories","24":"tag-topstories","25":"tag-wiadomosci"},"share_on_mastodon":{"url":"https:\/\/pubeurope.com\/@pl\/115774949078330598","error":""},"_links":{"self":[{"href":"https:\/\/www.europesays.com\/pl\/wp-json\/wp\/v2\/posts\/168850","targetHints":{"allow":["GET"]}}],"collection":[{"href":"https:\/\/www.europesays.com\/pl\/wp-json\/wp\/v2\/posts"}],"about":[{"href":"https:\/\/www.europesays.com\/pl\/wp-json\/wp\/v2\/types\/post"}],"author":[{"embeddable":true,"href":"https:\/\/www.europesays.com\/pl\/wp-json\/wp\/v2\/users\/2"}],"replies":[{"embeddable":true,"href":"https:\/\/www.europesays.com\/pl\/wp-json\/wp\/v2\/comments?post=168850"}],"version-history":[{"count":0,"href":"https:\/\/www.europesays.com\/pl\/wp-json\/wp\/v2\/posts\/168850\/revisions"}],"wp:featuredmedia":[{"embeddable":true,"href":"https:\/\/www.europesays.com\/pl\/wp-json\/wp\/v2\/media\/168851"}],"wp:attachment":[{"href":"https:\/\/www.europesays.com\/pl\/wp-json\/wp\/v2\/media?parent=168850"}],"wp:term":[{"taxonomy":"category","embeddable":true,"href":"https:\/\/www.europesays.com\/pl\/wp-json\/wp\/v2\/categories?post=168850"},{"taxonomy":"post_tag","embeddable":true,"href":"https:\/\/www.europesays.com\/pl\/wp-json\/wp\/v2\/tags?post=168850"}],"curies":[{"name":"wp","href":"https:\/\/api.w.org\/{rel}","templated":true}]}}