{"id":168884,"date":"2025-12-24T14:42:11","date_gmt":"2025-12-24T14:42:11","guid":{"rendered":"https:\/\/www.europesays.com\/pl\/168884\/"},"modified":"2025-12-24T14:42:11","modified_gmt":"2025-12-24T14:42:11","slug":"karol-nawrocki-prezydent-stoczyl-walke-bokserska-odwiedzil-zolnierzy","status":"publish","type":"post","link":"https:\/\/www.europesays.com\/pl\/168884\/","title":{"rendered":"Karol Nawrocki. Prezydent stoczy\u0142 walk\u0119 boksersk\u0105. Odwiedzi\u0142 \u017co\u0142nierzy"},"content":{"rendered":"<p class=\"typography ids-typeset-body ids-typeset-body--preset-large link paragraph ids-paragraph ids-paragraph--default\">Prezydent <a href=\"https:\/\/wydarzenia.interia.pl\/tematy-karol-nawrocki,gsbi,5330\" rel=\"nofollow noopener\" target=\"_blank\">Karol Nawrocki<\/a> wraz z grup\u0105 wsp\u00f3\u0142pracownik\u00f3w &#8211; w tym szefem Biura Bezpiecze\u0144stwa Narodowego S\u0142awomirem Cenckiewiczem\u00a0&#8211; pojawi\u0142 si\u0119 w Wigili\u0119\u00a0na pasie granicznym mi\u0119dzy <a href=\"https:\/\/wydarzenia.interia.pl\/tematy-polska,gsbi,2628\" rel=\"nofollow noopener\" target=\"_blank\">Polsk\u0105<\/a> i <a href=\"https:\/\/wydarzenia.interia.pl\/tematy-bialorus,gsbi,2916\" rel=\"nofollow noopener\" target=\"_blank\">Bia\u0142orusi\u0105<\/a>.<\/p>\n<p class=\"typography ids-typeset-body ids-typeset-body--preset-large link paragraph ids-paragraph ids-paragraph--default\">Wizyta obejmowa\u0142a posterunki graniczne i obserwacyjne, bie\u017c\u0105ce standardowe zadania w ramach posterunk\u00f3w mobilnych \u017co\u0142nierzy oraz funkcjonariuszy Stra\u017cy Granicznej.<\/p>\n<p class=\"typography ids-typeset-body ids-typeset-body--preset-large link paragraph ids-paragraph ids-paragraph--default\">Prezydent Nawrocki wzi\u0105\u0142 tak\u017ce udzia\u0142 w zaj\u0119ciach szkoleniowych i treningu fizycznym \u017co\u0142nierzy. Na zdj\u0119ciach wida\u0107, \u017ce za\u0142o\u017cy\u0142 bokserskie r\u0119kawice, a nast\u0119pnie stoczy\u0142 pokazow\u0105 walk\u0119.<\/p>\n<p><img decoding=\"async\" class=\"ids-image-holder__img\" loading=\"lazy\" alt=\"U\u015bmiechni\u0119ty m\u0119\u017cczyzna w czarnej koszulce owija d\u0142onie banda\u017cami bokserskimi, stoj\u0105c w bia\u0142ym, o\u015bwietlonym pomieszczeniu.\" title=\"Nawrocki podczas bokserskiej, wigilijnej &quot;walki&quot;\" width=\"896\" height=\"597\" src=\"https:\/\/www.europesays.com\/pl\/wp-content\/uploads\/2025\/12\/000M4A1LQA4RI9S7-C323-F4.webp.webp\"\/><\/p>\n<p>Nawrocki podczas bokserskiej, wigilijnej &#8222;walki&#8221;Miko\u0142aj Bujak\/KPRPmateria\u0142 zewn\u0119trzny<\/p>\n<p>Wigilia na granicy z Bia\u0142orusi\u0105. Karol Nawrocki spotka\u0142 si\u0119 z \u017co\u0142nierzami<\/p>\n<p class=\"typography ids-typeset-body ids-typeset-body--preset-large link paragraph ids-paragraph ids-paragraph--default\">G\u0142owa pa\u0144stwa by\u0142a m.in. w podlaskiej miejscowo\u015bci \u015awis\u0142oczany. Tam Nawrocki rozmawia\u0142 z patroluj\u0105cymi przygraniczny obszar \u017co\u0142nierzami, policjantami oraz funkcjonariuszami SG. &#8211; Po pierwsze powiem, \u017ce nie mog\u0142em sobie wymarzy\u0107 pi\u0119kniejszej <a href=\"https:\/\/wydarzenia.interia.pl\/tematy-wigilia,gsbi,1163\" rel=\"nofollow noopener\" target=\"_blank\">Wigilii<\/a> ni\u017c ta sp\u0119dzona z polskim \u017co\u0142nierzem &#8211; m\u00f3wi\u0142 w Bobrownikach.<\/p>\n<p class=\"typography ids-typeset-body ids-typeset-body--preset-large link paragraph ids-paragraph ids-paragraph--default\">Podczas spotkania dosz\u0142o do zdalnego \u0142\u0105czenia z polskimi \u017co\u0142nierzami przebywaj\u0105cymi na zagranicznych misjach, m.in. w <a href=\"https:\/\/wydarzenia.interia.pl\/tematy-kosowo,gsbi,3323\" rel=\"nofollow noopener\" target=\"_blank\">Kosowie<\/a>. &#8211; Nie tylko przy granicach Polski, ale i na ca\u0142ym \u015bwiecie, wojny, niestety, s\u0105 cz\u0119\u015bci\u0105 naszego spo\u0142ecznego \u017cycia &#8211; t\u0142umaczy\u0142 Nawrocki, wskazuj\u0105c na tocz\u0105c\u0105 si\u0119 wojn\u0119 <a href=\"https:\/\/wydarzenia.interia.pl\/tematy-rosja,gsbi,3125\" rel=\"nofollow noopener\" target=\"_blank\">Rosji<\/a> z <a href=\"https:\/\/wydarzenia.interia.pl\/tematy-ukraina,gsbi,3144\" rel=\"nofollow noopener\" target=\"_blank\">Ukrain\u0105<\/a> oraz trwaj\u0105cy kryzys migracyjny.<\/p>\n<p>Granica polsko-bia\u0142oruska. Karol Nawrocki przyjecha\u0142 do \u017co\u0142nierzy<\/p>\n<p class=\"typography ids-typeset-body ids-typeset-body--preset-large link paragraph ids-paragraph ids-paragraph--default\">Jak m\u00f3wi\u0142 prezydent do wojskowych, &#8222;nasze granice s\u0105 bezpieczne dzi\u0119ki waszej codziennej pracy&#8221;. Podzi\u0119kowa\u0142 s\u0142u\u017cbom mundurowym za codzienne po\u015bwi\u0119cenie.<\/p>\n<p><img decoding=\"async\" class=\"ids-image-holder__img\" loading=\"lazy\" alt=\"Grupa \u017co\u0142nierzy w mundurach oraz wojskowym wyposa\u017ceniu rozmawia z cywilnym m\u0119\u017cczyzn\u0105 na drewnianej k\u0142adce w terenie le\u015bno-polnym, w tle widoczna trawiasta ro\u015blinno\u015b\u0107 i kilka os\u00f3b dokumentuj\u0105cych spotkanie.\" title=\"Karol Nawrocki na granicy polsko-bia\u0142oruskiej. Towarzyszy\u0142 mu m.in. szef BBN S\u0142awomir Cenckiewicz\" width=\"5760\" height=\"3840\" src=\"https:\/\/www.europesays.com\/pl\/wp-content\/uploads\/2025\/12\/000M49T4ESV1JLD2-C323-F4.webp.webp\"\/><\/p>\n<p>Karol Nawrocki na granicy polsko-bia\u0142oruskiej. Towarzyszy\u0142 mu m.in. szef BBN S\u0142awomir CenckiewiczArtur ReszkoPAP<\/p>\n<p class=\"typography ids-typeset-body ids-typeset-body--preset-large link paragraph ids-paragraph ids-paragraph--default\">&#8211; My\u015bl\u0119 sobie, \u017ce to symboliczne nakrycie, kt\u00f3re po\u015bwi\u0119cone jest dla przybysza w naszych domach, dzisiaj w waszych domach b\u0119dzie mia\u0142o podw\u00f3jn\u0105 symbolik\u0119 &#8211; kontynuowa\u0142 Nawrocki.<\/p>\n<p class=\"typography ids-typeset-body ids-typeset-body--preset-large link paragraph ids-paragraph ids-paragraph--default\">&#8211; Wasi rodzice, wasze \u017cony, wasi m\u0119\u017cowie b\u0119d\u0105 te\u017c my\u015ble\u0107 o tym, \u017ce wy \u015bwiadomie, kochaj\u0105c ich tak bardzo, w dniu Wigilii\u00a0<a href=\"https:\/\/wydarzenia.interia.pl\/tematy-boze-narodzenie,gsbi,1469\" rel=\"nofollow noopener\" target=\"_blank\">Bo\u017cego Narodzenia<\/a> wybrali\u015bcie misj\u0119 dla naszego i dla ich wsp\u00f3lnego bezpiecze\u0144stwa i dobra. Za to po\u015bwi\u0119cenie z g\u0142\u0119bi serca jako zwierzchnik Si\u0142 Zbrojnych z g\u0142\u0119bi serca dzi\u0119kuj\u0119 &#8211; zaznaczy\u0142.<\/p>\n<p class=\"typography ids-typeset-body ids-typeset-body--preset-large link paragraph ids-paragraph ids-paragraph--default\">Przypomnijmy, w Wigili\u0119 s\u0142u\u017cb\u0119 na polsko-bia\u0142oruskiej granicy oraz na pograniczu z <a href=\"https:\/\/wydarzenia.interia.pl\/tematy-litwa,gsbi,2686\" rel=\"nofollow noopener\" target=\"_blank\">Litw\u0105<\/a> b\u0119dzie pe\u0142ni\u0107 kilka tysi\u0119cy os\u00f3b.<\/p>\n<p>Donald Tusk na granicy polsko-bia\u0142oruskiej. &#8222;Zrobili\u015bcie wielk\u0105 rzecz&#8221;<\/p>\n<p class=\"typography ids-typeset-body ids-typeset-body--preset-large link paragraph ids-paragraph ids-paragraph--default\">We wtorek na polsko-bia\u0142orusk\u0105 granic\u0119 przyjecha\u0142 <a href=\"https:\/\/wydarzenia.interia.pl\/tematy-donald-tusk,gsbi,2\" rel=\"nofollow noopener\" target=\"_blank\">Donald Tusk<\/a>. &#8211; \u017beby \u015bwi\u0119towa\u0107 m\u00f3g\u0142 kto\u015b, kto\u015b musi czuwa\u0107 &#8211; m\u00f3wi\u0142 szef rz\u0105du.<\/p>\n<p class=\"typography ids-typeset-body ids-typeset-body--preset-large link paragraph ids-paragraph ids-paragraph--default\">&#8211; Chcia\u0142bym bardzo, by wszyscy bez wyj\u0105tku, wszyscy rodacy, gdy zasi\u0105d\u0105 do sto\u0142\u00f3w wigilijnych, pami\u0119tali o tych wszystkich, kt\u00f3rzy b\u0119d\u0105 akurat tego wieczora i w kolejne \u015bwi\u0105teczne dni chronili nasz\u0105 granic\u0119, wszystkich, kt\u00f3rzy w mundurach i w cywilu b\u0119d\u0105 na s\u0142u\u017cbie &#8211; m\u00f3wi\u0142 premier.<\/p>\n<p class=\"typography ids-typeset-body ids-typeset-body--preset-large link paragraph ids-paragraph ids-paragraph--default\">&#8211; Dzi\u0119kuj\u0119 za ca\u0142y rok ci\u0119\u017ckiej pracy i ci\u0119\u017ckiej s\u0142u\u017cby,\u00a0zrobili\u015bcie wielk\u0105 rzecz\u00a0&#8211; przekaza\u0142 Tusk. Podczas wizyty towarzyszy\u0142 mu szef <a href=\"https:\/\/wydarzenia.interia.pl\/tematy-mswia,gsbi,31\" rel=\"nofollow noopener\" target=\"_blank\">MSWiA<\/a> <a href=\"https:\/\/wydarzenia.interia.pl\/tematy-marcin-kierwinski,gsbi,1553\" rel=\"nofollow noopener\" target=\"_blank\">Marcin Kierwi\u0144ski<\/a>.<\/p>\n<ul class=\"typography ids-typeset-body ids-typeset-body--preset-small list--article-list ids-list ids-list--unordered ids-list--size-small \" datatype=\"disc\">\n<li class=\"ids-list-item ids-list-item__content brief-list-item\"><a class=\"ids-undecorated-link link ids-link \" data-spons=\"false\" href=\"https:\/\/wydarzenia.interia.pl\/kraj\/news-nawrocki-ruszyl-do-lasu-z-siekiera-do-palacu-wrocil-z-choink,nId,22502580\" rel=\"nofollow noopener\" target=\"_blank\">Nawrocki ruszy\u0142 do lasu z siekier\u0105. Do pa\u0142acu wr\u00f3ci\u0142 z choink\u0105<\/a><\/li>\n<li class=\"ids-list-item ids-list-item__content brief-list-item\"><a class=\"ids-undecorated-link link ids-link \" data-spons=\"false\" href=\"https:\/\/wydarzenia.interia.pl\/zagranica\/news-trump-grozi-kolejnemu-prezydentowi-niech-pilnuje-swojego-tyl,nId,22502390\" rel=\"nofollow noopener\" target=\"_blank\">Trump grozi kolejnemu prezydentowi. &#8222;Niech pilnuje swojego ty\u0142ka&#8221;<\/a><\/li>\n<\/ul>\n<p>&#8222;Wydarzenia&#8221;: Mro\u017ane, ale nie bia\u0142e. Synoptycy przedstawili prognozy na \u015bwi\u0119taPolsat News<\/p>\n<p><a class=\"ids-undecorated-link source ids-page-info--source__link\" href=\"https:\/\/www.interia.pl\" rel=\"nofollow noopener\" target=\"_blank\"><img decoding=\"async\" class=\"ids-image-holder__img\" loading=\"lazy\" alt=\"\" title=\"\" height=\"24px\" src=\"https:\/\/www.europesays.com\/pl\/wp-content\/uploads\/2025\/12\/1766553731_41_0009A60QQ5I2TYF7-C202-F4.webp.webp\"\/><\/a><\/p>\n<p>Masz sugestie, uwagi albo widzisz b\u0142\u0105d? Napisz do nas<\/p>\n","protected":false},"excerpt":{"rendered":"Prezydent Karol Nawrocki wraz z grup\u0105 wsp\u00f3\u0142pracownik\u00f3w &#8211; w tym szefem Biura Bezpiecze\u0144stwa Narodowego S\u0142awomirem Cenckiewiczem\u00a0&#8211; pojawi\u0142 si\u0119&hellip;\n","protected":false},"author":2,"featured_media":168885,"comment_status":"","ping_status":"","sticky":false,"template":"","format":"standard","meta":{"footnotes":""},"categories":[12],"tags":[32,33,36,37,27,34,35,28,31,25,42,38,40,39,41,29,30,26],"class_list":{"0":"post-168884","1":"post","2":"type-post","3":"status-publish","4":"format-standard","5":"has-post-thumbnail","7":"category-polska","8":"tag-breaking-news","9":"tag-breakingnews","10":"tag-featured-news","11":"tag-featurednews","12":"tag-headlines","13":"tag-latest-news","14":"tag-latestnews","15":"tag-naglowki","16":"tag-najwazniejsze-artykuly","17":"tag-news","18":"tag-pl","19":"tag-poland","20":"tag-polish","21":"tag-polska","22":"tag-polski","23":"tag-top-stories","24":"tag-topstories","25":"tag-wiadomosci"},"share_on_mastodon":{"url":"https:\/\/pubeurope.com\/@pl\/115775074915959548","error":""},"_links":{"self":[{"href":"https:\/\/www.europesays.com\/pl\/wp-json\/wp\/v2\/posts\/168884","targetHints":{"allow":["GET"]}}],"collection":[{"href":"https:\/\/www.europesays.com\/pl\/wp-json\/wp\/v2\/posts"}],"about":[{"href":"https:\/\/www.europesays.com\/pl\/wp-json\/wp\/v2\/types\/post"}],"author":[{"embeddable":true,"href":"https:\/\/www.europesays.com\/pl\/wp-json\/wp\/v2\/users\/2"}],"replies":[{"embeddable":true,"href":"https:\/\/www.europesays.com\/pl\/wp-json\/wp\/v2\/comments?post=168884"}],"version-history":[{"count":0,"href":"https:\/\/www.europesays.com\/pl\/wp-json\/wp\/v2\/posts\/168884\/revisions"}],"wp:featuredmedia":[{"embeddable":true,"href":"https:\/\/www.europesays.com\/pl\/wp-json\/wp\/v2\/media\/168885"}],"wp:attachment":[{"href":"https:\/\/www.europesays.com\/pl\/wp-json\/wp\/v2\/media?parent=168884"}],"wp:term":[{"taxonomy":"category","embeddable":true,"href":"https:\/\/www.europesays.com\/pl\/wp-json\/wp\/v2\/categories?post=168884"},{"taxonomy":"post_tag","embeddable":true,"href":"https:\/\/www.europesays.com\/pl\/wp-json\/wp\/v2\/tags?post=168884"}],"curies":[{"name":"wp","href":"https:\/\/api.w.org\/{rel}","templated":true}]}}