{"id":168966,"date":"2025-12-24T15:32:13","date_gmt":"2025-12-24T15:32:13","guid":{"rendered":"https:\/\/www.europesays.com\/pl\/168966\/"},"modified":"2025-12-24T15:32:13","modified_gmt":"2025-12-24T15:32:13","slug":"nie-zyje-marcin-bratkowski-wieloletni-sekretarz-redakcji-faktu-dobry-duch-redakcji","status":"publish","type":"post","link":"https:\/\/www.europesays.com\/pl\/168966\/","title":{"rendered":"Nie \u017cyje Marcin Bratkowski. Wieloletni sekretarz redakcji &#8222;Faktu&#8221;. &#8222;Dobry duch redakcji&#8221;"},"content":{"rendered":"<p class=\"article-p\" data-section=\"detail-body\">Prac\u0119 w &#8222;Fakcie&#8221; zacz\u0105\u0142 w pa\u017adzierniku 2003 r., gdy ukaza\u0142 si\u0119 pierwszy numer gazety. Pocz\u0105tkowo pracowa\u0142 jako grafik komputerowy, z czasem obj\u0105\u0142 stanowisko sekretarza redakcji i przez wiele lat odpowiada\u0142 za wydanie papierowe. W bran\u017cy, w kt\u00f3rej tempo i stres bywaj\u0105 codzienno\u015bci\u0105, Marcin by\u0142 uosobieniem spokoju i <a href=\"https:\/\/www.onet.pl\/styl-zycia\/medonet\/tam-gdzie-student-staje-sie-przede-wszystkim-klientem-a-podstawowa-kategoria-jest\/wey61tg,d18cb688\" id=\"d9f88e29-0a3f-481f-b091-1f527dedd1ff\" rel=\"nofollow noopener\" target=\"_blank\">profesjonalizmu<\/a>.<\/p>\n<p class=\"article-p\" data-section=\"detail-body\">\u2014 By\u0142 cz\u0142owiekiem o niezwyk\u0142ej cierpliwo\u015bci \u2014 wspomina redakcyjna kole\u017canka, kt\u00f3ra zna\u0142a go najd\u0142u\u017cej i przez lata z nim wsp\u00f3\u0142pracowa\u0142a. \u2014 W najgor\u0119tszych momentach zamkni\u0119cia numeru potrafi\u0142 zachowa\u0107 zimn\u0105 krew. Zawsze mo\u017cna by\u0142o na niego liczy\u0107. Sprawdza\u0142 wszystko po cichu, dok\u0142adnie, bez nerw\u00f3w. Nigdy nie zostawi\u0142 nikogo z problemem.<\/p>\n<p>        &#8222;Dobry duch redakcji&#8221;<\/p>\n<p class=\"article-p\" data-section=\"detail-body\">Dla wielu os\u00f3b w <a href=\"https:\/\/ludzie.fakt.pl\/wpadka-w-tv-republika-to-pracownicy-sadza-o-nerwowym-wydawcy\/cdp9ec7\" id=\"deef71ad-ec2a-4a07-a782-a81b663f37c5\" rel=\"nofollow noopener\" target=\"_blank\">redakcji<\/a> by\u0142 nie tylko koleg\u0105 z pracy, ale kim\u015b znacznie wi\u0119cej. &#8222;Dobry duch redakcji&#8221; \u2014 to sformu\u0142owanie powtarza si\u0119 w wielu wspomnieniach.<\/p>\n<p class=\"article-p\" data-section=\"detail-body\">\u2014 Tak trudno m\u00f3wi\u0107 o nim w czasie przesz\u0142ym \u2014 przyznaje inna redakcyjna kole\u017canka. \u2014 Zaledwie kilka miesi\u0119cy temu rozmawiali\u015bmy o jego planach na emerytur\u0119. By\u0142 spokojny, uwa\u017cny, troskliwy. Zawsze oddzwania\u0142, zawsze uspokaja\u0142, zawsze m\u00f3wi\u0142: &#8222;wszystko sprawdzone, mo\u017cesz by\u0107 spokojna&#8221;.<\/p>\n<p class=\"article-p\" data-section=\"detail-body\">Wspominany jest jako osoba pogodna, serdeczna, z niespotykanym poczuciem odpowiedzialno\u015bci i dba\u0142o\u015bci\u0105 o szczeg\u00f3\u0142y.<\/p>\n<p class=\"article-p\" data-section=\"detail-body\">\u2014 Nie by\u0142o takiej liter\u00f3wki, kt\u00f3rej by nie znalaz\u0142. Nie by\u0142o takiej sytuacji, w kt\u00f3rej nie da\u0142oby si\u0119 z nim dogada\u0107. U\u015bmiecha\u0142 si\u0119 nawet przez telefon \u2014 dodaje inny kolega z zespo\u0142u. \u2014 Mia\u0142 w sobie co\u015b ciep\u0142ego, co trudno opisa\u0107.<\/p>\n<p>        Jeszcze niedawno by\u0142 z nami. Odszed\u0142 zbyt szybko<\/p>\n<p class=\"article-p\" data-section=\"detail-body\">Marcin Bratkowski przeszed\u0142 na <a href=\"https:\/\/wiadomosci.onet.pl\/kraj\/andrzej-duda-dostal-prezydencka-emeryture-pokazal-kwote\/qcpxs1t\" id=\"46345cda-8879-47e4-b09f-9c53c3af09db\" rel=\"nofollow noopener\" target=\"_blank\">emerytur\u0119<\/a> w lipcu tego roku, po latach codziennej pracy, blisko\u015bci z zespo\u0142em i tysi\u0105cach zamkni\u0119tych wyda\u0144. Cho\u0107 nie pracowali\u015bmy ju\u017c razem na co dzie\u0144, jego odej\u015bcie poruszy\u0142o wszystkich.<\/p>\n<p class=\"article-p\" data-section=\"detail-body\">Marcin zmar\u0142 w sobot\u0119, 20 grudnia.<\/p>\n<p class=\"article-p\" data-section=\"detail-body\">Rodzinie i bliskim sk\u0142adamy najszczersze wyrazy wsp\u00f3\u0142czucia.<\/p>\n<p>        \/7<\/p>\n<p>                    <img decoding=\"async\" class=\"article-image-img\" loading=\"lazy\" alt=\"\" src=\"https:\/\/www.europesays.com\/pl\/wp-content\/uploads\/2025\/12\/a4Kk9kuTURBXy8xNjZmMzZhZi02MmExLTRjN2EtODg4My1hZWUzZjBhYWU5MjcuanBlZ5GTAs0DSM0B2N4AAqEwAaExAQ.jpeg\" width=\"840\" height=\"472\"\/><\/p>\n<p>                  123RF \/ Fakt.pl<\/p>\n<p class=\"article-gallery-p\">\n        Nie \u017cyje Marcin Bratkowski, przez wiele lat sekretarz redakcji &#8222;Faktu&#8221;.\n    <\/p>\n<p>        \/7<\/p>\n<p>                    <img decoding=\"async\" class=\"article-image-img\" loading=\"lazy\" alt=\"\" src=\"https:\/\/www.europesays.com\/pl\/wp-content\/uploads\/2025\/12\/vkmk9kuTURBXy80ZmUyY2ZlOC02NDNjLTQ3MzUtYWY3My04MTNhNWI5MjhlOGEuanBlZ5GTAs0DSM0F1N4AAqEwAaExAQ.jpeg\" width=\"840\" height=\"1492\"\/><\/p>\n<p>                  &#8211; \/ Fakt.pl<\/p>\n<p class=\"article-gallery-p\">\n        Ostatnia &#8222;jedynka&#8221; tylko dla niego. Marcin Bratkowski ogl\u0105da przygotowan\u0105 przez redakcj\u0119 stron\u0119 tytu\u0142ow\u0105 \u201eFaktu\u201d, wyj\u0105tkowy prezent na po\u017cegnanie z okazji przej\u015bcia na emerytur\u0119.\n    <\/p>\n","protected":false},"excerpt":{"rendered":"Prac\u0119 w &#8222;Fakcie&#8221; zacz\u0105\u0142 w pa\u017adzierniku 2003 r., gdy ukaza\u0142 si\u0119 pierwszy numer gazety. Pocz\u0105tkowo pracowa\u0142 jako grafik&hellip;\n","protected":false},"author":2,"featured_media":168967,"comment_status":"","ping_status":"","sticky":false,"template":"","format":"standard","meta":{"footnotes":""},"categories":[14],"tags":[32,33,27,34,35,28,31,25,40,41,80,29,30,26,82,83,84],"class_list":{"0":"post-168966","1":"post","2":"type-post","3":"status-publish","4":"format-standard","5":"has-post-thumbnail","7":"category-swiat","8":"tag-breaking-news","9":"tag-breakingnews","10":"tag-headlines","11":"tag-latest-news","12":"tag-latestnews","13":"tag-naglowki","14":"tag-najwazniejsze-artykuly","15":"tag-news","16":"tag-polish","17":"tag-polski","18":"tag-swiat","19":"tag-top-stories","20":"tag-topstories","21":"tag-wiadomosci","22":"tag-world","23":"tag-world-news","24":"tag-worldnews"},"share_on_mastodon":{"url":"https:\/\/pubeurope.com\/@pl\/115775271695035913","error":""},"_links":{"self":[{"href":"https:\/\/www.europesays.com\/pl\/wp-json\/wp\/v2\/posts\/168966","targetHints":{"allow":["GET"]}}],"collection":[{"href":"https:\/\/www.europesays.com\/pl\/wp-json\/wp\/v2\/posts"}],"about":[{"href":"https:\/\/www.europesays.com\/pl\/wp-json\/wp\/v2\/types\/post"}],"author":[{"embeddable":true,"href":"https:\/\/www.europesays.com\/pl\/wp-json\/wp\/v2\/users\/2"}],"replies":[{"embeddable":true,"href":"https:\/\/www.europesays.com\/pl\/wp-json\/wp\/v2\/comments?post=168966"}],"version-history":[{"count":0,"href":"https:\/\/www.europesays.com\/pl\/wp-json\/wp\/v2\/posts\/168966\/revisions"}],"wp:featuredmedia":[{"embeddable":true,"href":"https:\/\/www.europesays.com\/pl\/wp-json\/wp\/v2\/media\/168967"}],"wp:attachment":[{"href":"https:\/\/www.europesays.com\/pl\/wp-json\/wp\/v2\/media?parent=168966"}],"wp:term":[{"taxonomy":"category","embeddable":true,"href":"https:\/\/www.europesays.com\/pl\/wp-json\/wp\/v2\/categories?post=168966"},{"taxonomy":"post_tag","embeddable":true,"href":"https:\/\/www.europesays.com\/pl\/wp-json\/wp\/v2\/tags?post=168966"}],"curies":[{"name":"wp","href":"https:\/\/api.w.org\/{rel}","templated":true}]}}