{"id":169001,"date":"2025-12-24T15:53:16","date_gmt":"2025-12-24T15:53:16","guid":{"rendered":"https:\/\/www.europesays.com\/pl\/169001\/"},"modified":"2025-12-24T15:53:16","modified_gmt":"2025-12-24T15:53:16","slug":"cejrowski-i-lisicki-o-tym-kto-i-dlaczego-probuje-zastopowac-negocjacje-pokojowe","status":"publish","type":"post","link":"https:\/\/www.europesays.com\/pl\/169001\/","title":{"rendered":"Cejrowski i Lisicki o tym, kto i dlaczego pr\u00f3buje zastopowa\u0107 negocjacje pokojowe"},"content":{"rendered":"<p>\n             \u2013 Chcia\u0142em porozmawia\u0107 o\u00a0intrydze, kt\u00f3ra zosta\u0142a uknuta, o\u00a0czym napisa\u0142a szefowa ameryka\u0144skiego wywiadu. Chodzi o\u00a0to, \u017ce\u00a0Unia Europejska, NATO i\u00a0&#8222;g\u0142\u0119bokie pa\u0144stwo&#8221;, a\u00a0wi\u0119c wszystkie si\u0142y, kt\u00f3re sprzeciwiaj\u0105 si\u0119 planowi pokojowemu Donalda Trumpa, robi\u0105 wszystko, by\u00a0ten plan zniszczy\u0107 \u2013\u00a0m\u00f3wi Pawe\u0142 Lisicki.   <\/p>\n<p>&#13;<br \/>\nWe wtorek prezydent Ukrainy Wo\u0142odymyr Ze\u0142enski przedstawi\u0142 dziennikarzom <a href=\"https:\/\/dorzeczy.pl\/swiat\/824294\/wojna-o-ukraine-oto-nowa-wersja-projektu-planu-pokojowego.html\" rel=\"nofollow noopener\" target=\"_blank\">zaktualizowan\u0105 wersje planu pokojowego<\/a>. W\u00a0\u015brod\u0119 lista zosta\u0142a opublikowana. Nie\u00a0ma\u00a0w\u00a0niej mowy o\u00a0koncepcji akcesji Ukrainy do\u00a0NATO, jest natomiast wskazanie obecnej linii frontu jako rozgraniczeniowej. Wynika\u0142oby z\u00a0tego, \u017ce\u00a0USA nie\u00a0rezygnuj\u0105 z\u00a0wa\u017cnego dla\u00a0Kijowa punktu, by\u00a0Rosja zgodzi\u0142a si\u0119 odst\u0105pi\u0107 od\u00a0\u017c\u0105dania wycofania si\u0119 wojsk ukrai\u0144skich z\u00a0kontrolowanej przez nie\u00a0cz\u0119\u015bci terytorium Donbasu. Nie\u00a0jest tajemnic\u0105, \u017ce\u00a0przysz\u0142y status tego obwodu jest w\u015br\u00f3d najwa\u017cniejszych spornych punkt\u00f3w projektowanego porozumienia. &#13;<\/p>\n","protected":false},"excerpt":{"rendered":"\u2013 Chcia\u0142em porozmawia\u0107 o\u00a0intrydze, kt\u00f3ra zosta\u0142a uknuta, o\u00a0czym napisa\u0142a szefowa ameryka\u0144skiego wywiadu. Chodzi o\u00a0to, \u017ce\u00a0Unia Europejska, NATO i\u00a0&#8222;g\u0142\u0119bokie&hellip;\n","protected":false},"author":2,"featured_media":169002,"comment_status":"","ping_status":"","sticky":false,"template":"","format":"standard","meta":{"footnotes":""},"categories":[14],"tags":[2845,32,33,98,27,34,35,28,31,25,102,40,41,87,80,29,30,2846,415,71,26,892,82,83,84],"class_list":{"0":"post-169001","1":"post","2":"type-post","3":"status-publish","4":"format-standard","5":"has-post-thumbnail","7":"category-swiat","8":"tag-antysystem","9":"tag-breaking-news","10":"tag-breakingnews","11":"tag-dorzeczy","12":"tag-headlines","13":"tag-latest-news","14":"tag-latestnews","15":"tag-naglowki","16":"tag-najwazniejsze-artykuly","17":"tag-news","18":"tag-opinie","19":"tag-polish","20":"tag-polski","21":"tag-rosja","22":"tag-swiat","23":"tag-top-stories","24":"tag-topstories","25":"tag-tylko-na-dorzeczy-pl","26":"tag-ukraina","27":"tag-usa","28":"tag-wiadomosci","29":"tag-wojna","30":"tag-world","31":"tag-world-news","32":"tag-worldnews"},"share_on_mastodon":{"url":"https:\/\/pubeurope.com\/@pl\/115775353854708385","error":""},"_links":{"self":[{"href":"https:\/\/www.europesays.com\/pl\/wp-json\/wp\/v2\/posts\/169001","targetHints":{"allow":["GET"]}}],"collection":[{"href":"https:\/\/www.europesays.com\/pl\/wp-json\/wp\/v2\/posts"}],"about":[{"href":"https:\/\/www.europesays.com\/pl\/wp-json\/wp\/v2\/types\/post"}],"author":[{"embeddable":true,"href":"https:\/\/www.europesays.com\/pl\/wp-json\/wp\/v2\/users\/2"}],"replies":[{"embeddable":true,"href":"https:\/\/www.europesays.com\/pl\/wp-json\/wp\/v2\/comments?post=169001"}],"version-history":[{"count":0,"href":"https:\/\/www.europesays.com\/pl\/wp-json\/wp\/v2\/posts\/169001\/revisions"}],"wp:featuredmedia":[{"embeddable":true,"href":"https:\/\/www.europesays.com\/pl\/wp-json\/wp\/v2\/media\/169002"}],"wp:attachment":[{"href":"https:\/\/www.europesays.com\/pl\/wp-json\/wp\/v2\/media?parent=169001"}],"wp:term":[{"taxonomy":"category","embeddable":true,"href":"https:\/\/www.europesays.com\/pl\/wp-json\/wp\/v2\/categories?post=169001"},{"taxonomy":"post_tag","embeddable":true,"href":"https:\/\/www.europesays.com\/pl\/wp-json\/wp\/v2\/tags?post=169001"}],"curies":[{"name":"wp","href":"https:\/\/api.w.org\/{rel}","templated":true}]}}