{"id":169122,"date":"2025-12-24T17:33:16","date_gmt":"2025-12-24T17:33:16","guid":{"rendered":"https:\/\/www.europesays.com\/pl\/169122\/"},"modified":"2025-12-24T17:33:16","modified_gmt":"2025-12-24T17:33:16","slug":"legia-warszawa-blokuje-ten-transfer","status":"publish","type":"post","link":"https:\/\/www.europesays.com\/pl\/169122\/","title":{"rendered":"Legia Warszawa blokuje ten transfer"},"content":{"rendered":"\n<p class=\"lead\"> Legia Warszawa przed\u0142u\u017cy\u0142a umow\u0119 z Janem Leszczy\u0144skim. Dodatkowo pojawi\u0142y si\u0119 pog\u0142oski o wypo\u017cyczeniu do Pogoni Grodzisk Mazowiecki. Nowe \u015bwiat\u0142o na spraw\u0119 rzuca jednak Pawe\u0142 Go\u0142aszewski. <\/p>\n<p>Legia Warszawa w ostatnich dniach przed\u0142u\u017cy\u0142a umow\u0119 z Janem Leszczy\u0144skim. Utalentowany stoper to niew\u0105tpliwie przysz\u0142o\u015b\u0107 15-krotnego mistrza kraju, o czym m\u00f3wi\u0142 zreszt\u0105 Fredi Bobic.<\/p>\n<p>&#8211; Podpisanie nowego kontraktu z Janem Leszczy\u0144skim to wa\u017cna wiadomo\u015b\u0107 dla klubu. Janek jest wyj\u0105tkowym, m\u0142odym zawodnikiem, kt\u00f3ry ma wszystkie cechy, jakich potrzebuje obro\u0144ca \u2013 jest mocny w pojedynkach, dobry technicznie, mo\u017cna budowa\u0107 z nim gr\u0119. Na pewno b\u0119dzie rozwa\u017cany w kontek\u015bcie kadry pierwszego zespo\u0142u na przysz\u0142y sezon, a niebawem z zespo\u0142em Marka Papszuna pojedzie na zgrupowanie do Hiszpanii i b\u0119dzie walczy\u0142 o swoje miejsce. Mo\u017ce wyst\u0105pi\u0107 na kilku pozycjach i mamy przygotowanych dla niego wiele opcji &#8211; stwierdzi\u0142 dzia\u0142acz.<\/p>\n<p>Na jej mocy defensor ma wyst\u0119powa\u0107 w Legii co najmniej do 30 czerwca 2029 roku. W takim razie, \u017ceby \u0142apa\u0107 cenne minuty pojawi\u0142y si\u0119 pog\u0142oski w kwestii wypo\u017cyczenia.   <\/p>\n<p> Popularne <\/p>\n<\/p>\n<p>Tu w gr\u0119 wchodzi\u0142 nie kto inny jak pierwszoligowa Polonia Grodzisk Mazowiecki. Czy transakcja rzeczywi\u015bcie dojdzie do skutku?<\/p>\n<p>Na ten moment ruch zosta\u0142 wstrzymany, o czym na antenie Meczyki.pl m\u00f3wi\u0142 Pawe\u0142 Go\u0142aszewski. Jan Leszczy\u0144ski wsp\u00f3lnie z zespo\u0142em uda si\u0119 na ob\u00f3z przygotowawczy. Tam Marek Papszun oceni jego przydatno\u015b\u0107.<\/p>\n<p>Je\u015bli 18-latek poka\u017ce si\u0119 z dobrej strony, to ma szans\u0119 na wyst\u0119py w Ekstraklasie.<\/p>\n<p>Obecny sezon w wykonaniu Leszczy\u0144skiego? \u0141\u0105cznie 20 mecz\u00f3w, a w nich dwa gole i jedna asysta.<\/p>\n","protected":false},"excerpt":{"rendered":"Legia Warszawa przed\u0142u\u017cy\u0142a umow\u0119 z Janem Leszczy\u0144skim. Dodatkowo pojawi\u0142y si\u0119 pog\u0142oski o wypo\u017cyczeniu do Pogoni Grodzisk Mazowiecki. Nowe&hellip;\n","protected":false},"author":2,"featured_media":169123,"comment_status":"","ping_status":"","sticky":false,"template":"","format":"standard","meta":{"footnotes":""},"categories":[24],"tags":[42,38,40,39,41,127,126],"class_list":{"0":"post-169122","1":"post","2":"type-post","3":"status-publish","4":"format-standard","5":"has-post-thumbnail","7":"category-sport","8":"tag-pl","9":"tag-poland","10":"tag-polish","11":"tag-polska","12":"tag-polski","13":"tag-sport","14":"tag-sports"},"share_on_mastodon":{"url":"https:\/\/pubeurope.com\/@pl\/115775747934183827","error":""},"_links":{"self":[{"href":"https:\/\/www.europesays.com\/pl\/wp-json\/wp\/v2\/posts\/169122","targetHints":{"allow":["GET"]}}],"collection":[{"href":"https:\/\/www.europesays.com\/pl\/wp-json\/wp\/v2\/posts"}],"about":[{"href":"https:\/\/www.europesays.com\/pl\/wp-json\/wp\/v2\/types\/post"}],"author":[{"embeddable":true,"href":"https:\/\/www.europesays.com\/pl\/wp-json\/wp\/v2\/users\/2"}],"replies":[{"embeddable":true,"href":"https:\/\/www.europesays.com\/pl\/wp-json\/wp\/v2\/comments?post=169122"}],"version-history":[{"count":0,"href":"https:\/\/www.europesays.com\/pl\/wp-json\/wp\/v2\/posts\/169122\/revisions"}],"wp:featuredmedia":[{"embeddable":true,"href":"https:\/\/www.europesays.com\/pl\/wp-json\/wp\/v2\/media\/169123"}],"wp:attachment":[{"href":"https:\/\/www.europesays.com\/pl\/wp-json\/wp\/v2\/media?parent=169122"}],"wp:term":[{"taxonomy":"category","embeddable":true,"href":"https:\/\/www.europesays.com\/pl\/wp-json\/wp\/v2\/categories?post=169122"},{"taxonomy":"post_tag","embeddable":true,"href":"https:\/\/www.europesays.com\/pl\/wp-json\/wp\/v2\/tags?post=169122"}],"curies":[{"name":"wp","href":"https:\/\/api.w.org\/{rel}","templated":true}]}}