{"id":169134,"date":"2025-12-24T17:39:12","date_gmt":"2025-12-24T17:39:12","guid":{"rendered":"https:\/\/www.europesays.com\/pl\/169134\/"},"modified":"2025-12-24T17:39:12","modified_gmt":"2025-12-24T17:39:12","slug":"dlaczego-boze-narodzenie-obchodzimy-25-grudnia-nie-wiadomo-kiedy-urodzil-sie-jezus-ale-data-nie-jest-przypadkowa","status":"publish","type":"post","link":"https:\/\/www.europesays.com\/pl\/169134\/","title":{"rendered":"Dlaczego Bo\u017ce Narodzenie obchodzimy 25 grudnia? Nie wiadomo, kiedy urodzi\u0142 si\u0119 Jezus, ale data nie jest przypadkowa"},"content":{"rendered":"<p class=\"typography ids-typeset-body ids-typeset-body--preset-large link paragraph ids-paragraph ids-paragraph--default\">Urodzi\u0142 si\u0119 w Betlejem, w \u017c\u0142obie, bo &#8222;nie by\u0142o miejsca w gospodzie&#8221;, a pierwsi powitali go pasterze. Wszyscy znamy opis narodzin Jezusa, tylko co\u015b tu si\u0119 nie zgadza. 25 grudnia w tamtych okolicach nikt nie wypasa\u0142 trzody &#8211; zwierz\u0119ta &#8222;zimowa\u0142y&#8221; w stajniach, bo by\u0142o ju\u017c zbyt zimno i mokro. Zwyczaj wyprowadzania zwierz\u0105t na pastwiska noc\u0105 trwa\u0142 od wiosny do jesieni. To tylko szczeg\u00f3\u0142, ale jak\u017ce znacz\u0105cy.<\/p>\n<p class=\"typography ids-typeset-body ids-typeset-body--preset-large link paragraph ids-paragraph ids-paragraph--default\">Jezus raczej nie urodzi\u0142 si\u0119 25 grudnia &#8211; data \u015bwi\u0105t Bo\u017cego Narodzenia zosta\u0142a wybrana z konkretnych powod\u00f3w. Koniec roku to idealny moment na \u015bwi\u0119towanie, wiele religii robi to dok\u0142adnie w tym samym czasie i to od wiek\u00f3w.<\/p>\n<p>W Biblii nie ma daty narodzin Jezusa. Wybrano j\u0105 celowo<\/p>\n<p class=\"typography ids-typeset-body ids-typeset-body--preset-large link paragraph ids-paragraph ids-paragraph--default\">W Biblii nie ma daty narodzin Jezusa, a 25 grudnia wybrano dopiero w IV wieku i nie by\u0142o to dzie\u0142em przypadku. W pierwszych wiekach chrze\u015bcija\u0144stwa, p\u00f3\u017aniej z reszt\u0105 te\u017c, regularnie zast\u0119powano starsze \u015bwi\u0119ta nowymi &#8211; ludziom \u0142atwiej by\u0142o si\u0119 &#8222;przestawi\u0107&#8221; i zaakceptowa\u0107 nowy porz\u0105dek.<\/p>\n<p class=\"typography ids-typeset-body ids-typeset-body--preset-large link paragraph ids-paragraph ids-paragraph--default\">25 grudnia w staro\u017cytnym Rzymie obchodzono Dies Natalis Solis Invicti, czyli &#8222;Narodziny Niezwyci\u0119\u017conego S\u0142o\u0144ca&#8221;. Chrze\u015bcija\u0144stwo przej\u0119\u0142o t\u0119 dat\u0119, &#8222;ochrzci\u0142o&#8221; wiekow\u0105 tradycj\u0119 i nada\u0142o jej nowe znaczenie.<\/p>\n<p class=\"typography ids-typeset-body ids-typeset-body--preset-large link paragraph ids-paragraph ids-paragraph--default\">Data szczeg\u00f3lnie pasowa\u0142a do tematu, bo narodziny Jezusa interpretowano jako przyj\u015bcie \u015awiat\u0142o\u015bci \u015awiata. W liturgii pojawia si\u0119 wiele odniesie\u0144 do mroku, kt\u00f3ry odchodzi i \u015bwiat\u0142a, kt\u00f3re przychodzi. Rzymianie \u015bwi\u0119towali 25 grudnia, czyli dok\u0142adnie w dzie\u0144 przesilenia zimowego, data pasowa\u0142a wi\u0119c idealnie. Szybko uda\u0142o si\u0119 te\u017c znale\u017a\u0107 dla niej solidne, przynajmniej teologicznie, wyt\u0142umaczenie.<\/p>\n<p>Dlaczego 25 grudnia? Data Bo\u017cego Narodzenia ma swoje wyt\u0142umaczenie<\/p>\n<p class=\"typography ids-typeset-body ids-typeset-body--preset-large link paragraph ids-paragraph ids-paragraph--default\">W tradycji wczesnochrze\u015bcija\u0144skiej panowa\u0142o przekonanie, \u017ce Jezus umar\u0142 25 marca (wsp\u00f3\u0142cze\u015bnie historycy typuj\u0105 blisko, ale nieco p\u00f3\u017aniej, bo 3 kwietnia). W tamtych czasach wierzono te\u017c, \u017ce prorocy umierali tego samego dnia, w kt\u00f3rym zostali pocz\u0119ci &#8211; \u015awi\u0119to Zwiastowania obchodzimy wi\u0119c 25 marca. Odliczaj\u0105c zatem 9 miesi\u0119cy od tej daty, wychodzi 25 grudnia.<\/p>\n<p class=\"typography ids-typeset-body ids-typeset-body--preset-large link paragraph ids-paragraph ids-paragraph--default\">Ale to nie wszystko. Wczesnochrze\u015bcija\u0144ska tradycja to jedno, &#8222;ochrzczenie&#8221; poga\u0144skiego \u015bwi\u0119ta to drugie, a trzecia kwestia to szczeg\u00f3lne znaczenie daty dla wielu religii \u015bwiata.<\/p>\n<p>25 grudnia \u015bwi\u0119tuj\u0105 r\u00f3\u017cne religie. Jedno je \u0142\u0105czy<\/p>\n<p class=\"typography ids-typeset-body ids-typeset-body--preset-large link paragraph ids-paragraph ids-paragraph--default\">25 grudnia to data przesilenia zimowego &#8211; od tego momentu noce staj\u0105 si\u0119 kr\u00f3tsze, a dni d\u0142u\u017csze, dlatego staro\u017cytni Rzymianie w\u0142a\u015bnie wtedy obchodzili \u015bwi\u0119to &#8222;Narodzin Niezwyci\u0119\u017conego S\u0142o\u0144ca&#8221;. I nie tylko oni postanowili upami\u0119tni\u0107 w\u0142a\u015bnie ten dzie\u0144.<\/p>\n<p class=\"typography ids-typeset-body ids-typeset-body--preset-large link paragraph ids-paragraph ids-paragraph--default\">Najd\u0142u\u017csz\u0105 noc w roku \u015bwi\u0119towano tak\u017ce w Iranie, jako narodziny mitologicznego bohatera \u015bwiat\u0142a, Mitry. Tutaj symbolika jest w\u0142a\u015bciwie identyczna z t\u0105 rzymsk\u0105. W zbli\u017conym czasie \u015bwi\u0119towali tak\u017ce Germanowie i Nordycy, pal\u0105c wielkie ogniska. Motyw zwyci\u0119stwa \u015bwiat\u0142a nad ciemno\u015bci\u0105 towarzyszy te\u017c Chanuce, chocia\u017c jej data nie jest zwi\u0105zana z przesileniem zimowym, lecz powt\u00f3rnym po\u015bwi\u0119ceniem \u015awi\u0105tyni Jerozolimskiej i jest ruchoma.<\/p>\n<p class=\"typography ids-typeset-body ids-typeset-body--preset-large link paragraph ids-paragraph ids-paragraph--default\">Jedno jest pewne, cz\u0142owiek od zarania dziej\u00f3w \u015bwi\u0119towa\u0142 powr\u00f3t \u015bwiat\u0142a po najd\u0142u\u017cszej i najciemniejszej nocy. Celebrowa\u0142 narodziny b\u00f3stw s\u0142o\u0144ca, rozpala\u0142 ogie\u0144, organizowa\u0142 uczty i spotkania z prezentami, w\u0142a\u015bnie w okolicy 25 grudnia. Trudno wi\u0119c wyobrazi\u0107 sobie lepsz\u0105 dat\u0119 do \u015bwi\u0119towania urodzin Jezusa.<\/p>\n<p>25 grudnia to nie przypadek. Data jest wa\u017cna z wielu powod\u00f3w<\/p>\n<p class=\"typography ids-typeset-body ids-typeset-body--preset-large link paragraph ids-paragraph ids-paragraph--default\">Nie wyobra\u017camy sobie \u015bwi\u0105t w innym czasie, chocia\u017c prawdopodobnie Jezus nie urodzi\u0142 si\u0119 25 grudnia. Moment przesilenia zimowego jest jednak tak symboliczny, \u017ce do \u015bwi\u0119towania przyj\u015bcia na \u015bwiat tego, kt\u00f3ry mia\u0142 przynie\u015b\u0107 nadziej\u0119, pasuje idealnie. Ludzie celebruj\u0105 ten czas od tysi\u0119cy lat, w r\u00f3\u017cnych religiach, nawet starszych od chrze\u015bcija\u0144stwa. I warto o tym pami\u0119ta\u0107, siadaj\u0105c przy wsp\u00f3lnym stole, bo ka\u017cdy mo\u017ce mie\u0107 przy nim swoje miejsce, bez wzgl\u0119du na to, w co wierzy.<\/p>\n<p>Masz sugestie, uwagi albo widzisz b\u0142\u0105d? Napisz do nas<\/p>\n","protected":false},"excerpt":{"rendered":"Urodzi\u0142 si\u0119 w Betlejem, w \u017c\u0142obie, bo &#8222;nie by\u0142o miejsca w gospodzie&#8221;, a pierwsi powitali go pasterze. Wszyscy&hellip;\n","protected":false},"author":2,"featured_media":169135,"comment_status":"","ping_status":"","sticky":false,"template":"","format":"standard","meta":{"footnotes":""},"categories":[5],"tags":[32,33,36,37,27,34,35,28,31,25,42,38,40,39,41,29,30,26],"class_list":{"0":"post-169134","1":"post","2":"type-post","3":"status-publish","4":"format-standard","5":"has-post-thumbnail","7":"category-naglowki","8":"tag-breaking-news","9":"tag-breakingnews","10":"tag-featured-news","11":"tag-featurednews","12":"tag-headlines","13":"tag-latest-news","14":"tag-latestnews","15":"tag-naglowki","16":"tag-najwazniejsze-artykuly","17":"tag-news","18":"tag-pl","19":"tag-poland","20":"tag-polish","21":"tag-polska","22":"tag-polski","23":"tag-top-stories","24":"tag-topstories","25":"tag-wiadomosci"},"share_on_mastodon":{"url":"https:\/\/pubeurope.com\/@pl\/115775770841025922","error":""},"_links":{"self":[{"href":"https:\/\/www.europesays.com\/pl\/wp-json\/wp\/v2\/posts\/169134","targetHints":{"allow":["GET"]}}],"collection":[{"href":"https:\/\/www.europesays.com\/pl\/wp-json\/wp\/v2\/posts"}],"about":[{"href":"https:\/\/www.europesays.com\/pl\/wp-json\/wp\/v2\/types\/post"}],"author":[{"embeddable":true,"href":"https:\/\/www.europesays.com\/pl\/wp-json\/wp\/v2\/users\/2"}],"replies":[{"embeddable":true,"href":"https:\/\/www.europesays.com\/pl\/wp-json\/wp\/v2\/comments?post=169134"}],"version-history":[{"count":0,"href":"https:\/\/www.europesays.com\/pl\/wp-json\/wp\/v2\/posts\/169134\/revisions"}],"wp:featuredmedia":[{"embeddable":true,"href":"https:\/\/www.europesays.com\/pl\/wp-json\/wp\/v2\/media\/169135"}],"wp:attachment":[{"href":"https:\/\/www.europesays.com\/pl\/wp-json\/wp\/v2\/media?parent=169134"}],"wp:term":[{"taxonomy":"category","embeddable":true,"href":"https:\/\/www.europesays.com\/pl\/wp-json\/wp\/v2\/categories?post=169134"},{"taxonomy":"post_tag","embeddable":true,"href":"https:\/\/www.europesays.com\/pl\/wp-json\/wp\/v2\/tags?post=169134"}],"curies":[{"name":"wp","href":"https:\/\/api.w.org\/{rel}","templated":true}]}}