{"id":169251,"date":"2025-12-24T18:59:11","date_gmt":"2025-12-24T18:59:11","guid":{"rendered":"https:\/\/www.europesays.com\/pl\/169251\/"},"modified":"2025-12-24T18:59:11","modified_gmt":"2025-12-24T18:59:11","slug":"kopalnia-silesia-w-centrum-protestu-gornicy-czekaja-na-wsparcie-rzadu","status":"publish","type":"post","link":"https:\/\/www.europesays.com\/pl\/169251\/","title":{"rendered":"Kopalnia Silesia w centrum protestu. G\u00f3rnicy czekaj\u0105 na wsparcie rz\u0105du"},"content":{"rendered":"<p data-section=\"detail-body\">Wed\u0142ug rzecznika protestuj\u0105cych Kazimierza Grajcarka, w \u015brodowy poranek 23 osoby przebywa\u0142y 500 metr\u00f3w pod ziemi\u0105, a sze\u015b\u0107 kolejnych na powierzchni. Protest, kt\u00f3ry rozpocz\u0105\u0142 si\u0119 w poniedzia\u0142ek o godzinie 6., ma charakter oddolny i nie jest strajkiem \u2014 wydobycie w kopalni trwa nadal.<\/p>\n<p class=\"article_p\" data-section=\"detail-body\">Dalsza cz\u0119\u015b\u0107 artyku\u0142u znajduje si\u0119 pod materia\u0142em video:<\/p>\n<p class=\"article_p\" data-section=\"detail-body\">Czytaj te\u017c: <a href=\"https:\/\/businessinsider.com.pl\/gospodarka\/barborka-obnizona-o-30-proc-zwiazki-w-jsw-stawiaja-zarzadowi-ultimatum\/mc1lsst\" id=\"a1fe384e-4a88-4c2d-81ca-ca413b76d346\" rel=\"nofollow noopener\" target=\"_blank\">Najczarniejsza Barb\u00f3rka w JSW od lat. &#8222;W\u0142adze przejad\u0142y rekordowe zyski&#8221;<\/a><\/p>\n<p class=\"article_p\" data-section=\"detail-body\">G\u00f3rnicy domagaj\u0105 si\u0119 obj\u0119cia ich zak\u0142adu instrumentami os\u0142onowymi przewidzianymi w nowelizacji ustawy g\u00f3rniczej, kt\u00f3ra wejdzie w \u017cycie 1 stycznia 2026 r. i obejmie firmy z udzia\u0142em Skarbu Pa\u0144stwa likwiduj\u0105ce kopalnie. Chc\u0105 r\u00f3wnie\u017c wyp\u0142aty pe\u0142nej Barb\u00f3rki oraz gwarancji, \u017ce nie ponios\u0105 konsekwencji za udzia\u0142 w prote\u015bcie. Jak relacjonuje Grajcarek, protestuj\u0105cy pod ziemi\u0105 s\u0105 bezpieczni \u2014 maj\u0105 \u0142awy, prycze, \u015bpiwory oraz \u017cywno\u015b\u0107.<\/p>\n<p>            Czytaj tak\u017ce w BUSINESS INSIDER<\/p>\n<p>        Rz\u0105d apeluje o zawieszenie protestu<\/p>\n<p class=\"article_p\" data-section=\"detail-body\">We wtorek minister energii Mi\u0142osz Motyka zaapelowa\u0142 do g\u00f3rnik\u00f3w o zawieszenie protestu na czas \u015bwi\u0105t i powr\u00f3t do rozm\u00f3w po 6 stycznia. Zapewni\u0142, \u017ce w resorcie trwaj\u0105 prace nad rozwi\u0105zaniami legislacyjnymi, kt\u00f3re mog\u0142yby obj\u0105\u0107 pracownik\u00f3w kopalni wsparciem.<\/p>\n<p class=\"article_p\" data-section=\"detail-body\">Stanowisko ministra spotka\u0142o si\u0119 jednak z ostr\u0105 krytyk\u0105 ze strony lidera NSZZ Solidarno\u015b\u0107 w PG Silesia, Grzegorza Babija. \u2014 &#8222;To jest strza\u0142 w twarz g\u00f3rnikowi&#8221; \u2014 m\u00f3wi\u0142 zwi\u0105zkowiec, dodaj\u0105c, \u017ce rz\u0105d analizuje sytuacj\u0119 od miesi\u0119cy, a g\u00f3rnicy oczekuj\u0105 konkretnych dzia\u0142a\u0144. Babij wezwa\u0142 ministra do przyjazdu na miejsce protestu, obawiaj\u0105c si\u0119, \u017ce obecne podej\u015bcie w\u0142adz mo\u017ce doprowadzi\u0107 do eskalacji akcji.<\/p>\n<p>        Prezydenccy ministrowie na miejscu protestu<\/p>\n<p class=\"article_p\" data-section=\"detail-body\">We wtorek do protestuj\u0105cych zjechali prezydenccy ministrowie Karol Rabenda i Mateusz Kotecki. Rabenda zaapelowa\u0142 do rz\u0105du o podj\u0119cie dzia\u0142a\u0144, kt\u00f3re pozwoli\u0142yby zako\u0144czy\u0107 konflikt w spos\u00f3b pozytywny. Przypomnia\u0142 r\u00f3wnie\u017c, \u017ce prezydent Karol Nawrocki, podpisuj\u0105c nowelizacj\u0119 ustawy g\u00f3rniczej 15 grudnia, podkre\u015bla\u0142, i\u017c nie obejmuje ona wszystkich g\u00f3rnik\u00f3w, co stawia ich w nier\u00f3wnej sytuacji.<\/p>\n<p class=\"article_p\" data-section=\"detail-body\">Minister zapowiedzia\u0142, \u017ce prezydent z\u0142o\u017cy poprawk\u0119 do ustawy, kt\u00f3ra mia\u0142aby obj\u0105\u0107 tak\u017ce pracownik\u00f3w kopalni Silesia. \u2014 &#8222;Pracujemy nad ni\u0105, aby przed najbli\u017cszym posiedzeniem Sejmu wyst\u0105pi\u0107 z inicjatyw\u0105 zmiany tej ustawy&#8221; \u2014 podkre\u015bli\u0142 Rabenda.<\/p>\n<p>        Zwolnienia grupowe na horyzoncie<\/p>\n<p class=\"article_p\" data-section=\"detail-body\">Protest w Silesii odbywa si\u0119 w cieniu planowanych zwolnie\u0144 grupowych. Pod koniec listopada zarz\u0105dca masy sanacyjnej kopalni poinformowa\u0142 zwi\u0105zki zawodowe o zamiarze redukcji ponad 750 miejsc pracy. Grupa Bumech, w\u0142a\u015bciciel kopalni, zadeklarowa\u0142a 8 grudnia ch\u0119\u0107 dzier\u017cawy zak\u0142adu oraz przej\u0119cia wybranych pracownik\u00f3w, co doprowadzi\u0142o do przesuni\u0119cia ewentualnych zwolnie\u0144 na stycze\u0144.<\/p>\n<p class=\"article_p\" data-section=\"detail-body\">PG Silesia to najwi\u0119ksza prywatna kopalnia w\u0119gla w Polsce, kt\u00f3rej udzia\u0142 w rynku w 2022 r. wynosi\u0142 3 proc. w produkcji w\u0119gla energetycznego i 2,3 proc. w produkcji w\u0119gla kamiennego. W obliczu trudnej sytuacji finansowej zak\u0142adu g\u00f3rnicy licz\u0105 na wsparcie zar\u00f3wno ze strony rz\u0105du, jak i zarz\u0105du firmy.<\/p>\n","protected":false},"excerpt":{"rendered":"Wed\u0142ug rzecznika protestuj\u0105cych Kazimierza Grajcarka, w \u015brodowy poranek 23 osoby przebywa\u0142y 500 metr\u00f3w pod ziemi\u0105, a sze\u015b\u0107 kolejnych&hellip;\n","protected":false},"author":2,"featured_media":169252,"comment_status":"","ping_status":"","sticky":false,"template":"","format":"standard","meta":{"footnotes":""},"categories":[12],"tags":[32,33,36,37,27,34,35,28,31,25,42,38,40,39,41,29,30,26],"class_list":{"0":"post-169251","1":"post","2":"type-post","3":"status-publish","4":"format-standard","5":"has-post-thumbnail","7":"category-polska","8":"tag-breaking-news","9":"tag-breakingnews","10":"tag-featured-news","11":"tag-featurednews","12":"tag-headlines","13":"tag-latest-news","14":"tag-latestnews","15":"tag-naglowki","16":"tag-najwazniejsze-artykuly","17":"tag-news","18":"tag-pl","19":"tag-poland","20":"tag-polish","21":"tag-polska","22":"tag-polski","23":"tag-top-stories","24":"tag-topstories","25":"tag-wiadomosci"},"share_on_mastodon":{"url":"https:\/\/pubeurope.com\/@pl\/115776085404175052","error":""},"_links":{"self":[{"href":"https:\/\/www.europesays.com\/pl\/wp-json\/wp\/v2\/posts\/169251","targetHints":{"allow":["GET"]}}],"collection":[{"href":"https:\/\/www.europesays.com\/pl\/wp-json\/wp\/v2\/posts"}],"about":[{"href":"https:\/\/www.europesays.com\/pl\/wp-json\/wp\/v2\/types\/post"}],"author":[{"embeddable":true,"href":"https:\/\/www.europesays.com\/pl\/wp-json\/wp\/v2\/users\/2"}],"replies":[{"embeddable":true,"href":"https:\/\/www.europesays.com\/pl\/wp-json\/wp\/v2\/comments?post=169251"}],"version-history":[{"count":0,"href":"https:\/\/www.europesays.com\/pl\/wp-json\/wp\/v2\/posts\/169251\/revisions"}],"wp:featuredmedia":[{"embeddable":true,"href":"https:\/\/www.europesays.com\/pl\/wp-json\/wp\/v2\/media\/169252"}],"wp:attachment":[{"href":"https:\/\/www.europesays.com\/pl\/wp-json\/wp\/v2\/media?parent=169251"}],"wp:term":[{"taxonomy":"category","embeddable":true,"href":"https:\/\/www.europesays.com\/pl\/wp-json\/wp\/v2\/categories?post=169251"},{"taxonomy":"post_tag","embeddable":true,"href":"https:\/\/www.europesays.com\/pl\/wp-json\/wp\/v2\/tags?post=169251"}],"curies":[{"name":"wp","href":"https:\/\/api.w.org\/{rel}","templated":true}]}}