{"id":169400,"date":"2025-12-24T20:57:09","date_gmt":"2025-12-24T20:57:09","guid":{"rendered":"https:\/\/www.europesays.com\/pl\/169400\/"},"modified":"2025-12-24T20:57:09","modified_gmt":"2025-12-24T20:57:09","slug":"pozwali-panstwo-na-15-mld-zl-w-tle-decyzja-morawieckiego","status":"publish","type":"post","link":"https:\/\/www.europesays.com\/pl\/169400\/","title":{"rendered":"Pozwali pa\u0144stwo na 1,5 mld z\u0142. W tle decyzja Morawieckiego"},"content":{"rendered":"<p>Najwa\u017cniejsze informacje:<\/p>\n<ul>\n<li>PKP Cargo z\u0142o\u017cy\u0142o pozew o\u00a01,5 mld z\u0142 przeciwko Skarbowi Pa\u0144stwa za szkody wywo\u0142ane &#8222;decyzj\u0105 w\u0119glow\u0105&#8221;.<\/li>\n<li>Decyzja premiera z\u00a0lipca 2022 r. wi\u0105za\u0142a si\u0119 z\u00a0embargiem na rosyjski w\u0119giel i\u00a0sprowadzaniem go z\u00a0innych kraj\u00f3w.<\/li>\n<li>Sp\u00f3\u0142ka PKP Cargo planuje dalsze zwolnienia grupowe w\u00a0latach 2025-2026.<\/li>\n<\/ul>\n<p>PKP Cargo z\u0142o\u017cy\u0142o pozew do S\u0105du Okr\u0119gowego w\u00a0Warszawie, domagaj\u0105c si\u0119 od Skarbu Pa\u0144stwa rekompensaty za szkody, kt\u00f3re wed\u0142ug firmy powsta\u0142y na skutek &#8222;decyzji w\u0119glowej&#8221; premiera Mateusza Morawieckiego. W\u00a0lipcu 2022 roku, w\u00a0obliczu embarga na import rosyjskiego w\u0119gla, rz\u0105d zleci\u0142 sprowadzenie w\u0119gla z\u00a0alternatywnych \u017ar\u00f3de\u0142, co zmusi\u0142o PKP Cargo do przewozu tego surowca.<\/p>\n<p>R\u00f3zgi i\u00a0prezenty dla polityk\u00f3w. Tak odpowiedzieli Polacy <\/p>\n<p>PKP Cargo wskazuje, \u017ce decyzja premiera wp\u0142yn\u0119\u0142a negatywnie na jej dzia\u0142alno\u015b\u0107. Przewo\u017anik musia\u0142 zrezygnowa\u0107 z\u00a0zyskownych kontrakt\u00f3w, by sprosta\u0107 rz\u0105dowemu zleceniu, co narazi\u0142o firm\u0119 na straty finansowe. Rz\u0105d twierdzi, \u017ce importowano w\u00f3wczas blisko 12,5 mln ton w\u0119gla przy u\u017cyciu znacznych zasob\u00f3w logistycznych, co by\u0142o niezb\u0119dne dla zapewnienia dostaw paliwa.<\/p>\n<p>Sp\u00f3\u0142ka, notowana na warszawskiej gie\u0142dzie, po raz kolejny przygotowuje si\u0119 do zwolnie\u0144 grupowych obejmuj\u0105cych ponad tysi\u0105c pracownik\u00f3w, planowanych na najbli\u017csze lata. Te dzia\u0142ania s\u0105 konsekwencj\u0105 restrukturyzacji maj\u0105cej na celu stabilizacj\u0119 finansow\u0105.<\/p>\n<p>Wspomniane zwolnienia oraz plan restrukturyzacyjny s\u0105 cz\u0119\u015bci\u0105 szerszej strategii, kt\u00f3rej celem jest poprawa kondycji finansowej PKP Cargo i\u00a0osi\u0105gni\u0119cie stabilno\u015bci. Firma prognozuje, \u017ce przy pomy\u015blnym wdro\u017ceniu wszystkich dzia\u0142a\u0144, osi\u0105gni\u0119cie satysfakcjonuj\u0105cych wynik\u00f3w finansowych mo\u017cliwe b\u0119dzie do roku 2031.<\/p>\n<p>PKP Cargo w\u00a02025 roku wypracowa\u0142a zysk na poziomie 7,5 mln z\u0142 oraz wysoki zysk operacyjny. Jednak\u017ce, aby zrealizowa\u0107 d\u0142ugofalowe cele, konieczne jest dalsze optymalizowanie koszt\u00f3w oraz intensyfikacja wsp\u00f3\u0142pracy z\u00a0kluczowymi partnerami.<\/p>\n<p>Sp\u00f3\u0142ka koncentruje si\u0119 tak\u017ce na inwestycjach maj\u0105cych na celu modernizacj\u0119 i\u00a0remonty taboru. Inwestycje te, chocia\u017c obci\u0119te w\u00a0por\u00f3wnaniu do poprzedniego roku, pozostaj\u0105 kluczowym elementem strategii rozwoju PKP Cargo w\u00a0d\u0142ugim okresie.<\/p>\n","protected":false},"excerpt":{"rendered":"Najwa\u017cniejsze informacje: PKP Cargo z\u0142o\u017cy\u0142o pozew o\u00a01,5 mld z\u0142 przeciwko Skarbowi Pa\u0144stwa za szkody wywo\u0142ane &#8222;decyzj\u0105 w\u0119glow\u0105&#8221;. Decyzja&hellip;\n","protected":false},"author":2,"featured_media":169401,"comment_status":"","ping_status":"","sticky":false,"template":"","format":"standard","meta":{"footnotes":""},"categories":[16],"tags":[113,112,42,38,40,39,41],"class_list":{"0":"post-169400","1":"post","2":"type-post","3":"status-publish","4":"format-standard","5":"has-post-thumbnail","7":"category-biznes","8":"tag-biznes","9":"tag-business","10":"tag-pl","11":"tag-poland","12":"tag-polish","13":"tag-polska","14":"tag-polski"},"share_on_mastodon":{"url":"https:\/\/pubeurope.com\/@pl\/115776549261857392","error":""},"_links":{"self":[{"href":"https:\/\/www.europesays.com\/pl\/wp-json\/wp\/v2\/posts\/169400","targetHints":{"allow":["GET"]}}],"collection":[{"href":"https:\/\/www.europesays.com\/pl\/wp-json\/wp\/v2\/posts"}],"about":[{"href":"https:\/\/www.europesays.com\/pl\/wp-json\/wp\/v2\/types\/post"}],"author":[{"embeddable":true,"href":"https:\/\/www.europesays.com\/pl\/wp-json\/wp\/v2\/users\/2"}],"replies":[{"embeddable":true,"href":"https:\/\/www.europesays.com\/pl\/wp-json\/wp\/v2\/comments?post=169400"}],"version-history":[{"count":0,"href":"https:\/\/www.europesays.com\/pl\/wp-json\/wp\/v2\/posts\/169400\/revisions"}],"wp:featuredmedia":[{"embeddable":true,"href":"https:\/\/www.europesays.com\/pl\/wp-json\/wp\/v2\/media\/169401"}],"wp:attachment":[{"href":"https:\/\/www.europesays.com\/pl\/wp-json\/wp\/v2\/media?parent=169400"}],"wp:term":[{"taxonomy":"category","embeddable":true,"href":"https:\/\/www.europesays.com\/pl\/wp-json\/wp\/v2\/categories?post=169400"},{"taxonomy":"post_tag","embeddable":true,"href":"https:\/\/www.europesays.com\/pl\/wp-json\/wp\/v2\/tags?post=169400"}],"curies":[{"name":"wp","href":"https:\/\/api.w.org\/{rel}","templated":true}]}}