{"id":169413,"date":"2025-12-24T21:21:30","date_gmt":"2025-12-24T21:21:30","guid":{"rendered":"https:\/\/www.europesays.com\/pl\/169413\/"},"modified":"2025-12-24T21:21:30","modified_gmt":"2025-12-24T21:21:30","slug":"ukraina-zelenski-zlozyl-zyczenia-rodakom-zdradzil-czego-zycza-putinowi","status":"publish","type":"post","link":"https:\/\/www.europesays.com\/pl\/169413\/","title":{"rendered":"Ukraina. Ze\u0142enski z\u0142o\u017cy\u0142 \u017cyczenia rodakom. Zdradzi\u0142 czego \u017cycz\u0105 Putinowi"},"content":{"rendered":"<p>24 lutego min\u0105 4 lata od pocz\u0105tku pe\u0142noskalowej rosyjskiej inwazji na Ukrain\u0119. Ukrai\u0144ski prezydent m\u00f3wi\u0142 w \u015bwi\u0105tecznym przem\u00f3wieniu o \u017cyczeniu pokoju w pa\u0144stwie.<\/p>\n<p>&#8222;Oby zgin\u0105\u0142&#8221;. Ze\u0142enski m\u00f3wi\u0142 o \u017cyczeniu Ukrai\u0144c\u00f3w<\/p>\n<p>&#8211; Prosimy o pok\u00f3j dla Ukrainy. Walczymy o niego i modlimy si\u0119. Zas\u0142ugujemy na pok\u00f3j \u2013 powiedzia\u0142 Ze\u0142enski.\u00a0<\/p>\n<p>\u00a0<\/p>\n<p>ZOBACZ: <a href=\"https:\/\/www.polsatnews.pl\/wiadomosc\/2025-12-24\/wladimir-putin-wreczyl-nagrody-propagandystom-wyroznienie-dla-solowjowa\/\" rel=\"nofollow noopener\" target=\"_blank\">W\u0142adimir Putin wr\u0119czy\u0142 nagrody propagandystom. Wyr\u00f3\u017cnienie dla So\u0142owjowa<\/a><\/p>\n<p>\u00a0<\/p>\n<p>Podczas swojego wyst\u0105pienia odni\u00f3s\u0142 si\u0119 te\u017c bezpo\u015brednio do agresora, przyw\u00f3dcy Rosji W\u0142adimira Putina. Ze\u0142enski przypomnia\u0142, \u017ce Ukrai\u0144cy wierz\u0105 w &#8222;otwarcie si\u0119 niebios&#8221; w noc Bo\u017cego Narodzenia, a w tym roku\u00a0Ukrai\u0144cy mog\u0105 wypowiedzie\u0107 jedno \u017cyczenie.<\/p>\n<p>\u00a0<\/p>\n<p>&#8211; Oby zgin\u0105\u0142, mo\u017ce sobie pomy\u015ble\u0107 ka\u017cdy z nas \u2013 powiedzia\u0142 Ze\u0142enski, maj\u0105c na my\u015bli Putina.<\/p>\n<p>\u00a0<\/p>\n<p>&#8211; Ale kiedy zwracamy si\u0119 do Boga, oczywi\u015bcie prosimy o co\u015b wi\u0119kszego &#8211; stwierdzi\u0142 i wyrazi\u0142 nadziej\u0119 &#8222;aby pok\u00f3j zwyci\u0119\u017cy\u0142, aby\u015bmy przetrwali i aby\u015bmy pozostali Ukrain\u0105&#8221;.\u00a0<\/p>\n<p>Atak Rosjan w przeddzie\u0144 Wigilii. &#8222;Tak atakuj\u0105 bezbo\u017cni&#8221;<\/p>\n<p>23 grudnia Rosja przeprowadzi\u0142a zmasowany ostrza\u0142 co najmniej 13 obwod\u00f3w Ukrainy, wykorzystuj\u0105c w tym celu ponad 650 dron\u00f3w, w wi\u0119kszo\u015bci typu Shahed.<\/p>\n<p>\u00a0<\/p>\n<p>&#8211; Rosjanie po raz kolejny pokazali, kim naprawd\u0119 s\u0105. Pot\u0119\u017cny ostrza\u0142, setki Shahed\u00f3w, pociski balistyczne, ataki Kin\u017ca\u0142em, wszystko zosta\u0142o wykorzystane \u2013 m\u00f3wi\u0142 ukrai\u0144ski prezydent.<\/p>\n<p>\u00a0<\/p>\n<p>ZOBACZ: <a href=\"https:\/\/www.polsatnews.pl\/wiadomosc\/2025-12-24\/to-okazja-do-przebaczenia-prymas-polski-z-waznym-apelem-do-wiernych-przed-swietami\/\" rel=\"nofollow noopener\" target=\"_blank\">&#8222;To okazja do przebaczenia&#8221;. Prymas Polski z wa\u017cnym apelem do wiernych przed \u015bwi\u0119tami<\/a><\/p>\n<p>\u00a0<\/p>\n<p>&#8211; Tak atakuj\u0105 bezbo\u017cni. Tak post\u0119puj\u0105 ci, kt\u00f3rzy nie maj\u0105 absolutnie nic wsp\u00f3lnego z chrze\u015bcija\u0144stwem ani z cz\u0142owiecze\u0144stwem. Ale trzymamy si\u0119 i wspieramy nawzajem. A dzi\u015b modlimy si\u0119 za wszystkich na linii frontu, \u017ceby wr\u00f3cili \u017cywi. Za wszystkich w niewoli, \u017ceby wr\u00f3cili do domu. Za wszystkich naszych poleg\u0142ych bohater\u00f3w, kt\u00f3rzy bronili Ukrainy kosztem \u017cycia &#8211; zapewni\u0142.<\/p>\n<p>\u00a0<\/p>\n<p>Mimo trwaj\u0105cej agresji Rosji, ukrai\u0144ski przyw\u00f3dca zapewni\u0142 o jedno\u015bci i wierze rodak\u00f3w.<\/p>\n<p>\u00a0<\/p>\n<p>&#8211; Pomimo ca\u0142ego cierpienia, jakie przynios\u0142a Rosja, nie jest ona w stanie okupowa\u0107 ani bombardowa\u0107 tego, co najwa\u017cniejsze. To nasze ukrai\u0144skie serca, nasza wiara w siebie nawzajem i nasza jedno\u015b\u0107 &#8211; powiedzia\u0142.<\/p>\n<p>\u00a0<\/p>\n<p>Widzia\u0142e\u015b co\u015b wa\u017cnego? Przy\u015blij zdj\u0119cie, film lub napisz, co si\u0119 sta\u0142o. Skorzystaj z naszej <a href=\"https:\/\/www.polsatnews.pl\/platforma-widzow\/\" target=\"_blank\" rel=\"noopener noreferrer nofollow\">Wrzutni<\/a><\/p>\n<p>                <a class=\"news__read-more-button\" href=\"https:\/\/www.polsatnews.pl\/\" rel=\"nofollow noopener\" target=\"_blank\">Czytaj wi\u0119cej<\/a><\/p>\n","protected":false},"excerpt":{"rendered":"24 lutego min\u0105 4 lata od pocz\u0105tku pe\u0142noskalowej rosyjskiej inwazji na Ukrain\u0119. Ukrai\u0144ski prezydent m\u00f3wi\u0142 w \u015bwi\u0105tecznym przem\u00f3wieniu&hellip;\n","protected":false},"author":2,"featured_media":169414,"comment_status":"","ping_status":"","sticky":false,"template":"","format":"standard","meta":{"footnotes":""},"categories":[14],"tags":[32,33,27,34,35,28,31,25,40,41,80,29,30,26,82,83,84],"class_list":{"0":"post-169413","1":"post","2":"type-post","3":"status-publish","4":"format-standard","5":"has-post-thumbnail","7":"category-swiat","8":"tag-breaking-news","9":"tag-breakingnews","10":"tag-headlines","11":"tag-latest-news","12":"tag-latestnews","13":"tag-naglowki","14":"tag-najwazniejsze-artykuly","15":"tag-news","16":"tag-polish","17":"tag-polski","18":"tag-swiat","19":"tag-top-stories","20":"tag-topstories","21":"tag-wiadomosci","22":"tag-world","23":"tag-world-news","24":"tag-worldnews"},"share_on_mastodon":{"url":"https:\/\/pubeurope.com\/@pl\/115776643736673380","error":""},"_links":{"self":[{"href":"https:\/\/www.europesays.com\/pl\/wp-json\/wp\/v2\/posts\/169413","targetHints":{"allow":["GET"]}}],"collection":[{"href":"https:\/\/www.europesays.com\/pl\/wp-json\/wp\/v2\/posts"}],"about":[{"href":"https:\/\/www.europesays.com\/pl\/wp-json\/wp\/v2\/types\/post"}],"author":[{"embeddable":true,"href":"https:\/\/www.europesays.com\/pl\/wp-json\/wp\/v2\/users\/2"}],"replies":[{"embeddable":true,"href":"https:\/\/www.europesays.com\/pl\/wp-json\/wp\/v2\/comments?post=169413"}],"version-history":[{"count":0,"href":"https:\/\/www.europesays.com\/pl\/wp-json\/wp\/v2\/posts\/169413\/revisions"}],"wp:featuredmedia":[{"embeddable":true,"href":"https:\/\/www.europesays.com\/pl\/wp-json\/wp\/v2\/media\/169414"}],"wp:attachment":[{"href":"https:\/\/www.europesays.com\/pl\/wp-json\/wp\/v2\/media?parent=169413"}],"wp:term":[{"taxonomy":"category","embeddable":true,"href":"https:\/\/www.europesays.com\/pl\/wp-json\/wp\/v2\/categories?post=169413"},{"taxonomy":"post_tag","embeddable":true,"href":"https:\/\/www.europesays.com\/pl\/wp-json\/wp\/v2\/tags?post=169413"}],"curies":[{"name":"wp","href":"https:\/\/api.w.org\/{rel}","templated":true}]}}