{"id":169423,"date":"2025-12-24T21:32:08","date_gmt":"2025-12-24T21:32:08","guid":{"rendered":"https:\/\/www.europesays.com\/pl\/169423\/"},"modified":"2025-12-24T21:32:08","modified_gmt":"2025-12-24T21:32:08","slug":"donald-trump-odwoluje-ambasadorow-demokraci-reaguja-bezprecedensowy-krok","status":"publish","type":"post","link":"https:\/\/www.europesays.com\/pl\/169423\/","title":{"rendered":"Donald Trump odwo\u0142uje ambasador\u00f3w. Demokraci reaguj\u0105. &#8222;Bezprecedensowy krok&#8221;"},"content":{"rendered":"<ul class=\"UnorderedList_container__nmfSl\">\n<li class=\"UnorderedList_listElement__Py7xi\" data-id=\"ai-summary-link\">Du\u017co czytania, a ma\u0142o czasu? Sprawd\u017a\u00a0skr\u00f3t\u00a0artyku\u0142u<\/li>\n<\/ul>\n<p class=\"Paragraph_desktopParagraph__U31Gm\">Dziesi\u0119ciu przedstawicieli Demokrat\u00f3w w komisji spraw zagranicznych w li\u015bcie do Trumpa uzna\u0142o ten krok jego administracji za &#8222;bezprecedensowy&#8221;. Zauwa\u017cyli te\u017c, \u017ce obecnie nie nie ma plan\u00f3w, by odwo\u0142anych dyplomat\u00f3w zast\u0105pi\u0107 wykwalifikowanymi kandydatami.<\/p>\n<p class=\"Paragraph_desktopParagraph__U31Gm\">W li\u015bcie cytowanym przez Reutersa senatorzy zaznaczyli, \u017ce lista wolnych stanowisk ambasadorskich przekroczy\u0142a tym samym 100.<\/p>\n<p class=\"Paragraph_desktopParagraph__U31Gm\">Departament Stanu oraz Bia\u0142y Dom dot\u0105d nie skomentowa\u0142y tego listu.<\/p>\n<p class=\"VideoPlayerText_videoPlayerText__iDwyz\">Dalszy ci\u0105g materia\u0142u pod wideo<\/p>\n<ul class=\"OchatFollowUps_wrapper__1ry7X\">\n<li class=\"OchatFollowUps_item__Dhyly OchatFollowUps_itemDesktop__R6aBv\">Dlaczego senatorzy Partii Demokratycznej wezwali Trumpa do cofni\u0119cia decyzji?<\/li>\n<li class=\"OchatFollowUps_item__Dhyly OchatFollowUps_itemDesktop__R6aBv\">Ile ambasador\u00f3w zosta\u0142o odwo\u0142anych przez administracj\u0119 Trumpa?<\/li>\n<li class=\"OchatFollowUps_item__Dhyly OchatFollowUps_itemDesktop__R6aBv\">Jakie kontynenty dotkn\u0119\u0142y odwo\u0142ania dyplomat\u00f3w?<\/li>\n<li class=\"OchatFollowUps_item__Dhyly OchatFollowUps_itemDesktop__R6aBv\">Co m\u00f3wi Departament Stanu na temat zmian w dyplomacji?<\/li>\n<\/ul>\n<p>Administracja Trumpa odwo\u0142uje niemal 30 ambasador\u00f3w <\/p>\n<p class=\"Paragraph_desktopParagraph__U31Gm\">Agencja AP poinformowa\u0142a w niedziel\u0119, \u017ce Departament Stanu odwo\u0142uje prawie 30 dyplomat\u00f3w z ambasadorskich i innych wysokich stanowisk w ambasadach na kilku kontynentach, d\u0105\u017c\u0105c do przekszta\u0142cenia ameryka\u0144skiej dyplomacji za granic\u0105 w personel w pe\u0142ni popieraj\u0105cy priorytety Trumpa w ramach strategii &#8222;Ameryka przede wszystkim&#8221; (&#8222;America First&#8221;).<\/p>\n<p class=\"Paragraph_desktopParagraph__U31Gm\">Resort odm\u00f3wi\u0142 komentarza na temat konkretnych liczb i ambasador\u00f3w, ale broni\u0142 zmian, nazywaj\u0105c je &#8222;standardow\u0105 procedur\u0105 w ka\u017cdej administracji&#8221;. Zaznaczy\u0142, \u017ce ambasadorzy s\u0105 osobistymi przedstawicielami prezydenta i &#8222;prezydent ma prawo zapewni\u0107, \u017ce w tych krajach przebywaj\u0105 osoby, kt\u00f3re promuj\u0105 agend\u0119 \u00bbAmeryka przede wszystkim\u00ab&#8221;.<\/p>\n<p class=\"Paragraph_desktopParagraph__U31Gm\">Wed\u0142ug \u017ar\u00f3de\u0142 AP najwi\u0119cej dyplomat\u00f3w odwo\u0142ano z Afryki \u2014 \u0142\u0105cznie z 13 kraj\u00f3w. Drugim kontynentem jest Azja, gdzie zmiany ambasador\u00f3w dotycz\u0105 sze\u015bciu kraj\u00f3w.<\/p>\n<p class=\"Paragraph_desktopParagraph__U31Gm\">Dymisje dotycz\u0105 ponadto m.in. czterech kraj\u00f3w w Europie (Armenii, Macedonii, Czarnog\u00f3ry i S\u0142owacji), dw\u00f3ch na Bliskim Wschodzie (Algierii i Egiptu), a tak\u017ce Nepalu, Sri Lanki, Gwatemali i Surinamu.<\/p>\n","protected":false},"excerpt":{"rendered":"Du\u017co czytania, a ma\u0142o czasu? Sprawd\u017a\u00a0skr\u00f3t\u00a0artyku\u0142u Dziesi\u0119ciu przedstawicieli Demokrat\u00f3w w komisji spraw zagranicznych w li\u015bcie do Trumpa uzna\u0142o&hellip;\n","protected":false},"author":2,"featured_media":169424,"comment_status":"","ping_status":"","sticky":false,"template":"","format":"standard","meta":{"footnotes":""},"categories":[14],"tags":[32,33,58,27,67,34,35,28,31,53,25,52,68,51,55,40,41,47,59,80,29,30,50,26,82,83,84],"class_list":{"0":"post-169423","1":"post","2":"type-post","3":"status-publish","4":"format-standard","5":"has-post-thumbnail","7":"category-swiat","8":"tag-breaking-news","9":"tag-breakingnews","10":"tag-donald_trump_prezydent_usa","11":"tag-headlines","12":"tag-intextvideo_splayer","13":"tag-latest-news","14":"tag-latestnews","15":"tag-naglowki","16":"tag-najwazniejsze-artykuly","17":"tag-new_header","18":"tag-news","19":"tag-onet3","20":"tag-onet3d","21":"tag-onet3d_2i","22":"tag-phx","23":"tag-polish","24":"tag-polski","25":"tag-screening_general","26":"tag-stany_zjednoczone_usa","27":"tag-swiat","28":"tag-top-stories","29":"tag-topstories","30":"tag-v2021","31":"tag-wiadomosci","32":"tag-world","33":"tag-world-news","34":"tag-worldnews"},"share_on_mastodon":{"url":"https:\/\/pubeurope.com\/@pl\/115776687010123068","error":""},"_links":{"self":[{"href":"https:\/\/www.europesays.com\/pl\/wp-json\/wp\/v2\/posts\/169423","targetHints":{"allow":["GET"]}}],"collection":[{"href":"https:\/\/www.europesays.com\/pl\/wp-json\/wp\/v2\/posts"}],"about":[{"href":"https:\/\/www.europesays.com\/pl\/wp-json\/wp\/v2\/types\/post"}],"author":[{"embeddable":true,"href":"https:\/\/www.europesays.com\/pl\/wp-json\/wp\/v2\/users\/2"}],"replies":[{"embeddable":true,"href":"https:\/\/www.europesays.com\/pl\/wp-json\/wp\/v2\/comments?post=169423"}],"version-history":[{"count":0,"href":"https:\/\/www.europesays.com\/pl\/wp-json\/wp\/v2\/posts\/169423\/revisions"}],"wp:featuredmedia":[{"embeddable":true,"href":"https:\/\/www.europesays.com\/pl\/wp-json\/wp\/v2\/media\/169424"}],"wp:attachment":[{"href":"https:\/\/www.europesays.com\/pl\/wp-json\/wp\/v2\/media?parent=169423"}],"wp:term":[{"taxonomy":"category","embeddable":true,"href":"https:\/\/www.europesays.com\/pl\/wp-json\/wp\/v2\/categories?post=169423"},{"taxonomy":"post_tag","embeddable":true,"href":"https:\/\/www.europesays.com\/pl\/wp-json\/wp\/v2\/tags?post=169423"}],"curies":[{"name":"wp","href":"https:\/\/api.w.org\/{rel}","templated":true}]}}