{"id":169439,"date":"2025-12-24T21:41:10","date_gmt":"2025-12-24T21:41:10","guid":{"rendered":"https:\/\/www.europesays.com\/pl\/169439\/"},"modified":"2025-12-24T21:41:10","modified_gmt":"2025-12-24T21:41:10","slug":"lotwa-wydala-zakaz-wjazdu-dla-14-rosyjskich-sportowcow-tuz-przed-pucharem-swiata-przeglad-sportowy-onet","status":"publish","type":"post","link":"https:\/\/www.europesays.com\/pl\/169439\/","title":{"rendered":"\u0141otwa wyda\u0142a zakaz wjazdu dla 14 rosyjskich sportowc\u00f3w. Tu\u017c przed Pucharem \u015awiata &#8211; Przegl\u0105d Sportowy Onet"},"content":{"rendered":"<ol>\n<li><a href=\"https:\/\/news.google.com\/rss\/articles\/CBMi5wFBVV95cUxPY2w4T0Y1WVkyWXU5REZLZ0VVWERrSTduS0xTdnV0d1A4LXR6WVR3d0VueldtZ1Bzc3diSE1wYjVQazlpcjRqemxtSzZudjQwb2trckpOempUdGxmLTdkTzdzamxMN1N0UDdrc0NfRVl1ZWJ6c2tHbDB5bGJzS24ydkJBbU9aN05mdWVXd0k0bHRYUUJRR09rLUNuYTc1a19hOUtzTkdJVUVRQW1wMmR3a1VidHM4MHdXdE1Xc1RZWlZKb2lma1hxS0d1LVI4U2VwUE1XYWhmdl9KTEh5clhsVmhHeEIyVEE?oc=5\" target=\"_blank\" rel=\"nofollow noopener\">\u0141otwa wyda\u0142a zakaz wjazdu dla 14 rosyjskich sportowc\u00f3w. Tu\u017c przed Pucharem \u015awiata<\/a>&nbsp;&nbsp;Przegl\u0105d Sportowy Onet<\/li>\n<li><a href=\"https:\/\/news.google.com\/rss\/articles\/CBMihgJBVV95cUxPZm9kSE05MUJGcW5hYzV3dDM3eTliUUNnOHdzaWhjendsb05Fa0VVeDl2RGJkVnBZaGFaS3B6OVZjbThTWGxHM01BUVpsbUl6RDFhUXRSdnFwMWJaSkYtZDBqcWtRRFM4Mi03TkFzYmJpejlQYnNQMGhoeE1tLWxjXzFRZHhQVERFajNqZ2FKd3E0Nkl1V3UyZWRyOGotaVp2eFpIQ0VQSU9MNmowZ1RySno2M0tnN0lROUtOMWh6YXRManJtV09qc1dtU2hSN3dxeHhIcThyUElLZTlIbWx2bzdmcDJyVGs2UUtCZDRjQWt4QmNHV0RhZ2tFMm05Nzhfb2g2WGJR?oc=5\" target=\"_blank\" rel=\"nofollow noopener\">Rosjanie z zakazem wjazdu. Minister pozosta\u0142a nieugi\u0119ta<\/a>&nbsp;&nbsp;eurosport.tvn24.pl<\/li>\n<li><a href=\"https:\/\/news.google.com\/rss\/articles\/CBMivgFBVV95cUxPNGlhSzVzTzJ4SFNXSnI5bGRNSE40Y1RSZXVqZlVCMV9xZ1BESVVQY2ZnVzA5eU5XV2JBQkg1MkNwcWp5Q1d3WTdSMGNBdTRuLW5oejVmWEMtSnQzOHN0OGNZVzctSHhJZmlmSzRiZmlpVk1KR1ZxcjUtblA2TDBkTEJfRU5aemJSLVVzUnhlLTVHQ3VWbk9CWmoyZDdlazdLMk5JNzJwek5tcmpGWFNXSGRWQ3kxb1FWa2gtVEpR?oc=5\" target=\"_blank\" rel=\"nofollow noopener\">Nie chc\u0105 u siebie Rosjan. Wiadomo, kto trafi\u0142 na &#8222;list\u0119 os\u00f3b niepo\u017c\u0105danych&#8221;<\/a>&nbsp;&nbsp;SportoweFakty<\/li>\n<li><a href=\"https:\/\/news.google.com\/rss\/articles\/CBMiogFBVV95cUxPTnBPTFV1ZnRFLWJtWGthNWhRMTFLNlZTZng2bHRSb3dYcFhQeXR6dmU3cUpJVktwVkk1WGp4cGd2Z2xTZDNZWXUtTjdqaDlPREpYVkZwWEJ6cE1YMExVS25vWV9Pb2lLOGNhVjhnblVENDBrLUF0cTE1SVkwMk9nTVJ4TDlBdUVXNHlMbzNkcnRSX01iUzV5dzVST0oxZzlhU2c?oc=5\" target=\"_blank\" rel=\"nofollow noopener\">Rosyjskich sportowc\u00f3w nie wpuszczono na Puchar \u015awiata w saneczkarstwie w \u0141otwie<\/a>&nbsp;&nbsp;UA.NEWS<\/li>\n<li><a href=\"https:\/\/news.google.com\/rss\/articles\/CBMimAFBVV95cUxObk9qcGhMUmRoOGcyR2tXOW1Qa3RPeWVZMTQ0YmtJRFcybTdoZlBFVE8tb1NMQlNOUElTQ2t3bFhXc05rYlpTWlo1Z05vRkw4czAzNmRhb005a251ZVJGX0lzN0s4djYwcDFXYTVTMndvZ0RKMWZybTlIdU5HUHN5T1Y3cXMwbU1GbjNjWXl3VjhmdzlESk51RNIBngFBVV95cUxOOHotVmNVNDJ2ZVJwQ0haMmYtLUM3U0RvRDRkalNsM0REbGhJVFFYOVZaNVhadVNDMjRzUXA1WUtwX1lCNi1TdDNsMlF4Z0E2ZmJyWWw5RHBtSzJDc0FDbWJtdks5TEZnQ01wTmFJWHVBNkxtV0Z3czZ5MldyWi0za0tpSnRNWHNVSFB0Z2tMZWItaGJvaDkxaHJsUnc3QQ?oc=5\" target=\"_blank\" rel=\"nofollow noopener\">P\u015a w saneczkarstwie. Czternastu Rosjan z zakazem wjazdu na \u0141otw\u0119<\/a>&nbsp;&nbsp;sport.tvp.pl<\/li>\n<\/ol>\n","protected":false},"excerpt":{"rendered":"\u0141otwa wyda\u0142a zakaz wjazdu dla 14 rosyjskich sportowc\u00f3w. Tu\u017c przed Pucharem \u015awiata&nbsp;&nbsp;Przegl\u0105d Sportowy Onet Rosjanie z zakazem wjazdu.&hellip;\n","protected":false},"author":2,"featured_media":169440,"comment_status":"","ping_status":"","sticky":false,"template":"","format":"standard","meta":{"footnotes":""},"categories":[5],"tags":[33353,32,33,36,37,27,67,34,35,28,31,25,42,38,40,39,41,136,128,19346,47,135,29,30,26,130],"class_list":{"0":"post-169439","1":"post","2":"type-post","3":"status-publish","4":"format-standard","5":"has-post-thumbnail","7":"category-naglowki","8":"tag-bobsleje_i_sanki","9":"tag-breaking-news","10":"tag-breakingnews","11":"tag-featured-news","12":"tag-featurednews","13":"tag-headlines","14":"tag-intextvideo_splayer","15":"tag-latest-news","16":"tag-latestnews","17":"tag-naglowki","18":"tag-najwazniejsze-artykuly","19":"tag-news","20":"tag-pl","21":"tag-poland","22":"tag-polish","23":"tag-polska","24":"tag-polski","25":"tag-ps_detal_new","26":"tag-psv2","27":"tag-saneczkarstwo","28":"tag-screening_general","29":"tag-sport_sport","30":"tag-top-stories","31":"tag-topstories","32":"tag-wiadomosci","33":"tag-wiadomosci_sportowe"},"share_on_mastodon":{"url":"https:\/\/pubeurope.com\/@pl\/115776722365554911","error":""},"_links":{"self":[{"href":"https:\/\/www.europesays.com\/pl\/wp-json\/wp\/v2\/posts\/169439","targetHints":{"allow":["GET"]}}],"collection":[{"href":"https:\/\/www.europesays.com\/pl\/wp-json\/wp\/v2\/posts"}],"about":[{"href":"https:\/\/www.europesays.com\/pl\/wp-json\/wp\/v2\/types\/post"}],"author":[{"embeddable":true,"href":"https:\/\/www.europesays.com\/pl\/wp-json\/wp\/v2\/users\/2"}],"replies":[{"embeddable":true,"href":"https:\/\/www.europesays.com\/pl\/wp-json\/wp\/v2\/comments?post=169439"}],"version-history":[{"count":0,"href":"https:\/\/www.europesays.com\/pl\/wp-json\/wp\/v2\/posts\/169439\/revisions"}],"wp:featuredmedia":[{"embeddable":true,"href":"https:\/\/www.europesays.com\/pl\/wp-json\/wp\/v2\/media\/169440"}],"wp:attachment":[{"href":"https:\/\/www.europesays.com\/pl\/wp-json\/wp\/v2\/media?parent=169439"}],"wp:term":[{"taxonomy":"category","embeddable":true,"href":"https:\/\/www.europesays.com\/pl\/wp-json\/wp\/v2\/categories?post=169439"},{"taxonomy":"post_tag","embeddable":true,"href":"https:\/\/www.europesays.com\/pl\/wp-json\/wp\/v2\/tags?post=169439"}],"curies":[{"name":"wp","href":"https:\/\/api.w.org\/{rel}","templated":true}]}}