{"id":169454,"date":"2025-12-24T21:50:10","date_gmt":"2025-12-24T21:50:10","guid":{"rendered":"https:\/\/www.europesays.com\/pl\/169454\/"},"modified":"2025-12-24T21:50:10","modified_gmt":"2025-12-24T21:50:10","slug":"vanessa-aleksander-12-lat-temu-wygl%c2%b1da%c2%b3a-zupe%c2%b3nie-inaczej-archiwalne-zdjecia-obieg%c2%b3y-sieae","status":"publish","type":"post","link":"https:\/\/www.europesays.com\/pl\/169454\/","title":{"rendered":"Vanessa Aleksander 12 lat temu wygl\u00b1da\u00b3a zupe\u00b3nie inaczej. Archiwalne zdj\u00eacia obieg\u00b3y sie\u00e6"},"content":{"rendered":"<p class=\"art_paragraph\">Zaskakuj\u0105ce zwyci\u0119stwo w &#8222;<a href=\"https:\/\/www.plotek.pl\/taniec-z-gwiazdami\" class=\"art_link\" rel=\"nofollow noopener\" target=\"_blank\">Ta\u0144cu z gwiazdami<\/a>&#8221; sprawi\u0142o, \u017ce o <a href=\"https:\/\/www.plotek.pl\/vanessa-aleksander\" class=\"art_link\" rel=\"nofollow noopener\" target=\"_blank\">Vanessie Aleksander<\/a> zrobi\u0142o si\u0119 g\u0142o\u015bno w ca\u0142ej Polsce. Cho\u0107 nie by\u0142a wymieniana w gronie g\u0142\u00f3wnych faworyt\u00f3w, to w\u0142a\u015bnie ona w 2024 roku si\u0119gn\u0119\u0142a po Kryszta\u0142ow\u0105 Kul\u0119, pokonuj\u0105c m.in. <a href=\"https:\/\/www.plotek.pl\/julia-zugaj\" class=\"art_link\" rel=\"nofollow noopener\" target=\"_blank\">Juli\u0119 \u017bugaj<\/a> i <a href=\"https:\/\/www.plotek.pl\/maciej-zakoscielny\" class=\"art_link\" rel=\"nofollow noopener\" target=\"_blank\">Macieja Zako\u015bcielnego<\/a>. Wygrana w programie prze\u0142o\u017cy\u0142a si\u0119 na ogromne zainteresowanie jej osob\u0105. Fani zacz\u0119li przegl\u0105da\u0107 archiwalne zdj\u0119cia aktorki w mediach spo\u0142eczno\u015bciowych i dotarli do fotografii sprzed lat. Jak bardzo si\u0119 zmieni\u0142a?<\/p>\n<p>\n    Zobacz wideo Pavlovi\u0107 komentuje wygran\u0105 Aleksander. Zdradza pow\u00f3d zwyci\u0119stwa\n  <\/p>\n<p> Vanessa Aleksander 12 lat temu wygl\u0105da\u0142a zupe\u0142nie inaczej. Zobaczcie archiwalne zdj\u0119cia zwyci\u0119\u017cczyni &#8222;Ta\u0144ca z gwiazdami&#8221;<\/p>\n<p class=\"art_paragraph\">Na kadrach z 2013 roku Vanessa Aleksander wygl\u0105da zupe\u0142nie inaczej ni\u017c dzi\u015b &#8211; mia\u0142a d\u0142u\u017csze w\u0142osy i naturalny, ciemniejszy kolor. W\u00f3wczas by\u0142a szatynk\u0105, co sprawia\u0142o, \u017ce jeszcze bardziej przypomina\u0142a swoj\u0105 mam\u0119, <a href=\"https:\/\/www.plotek.pl\/renata-aleksander\" class=\"art_link\" rel=\"nofollow noopener\" target=\"_blank\">Renat\u0119<\/a> &#8211; \u0142y\u017cwiark\u0119 figurow\u0105 i by\u0142\u0105 jurork\u0119 programu &#8222;<a href=\"https:\/\/www.plotek.pl\/gwiazdy-tancza-na-lodzie\" class=\"art_link\" rel=\"dofollow noopener\" target=\"_blank\">Gwiazdy ta\u0144cz\u0105 na lodzie<\/a>&#8222;. Zdj\u0119cia Vanessy Aleksander sprzed 12 lat zobaczycie w naszej galerii:<\/p>\n<p class=\"gallery-open-button\">Vanessa Aleksander 12 lat temu wygl\u0105da\u0142a zupe\u0142nie inaczej<a href=\"#\" class=\"gallery-open-button__link gallery-open-button__link--version1\">Otw\u00f3rz galeri\u0119<\/a><\/p>\n<p class=\"art_paragraph\">Jak si\u0119 okazuje, Vanessa odziedziczy\u0142a po mamie (zobacz: <a href=\"https:\/\/www.plotek.pl\/najnowsze-plotki\/7,194210,31326992,vanessa-aleksander-ma-popularna-mame-widzowie-dobrze-ja-znaja.html\" class=\"art_link\" rel=\"dofollow noopener\" target=\"_blank\">Aleksander ma popularn\u0105 mam\u0119. Widzowie dobrze j\u0105 znaj\u0105 z innego programu<\/a>) tak\u017ce pasj\u0119 do sportu. Jako nastolatka ch\u0119tnie sp\u0119dza\u0142a czas na lodowisku, czym pochwali\u0142a si\u0119 w mediach spo\u0142eczno\u015bciowych. Mimo m\u0142odego wieku mia\u0142a ju\u017c wtedy za sob\u0105 aktorski debiut &#8211; w wieku 13 lat wyst\u0105pi\u0142a w spektaklu &#8222;\u015awiat Bastiana&#8221; w Teatrze Rampa. Jej zawodowa droga nabiera\u0142a tempa. W 2014 roku po raz pierwszy pojawi\u0142a si\u0119 w produkcji telewizyjnej, wyst\u0119puj\u0105c w serialu &#8222;<a href=\"https:\/\/www.plotek.pl\/ojciec-mateusz\" class=\"art_link\" rel=\"nofollow noopener\" target=\"_blank\">Ojciec Mateusz<\/a>&#8221; w 145. odcinku pt. &#8222;<a href=\"https:\/\/zakupy.avanti24.pl\/kurtki#anchorLink\" rel=\"nofollow noopener\" target=\"_blank\">Kurtka<\/a>&#8222;. W 2020 roku uko\u0144czy\u0142a warszawsk\u0105 Akademi\u0119 Teatraln\u0105, a nied\u0142ugo p\u00f3\u017aniej zosta\u0142a zaanga\u017cowana przez Jana Komas\u0119 do <a href=\"https:\/\/kultura.gazeta.pl\/kultura\/0,114438.html#anchorLink\" rel=\"nofollow noopener\" target=\"_blank\">filmu<\/a> &#8222;Sala samob\u00f3jc\u00f3w. Hejter&#8221;. Obecnie jest tak\u017ce jedn\u0105 z g\u0142\u00f3wnych aktorek w serialu &#8222;The Office. PL&#8221;.\u00a0\u00a0<\/p>\n<p> Vanessa Aleksander po finale &#8222;Ta\u0144ca z gwiazdami&#8221; prze\u017cywa\u0142a bardzo trudne chwile<\/p>\n<p class=\"art_paragraph\">Cho\u0107 to ona wygra\u0142a ostatni\u0105 edycj\u0119 programu, emocje nie opad\u0142y wraz z zej\u015bciem z parkietu.\u00a0Tu\u017c po og\u0142oszeniu wynik\u00f3w Aleksander nie by\u0142a jednak w stanie rozmawia\u0107 z mediami &#8211; zas\u0142ab\u0142a i potrzebowa\u0142a pomocy medycznej. Dopiero tydzie\u0144 p\u00f3\u017aniej pojawi\u0142a si\u0119 w programie &#8222;<a href=\"https:\/\/www.plotek.pl\/halo-tu-polsat\" class=\"art_link\" rel=\"nofollow noopener\" target=\"_blank\">halo tu polsat&#8221;<\/a>, gdzie opowiedzia\u0142a, jak wygl\u0105da jej codzienno\u015b\u0107 po zako\u0144czeniu intensywnych trening\u00f3w. Towarzyszy\u0142o jej poczucie pustki.<\/p>\n<p class=\"art_paragraph\"> Najtrudniejsze okaza\u0142o si\u0119 rozstanie z tanecznym partnerem, z kt\u00f3rym przez cztery miesi\u0105ce widywa\u0142a si\u0119 codziennie. Po finale odwiedzi\u0142a j\u0105 mama, kt\u00f3ra pomog\u0142a jej\u00a0upora\u0107 si\u0119 z\u00a0kwiatami i prezentami oraz udzieli\u0142a emocjonalnego wsparcia. &#8211; Jak do mnie dotar\u0142o, \u017ce to jest pierwszy dzie\u0144 po czterech miesi\u0105cach, kiedy nie b\u0119d\u0119 widzia\u0142a Micha\u0142a, to si\u0119 pop\u0142aka\u0142am &#8211; wyzna\u0142a Vanessa Aleksander. &#8211; Wi\u0119c moja mama nagra\u0142a mnie z ukrycia i wys\u0142a\u0142a to Michasowi &#8211; doda\u0142a.<\/p>\n","protected":false},"excerpt":{"rendered":"Zaskakuj\u0105ce zwyci\u0119stwo w &#8222;Ta\u0144cu z gwiazdami&#8221; sprawi\u0142o, \u017ce o Vanessie Aleksander zrobi\u0142o si\u0119 g\u0142o\u015bno w ca\u0142ej Polsce. Cho\u0107&hellip;\n","protected":false},"author":2,"featured_media":169455,"comment_status":"","ping_status":"","sticky":false,"template":"","format":"standard","meta":{"footnotes":""},"categories":[22],"tags":[122,42,38,40,39,41,123],"class_list":{"0":"post-169454","1":"post","2":"type-post","3":"status-publish","4":"format-standard","5":"has-post-thumbnail","7":"category-rozrywka","8":"tag-entertainment","9":"tag-pl","10":"tag-poland","11":"tag-polish","12":"tag-polska","13":"tag-polski","14":"tag-rozrywka"},"share_on_mastodon":{"url":"https:\/\/pubeurope.com\/@pl\/115776757630784280","error":""},"_links":{"self":[{"href":"https:\/\/www.europesays.com\/pl\/wp-json\/wp\/v2\/posts\/169454","targetHints":{"allow":["GET"]}}],"collection":[{"href":"https:\/\/www.europesays.com\/pl\/wp-json\/wp\/v2\/posts"}],"about":[{"href":"https:\/\/www.europesays.com\/pl\/wp-json\/wp\/v2\/types\/post"}],"author":[{"embeddable":true,"href":"https:\/\/www.europesays.com\/pl\/wp-json\/wp\/v2\/users\/2"}],"replies":[{"embeddable":true,"href":"https:\/\/www.europesays.com\/pl\/wp-json\/wp\/v2\/comments?post=169454"}],"version-history":[{"count":0,"href":"https:\/\/www.europesays.com\/pl\/wp-json\/wp\/v2\/posts\/169454\/revisions"}],"wp:featuredmedia":[{"embeddable":true,"href":"https:\/\/www.europesays.com\/pl\/wp-json\/wp\/v2\/media\/169455"}],"wp:attachment":[{"href":"https:\/\/www.europesays.com\/pl\/wp-json\/wp\/v2\/media?parent=169454"}],"wp:term":[{"taxonomy":"category","embeddable":true,"href":"https:\/\/www.europesays.com\/pl\/wp-json\/wp\/v2\/categories?post=169454"},{"taxonomy":"post_tag","embeddable":true,"href":"https:\/\/www.europesays.com\/pl\/wp-json\/wp\/v2\/tags?post=169454"}],"curies":[{"name":"wp","href":"https:\/\/api.w.org\/{rel}","templated":true}]}}