{"id":169687,"date":"2025-12-25T02:09:10","date_gmt":"2025-12-25T02:09:10","guid":{"rendered":"https:\/\/www.europesays.com\/pl\/169687\/"},"modified":"2025-12-25T02:09:10","modified_gmt":"2025-12-25T02:09:10","slug":"rewelacja-ekstraklasy-moze-trafic-do-giganta-w-grze-rekordowa-suma-przeglad-sportowy-onet","status":"publish","type":"post","link":"https:\/\/www.europesays.com\/pl\/169687\/","title":{"rendered":"Rewelacja Ekstraklasy mo\u017ce trafi\u0107 do giganta! W grze rekordowa suma &#8211; Przegl\u0105d Sportowy Onet"},"content":{"rendered":"<ol>\n<li><a href=\"https:\/\/news.google.com\/rss\/articles\/CBMiywFBVV95cUxNWFBoWTNlUXVaOVhrREVXTkFQSFQ4eHBNbXJCWFNwazB2MktJUDBKS0gteF9pTEhyUFFMNFlHdlZaMDlwWWJyOXBQdGx2LU9WalEwclhSQ3pQdmRqODZMR1RaZnVSLVR0OVFNcTZtdEtaeTBaVms1LU1jWFI0YVJCTEhBWDZHUnJpUFdBMmxNR0dRWXFyTExxb2stZnIyajZSX2kwVFhMaXM4WV9vZ0NJejg1VEUwQ1gwQXBnNm4tR2pyNGVOdVhORlFVbw?oc=5\" target=\"_blank\" rel=\"nofollow noopener\">Rewelacja Ekstraklasy mo\u017ce trafi\u0107 do giganta! W grze rekordowa suma<\/a>&nbsp;&nbsp;Przegl\u0105d Sportowy Onet<\/li>\n<li><a href=\"https:\/\/news.google.com\/rss\/articles\/CBMipAFBVV95cUxOblZTeDdjLXVteS03RGRwazZHOWxaeThLLVhId0lrRjhUc2M0cFZMUzh4VC01MzhZTmdhMzFtdFU5Mm0xRHRlZGtZV2NGNzhLSFVLT1lqV2RQeEh0d2xmbjBFMTluTklsUW1adlFHRzRKSWJocVU3SzFsdWNjT2dKYkJfelkzMGt2R3cxTUJLQkFlZFMwR2l2d0drSnYzWnJIOGVVVQ?oc=5\" target=\"_blank\" rel=\"nofollow noopener\">Media: Polak powiedzia\u0142 &#8222;tak&#8221;. Szykuje si\u0119 wielki transfer<\/a>&nbsp;&nbsp;SportoweFakty<\/li>\n<li><a href=\"https:\/\/news.google.com\/rss\/articles\/CBMirAFBVV95cUxOYXlkd0dtNjc1RkVLU3dic2xlc2RsZXgzTjhBTzZqLVZ5WHY4OXgxR0N3bHNjbmRlaW1QS1B2Y1g0djhOY0VkOGhLOFpULUllNjc0aUNxR3YtaDdLbVlPUlRLc21xbTFqUDZrLTNZZmJxUWFFQ1kxN0tZXzFUei1sLW1ra1luWUxGTG0ySUs5UGdTUXp6RmZNR0Z5UDEySlY5R0tTVmVhMlJ1MVhW?oc=5\" target=\"_blank\" rel=\"nofollow noopener\">To si\u0119 dzieje! Gigant idzie po Pietuszewskiego. Oto szczeg\u00f3\u0142y<\/a>&nbsp;&nbsp;Sport.pl<\/li>\n<li><a href=\"https:\/\/news.google.com\/rss\/articles\/CBMiygFBVV95cUxQOFVxdTNjcjJra01ZMEM1YkpFQ0JJVGIyRlRUWFc0M3cwNmRoQWRTOXU1bmUxNHI1TFBSdUdhYXcwREZWaVlpWDJOQ08xV2JqOEhjUkRCcjI5M0ZCQmxNY25Eb2hEb01QT3R6MWYteEZBNjJ1bEJNNlpjVUJyczdXSVVHUE5nRlFCTGFkN2NibXNKU215VWlUa0loRzZVZEh3Ynp4SEhlbkkweWRjeDJRclVvZG13Y0pER3pVWFRrTENwM0ZhZVVLZDV3?oc=5\" target=\"_blank\" rel=\"nofollow noopener\">Na takich zasadach Pietuszewski mo\u017ce trafi\u0107 do FC Porto. Z\u0142e wie\u015bci dla Jagiellonii<\/a>&nbsp;&nbsp;Meczyki.pl<\/li>\n<li><a href=\"https:\/\/news.google.com\/rss\/articles\/CBMiwgFBVV95cUxOYnY1LVVrZDNtS0daaFQ4cUVGb196UExsSDNhLUJwMFgxUWEtdFJOazZmeXVqSFZEc0E5VmFYWVFVVFl1aGlYS2ZLbVl4MnBIb3gwNU53cUlUdHJtWm10TTNuT1dqZ1dtbWJzNEphM2FsQnNVV1B3aVc0am1DNjFJdXA1R25mR1ZRWTF6N04wc2pOdW5KWkJ0LWZqR2JaMEpoQm5BZlBya3pJZ0syeDlIN0N1Yi1nTTMxVDRUajU2M1pjZw?oc=5\" target=\"_blank\" rel=\"nofollow noopener\">Tak\u0105 kwot\u0119 chce Jagiellonia Bia\u0142ystok za Oskara Pietuszewskiego? Czeka na odpowied\u017a<\/a>&nbsp;&nbsp;Transfery.info<\/li>\n<\/ol>\n","protected":false},"excerpt":{"rendered":"Rewelacja Ekstraklasy mo\u017ce trafi\u0107 do giganta! W grze rekordowa suma&nbsp;&nbsp;Przegl\u0105d Sportowy Onet Media: Polak powiedzia\u0142 &#8222;tak&#8221;. Szykuje si\u0119&hellip;\n","protected":false},"author":2,"featured_media":169688,"comment_status":"","ping_status":"","sticky":false,"template":"","format":"standard","meta":{"footnotes":""},"categories":[24],"tags":[274,5887,67,2477,5957,929,42,38,40,39,41,136,128,47,127,135,126,2817,130],"class_list":{"0":"post-169687","1":"post","2":"type-post","3":"status-publish","4":"format-standard","5":"has-post-thumbnail","7":"category-sport","8":"tag-ekstraklasa","9":"tag-fc_porto","10":"tag-intextvideo_splayer","11":"tag-jagiellonia_bialystok","12":"tag-oskar_pietuszewski","13":"tag-pawb","14":"tag-pl","15":"tag-poland","16":"tag-polish","17":"tag-polska","18":"tag-polski","19":"tag-ps_detal_new","20":"tag-psv2","21":"tag-screening_general","22":"tag-sport","23":"tag-sport_sport","24":"tag-sports","25":"tag-transfery","26":"tag-wiadomosci_sportowe"},"share_on_mastodon":{"url":"https:\/\/pubeurope.com\/@pl\/115777776011034833","error":""},"_links":{"self":[{"href":"https:\/\/www.europesays.com\/pl\/wp-json\/wp\/v2\/posts\/169687","targetHints":{"allow":["GET"]}}],"collection":[{"href":"https:\/\/www.europesays.com\/pl\/wp-json\/wp\/v2\/posts"}],"about":[{"href":"https:\/\/www.europesays.com\/pl\/wp-json\/wp\/v2\/types\/post"}],"author":[{"embeddable":true,"href":"https:\/\/www.europesays.com\/pl\/wp-json\/wp\/v2\/users\/2"}],"replies":[{"embeddable":true,"href":"https:\/\/www.europesays.com\/pl\/wp-json\/wp\/v2\/comments?post=169687"}],"version-history":[{"count":0,"href":"https:\/\/www.europesays.com\/pl\/wp-json\/wp\/v2\/posts\/169687\/revisions"}],"wp:featuredmedia":[{"embeddable":true,"href":"https:\/\/www.europesays.com\/pl\/wp-json\/wp\/v2\/media\/169688"}],"wp:attachment":[{"href":"https:\/\/www.europesays.com\/pl\/wp-json\/wp\/v2\/media?parent=169687"}],"wp:term":[{"taxonomy":"category","embeddable":true,"href":"https:\/\/www.europesays.com\/pl\/wp-json\/wp\/v2\/categories?post=169687"},{"taxonomy":"post_tag","embeddable":true,"href":"https:\/\/www.europesays.com\/pl\/wp-json\/wp\/v2\/tags?post=169687"}],"curies":[{"name":"wp","href":"https:\/\/api.w.org\/{rel}","templated":true}]}}