{"id":169888,"date":"2025-12-25T08:09:09","date_gmt":"2025-12-25T08:09:09","guid":{"rendered":"https:\/\/www.europesays.com\/pl\/169888\/"},"modified":"2025-12-25T08:09:09","modified_gmt":"2025-12-25T08:09:09","slug":"tak-wyglada-corka-kim-dzong-una-pojawil-sie-z-nia-publicznie","status":"publish","type":"post","link":"https:\/\/www.europesays.com\/pl\/169888\/","title":{"rendered":"Tak wygl\u0105da c\u00f3rka Kim Dzong Una. Pojawi\u0142 si\u0119 z ni\u0105 publicznie"},"content":{"rendered":"<p>Najwa\u017cniejsze informacje:<\/p>\n<ul>\n<li>Kim Dzong Un nadzorowa\u0142 budow\u0119 atomowego okr\u0119tu podwodnego wraz z\u00a0c\u00f3rk\u0105 Kim Dzu Ae.<\/li>\n<li>Przy tej okazji przeprowadzono test rakiet dalekiego zasi\u0119gu.<\/li>\n<li>Test rakietowy zako\u0144czy\u0142 si\u0119 trafieniem cel\u00f3w oddalonych o\u00a0200 km.<\/li>\n<\/ul>\n<p>Kim Dzong Un ponownie pojawi\u0142 si\u0119 publicznie z\u00a0c\u00f3rk\u0105 Kim Dzu Ae, potencjaln\u0105 nast\u0119pczyni\u0105 przyw\u00f3dcy Korei P\u00f3\u0142nocnej. Wsp\u00f3lnie nadzorowali budow\u0119 okr\u0119tu podwodnego nap\u0119dzanego energi\u0105 atomow\u0105.<\/p>\n<p>R\u00f3zgi i\u00a0prezenty dla polityk\u00f3w. Tak odpowiedzieli Polacy <\/p>\n<p>&#8211; Najpot\u0119\u017cniejsza si\u0142a ofensywna naszej obrony jest najlepsz\u0105 tarcz\u0105 bezpiecze\u0144stwa narodowego &#8211;\u00a0mia\u0142 stwierdzi\u0107 Kim Dzong Un podczas inspekcji. Kim Dzu Ae jest jedynym dzieckiem pojawiaj\u0105cym si\u0119 publicznie, co spekuluje, \u017ce Kim przygotowuje j\u0105 do przej\u0119cia w\u0142adzy.<\/p>\n<p>W \u015brod\u0119 Kim Dzong Un uczestniczy\u0142 r\u00f3wnie\u017c w\u00a0testach rakietowych dalekiego zasi\u0119gu na wschodnim wybrze\u017cu kraju. Po\u0142\u0105czone Sztaby Si\u0142 Zbrojnych Korei Po\u0142udniowej potwierdzi\u0142y odbycie si\u0119 test\u00f3w o\u00a0godz. 17 czasu lokalnego, co poda\u0142a agencja Yonhap. &#8222;Testy rakietowe zako\u0144czy\u0142y si\u0119 zniszczeniem cel\u00f3w znajduj\u0105cych si\u0119 w\u00a0powietrzu, oddalonych o\u00a0200 km&#8221; &#8211;\u00a0informowa\u0142a p\u00f3\u0142nocnokorea\u0144ska agencja KCNA.<\/p>\n<p>Po\u0142udniowokorea\u0144skie wojsko by\u0142o \u015bwiadome przygotowa\u0144 do wystrzelenia rakiety i\u00a0by\u0142y na to przygotowane. Obecno\u015b\u0107 Kim Dzong Una z\u00a0c\u00f3rk\u0105 na publicznych wydarzeniach wskazuje na stopniowe budowanie jej pozycji w\u00a0oczach \u017co\u0142nierzy i\u00a0obywateli Korei P\u00f3\u0142nocnej.<\/p>\n<p>\u0179r\u00f3d\u0142o: Reuters, TVN24<\/p>\n","protected":false},"excerpt":{"rendered":"Najwa\u017cniejsze informacje: Kim Dzong Un nadzorowa\u0142 budow\u0119 atomowego okr\u0119tu podwodnego wraz z\u00a0c\u00f3rk\u0105 Kim Dzu Ae. Przy tej okazji&hellip;\n","protected":false},"author":2,"featured_media":169889,"comment_status":"","ping_status":"","sticky":false,"template":"","format":"standard","meta":{"footnotes":""},"categories":[14],"tags":[32,33,27,34,35,28,31,25,40,41,80,29,30,26,82,83,84],"class_list":{"0":"post-169888","1":"post","2":"type-post","3":"status-publish","4":"format-standard","5":"has-post-thumbnail","7":"category-swiat","8":"tag-breaking-news","9":"tag-breakingnews","10":"tag-headlines","11":"tag-latest-news","12":"tag-latestnews","13":"tag-naglowki","14":"tag-najwazniejsze-artykuly","15":"tag-news","16":"tag-polish","17":"tag-polski","18":"tag-swiat","19":"tag-top-stories","20":"tag-topstories","21":"tag-wiadomosci","22":"tag-world","23":"tag-world-news","24":"tag-worldnews"},"share_on_mastodon":{"url":"https:\/\/pubeurope.com\/@pl\/115779191722151971","error":""},"_links":{"self":[{"href":"https:\/\/www.europesays.com\/pl\/wp-json\/wp\/v2\/posts\/169888","targetHints":{"allow":["GET"]}}],"collection":[{"href":"https:\/\/www.europesays.com\/pl\/wp-json\/wp\/v2\/posts"}],"about":[{"href":"https:\/\/www.europesays.com\/pl\/wp-json\/wp\/v2\/types\/post"}],"author":[{"embeddable":true,"href":"https:\/\/www.europesays.com\/pl\/wp-json\/wp\/v2\/users\/2"}],"replies":[{"embeddable":true,"href":"https:\/\/www.europesays.com\/pl\/wp-json\/wp\/v2\/comments?post=169888"}],"version-history":[{"count":0,"href":"https:\/\/www.europesays.com\/pl\/wp-json\/wp\/v2\/posts\/169888\/revisions"}],"wp:featuredmedia":[{"embeddable":true,"href":"https:\/\/www.europesays.com\/pl\/wp-json\/wp\/v2\/media\/169889"}],"wp:attachment":[{"href":"https:\/\/www.europesays.com\/pl\/wp-json\/wp\/v2\/media?parent=169888"}],"wp:term":[{"taxonomy":"category","embeddable":true,"href":"https:\/\/www.europesays.com\/pl\/wp-json\/wp\/v2\/categories?post=169888"},{"taxonomy":"post_tag","embeddable":true,"href":"https:\/\/www.europesays.com\/pl\/wp-json\/wp\/v2\/tags?post=169888"}],"curies":[{"name":"wp","href":"https:\/\/api.w.org\/{rel}","templated":true}]}}