{"id":170021,"date":"2025-12-25T09:37:22","date_gmt":"2025-12-25T09:37:22","guid":{"rendered":"https:\/\/www.europesays.com\/pl\/170021\/"},"modified":"2025-12-25T09:37:22","modified_gmt":"2025-12-25T09:37:22","slug":"chce-reprezentowac-polske-jest-blokowany-sportowefakty","status":"publish","type":"post","link":"https:\/\/www.europesays.com\/pl\/170021\/","title":{"rendered":"Chce reprezentowa\u0107 Polsk\u0119. Jest blokowany &#8211; SportoweFakty"},"content":{"rendered":"<ol>\n<li><a href=\"https:\/\/news.google.com\/rss\/articles\/CBMiowFBVV95cUxOWjlXdURkY0lOX09VVHFfbFpvUnNpckhtYmVYeEV1SFRwdHkzcDVxWFphajRRalVNTEJzWjRLenRYY1dqY1cyRmhxN0ppV1ZOcmlZQ2NfTHZsa0F6Ni1aTmY4NFhqOWpPN2JNRHpDclFSR2JZS0NsUUNnTHFDU1hYS1NSSVoteTlWbEhIRFNybmZ0X0N0YXNVU1BEb2pQMFloQnNF?oc=5\" target=\"_blank\" rel=\"nofollow noopener\">Chce reprezentowa\u0107 Polsk\u0119. Jest blokowany<\/a>&nbsp;&nbsp;SportoweFakty<\/li>\n<li><a href=\"https:\/\/news.google.com\/rss\/articles\/CBMinwFBVV95cUxNNXZ4QkNfUFVzTUEyVkhtTV93YUotSzB0b2FNWHMya21VaU00bTdfUEFxV3NZYnprV19JdWFyYVBfV2pCMjVsa19ramk5TkhZS0lmakh6VnZybnJGRXdOM2ZZaC1vdmFvZkMzYVZVMG1KMGhIYW9faXVxRjlpVERnT2ZtNTYtN2dYWFRqUnpxRzN4SmFTems2UWE4QWNDWEk?oc=5\" target=\"_blank\" rel=\"nofollow noopener\">Media: szykuje si\u0119 sensacyjny transfer. Mistrz \u015bwiata zagra w Polsce<\/a>&nbsp;&nbsp;SportoweFakty<\/li>\n<li><a href=\"https:\/\/news.google.com\/rss\/articles\/CBMisgFBVV95cUxQbjd2Zlg3ejdoTUtKVGt4TGJQQmcwU0NDVVFTc1pydjMxMHdZVWw1eDJYUFZlSFJpajFCTU84VTlMdmd0bUtzWmxIcmd2MklWR0JrYzJOT0VwSDVnWVJaQVYzQ2wxZ2dET1paeUk3OS0wcElQM2VtSWN3cFB1QXRvZjVHTGJ5UE1FWXUzUkJZRy1oVkFvMFVmWVBubXllQkFXd015SU1LRlZ5aG1uNENlT21B?oc=5\" target=\"_blank\" rel=\"nofollow noopener\">Gwiazdor Perugii wr\u00f3ci do PlusLigi? PGE Projekt o krok od hitu transferowego!<\/a>&nbsp;&nbsp;www.polsatsport.pl<\/li>\n<li><a href=\"https:\/\/news.google.com\/rss\/articles\/CBMi0gFBVV95cUxOWGFzZWZfMWNmYVhobmw2eUxHbURpSUFkUDJXZzJmR3k4ckQzZzk1WkRaMURvMm5Sb1Y5QThrdkcwN1ZvYl9aYndtQUhieGtYSG1iVmJNNW8zdTZveDRmVVBlQjVXMDJDLXd1UFdMTmxUcy1kQmNFdFBwRHZSSHNWZEh5NV9sQVRoeE5tZ0VnQUlLRlZzbUJSVUQzYXhfbldFYmt0QzBwMkNOVnlYazl4cDdVSkVxaGRTS3NTdTYxMGdIXzhQNDI2a3E5eGpDVDlUWXc?oc=5\" target=\"_blank\" rel=\"nofollow noopener\">Gwiazdor siatk\u00f3wki chce gra\u0107 jako Polak. PZPS ju\u017c pom\u00f3g\u0142, impas trwa<\/a>&nbsp;&nbsp;Sport w INTERIA.PL<\/li>\n<li><a href=\"https:\/\/news.google.com\/rss\/articles\/CBMilwFBVV95cUxOc3lRazB4Z093R2JNbzl6SHk1Wlc4bUtYajYtaWxlUk9BUXVNQk1QWV9mMHZTQkpZR2M3R3BSaDdWTW52SEpZenhzLWpES2ZZcUI1UzFPaDhfSDJPM1ZZZHl0bGNqajYwUEJna01rU2RyN0tEZTVXVmc0MEFsSTJ0dkUzRGtuNXZzaV83OFRyak1iMVlVVm5J?oc=5\" target=\"_blank\" rel=\"nofollow noopener\">B\u0119dzie wielki powr\u00f3t do PlusLigi? Atakuj\u0105cy na celowniku topowych klub\u00f3w!<\/a>&nbsp;&nbsp;Strefa Siatk\u00f3wki<\/li>\n<\/ol>\n","protected":false},"excerpt":{"rendered":"Chce reprezentowa\u0107 Polsk\u0119. Jest blokowany&nbsp;&nbsp;SportoweFakty Media: szykuje si\u0119 sensacyjny transfer. Mistrz \u015bwiata zagra w Polsce&nbsp;&nbsp;SportoweFakty Gwiazdor Perugii wr\u00f3ci&hellip;\n","protected":false},"author":2,"featured_media":170022,"comment_status":"","ping_status":"","sticky":false,"template":"","format":"standard","meta":{"footnotes":""},"categories":[24],"tags":[42,38,40,39,41,539,131,127,126,30906],"class_list":{"0":"post-170021","1":"post","2":"type-post","3":"status-publish","4":"format-standard","5":"has-post-thumbnail","7":"category-sport","8":"tag-pl","9":"tag-poland","10":"tag-polish","11":"tag-polska","12":"tag-polski","13":"tag-reprezentacje","14":"tag-siatkowka","15":"tag-sport","16":"tag-sports","17":"tag-wassim-ben-tara"},"share_on_mastodon":{"url":"https:\/\/pubeurope.com\/@pl\/115779537796103859","error":""},"_links":{"self":[{"href":"https:\/\/www.europesays.com\/pl\/wp-json\/wp\/v2\/posts\/170021","targetHints":{"allow":["GET"]}}],"collection":[{"href":"https:\/\/www.europesays.com\/pl\/wp-json\/wp\/v2\/posts"}],"about":[{"href":"https:\/\/www.europesays.com\/pl\/wp-json\/wp\/v2\/types\/post"}],"author":[{"embeddable":true,"href":"https:\/\/www.europesays.com\/pl\/wp-json\/wp\/v2\/users\/2"}],"replies":[{"embeddable":true,"href":"https:\/\/www.europesays.com\/pl\/wp-json\/wp\/v2\/comments?post=170021"}],"version-history":[{"count":0,"href":"https:\/\/www.europesays.com\/pl\/wp-json\/wp\/v2\/posts\/170021\/revisions"}],"wp:featuredmedia":[{"embeddable":true,"href":"https:\/\/www.europesays.com\/pl\/wp-json\/wp\/v2\/media\/170022"}],"wp:attachment":[{"href":"https:\/\/www.europesays.com\/pl\/wp-json\/wp\/v2\/media?parent=170021"}],"wp:term":[{"taxonomy":"category","embeddable":true,"href":"https:\/\/www.europesays.com\/pl\/wp-json\/wp\/v2\/categories?post=170021"},{"taxonomy":"post_tag","embeddable":true,"href":"https:\/\/www.europesays.com\/pl\/wp-json\/wp\/v2\/tags?post=170021"}],"curies":[{"name":"wp","href":"https:\/\/api.w.org\/{rel}","templated":true}]}}