{"id":170051,"date":"2025-12-25T09:57:08","date_gmt":"2025-12-25T09:57:08","guid":{"rendered":"https:\/\/www.europesays.com\/pl\/170051\/"},"modified":"2025-12-25T09:57:08","modified_gmt":"2025-12-25T09:57:08","slug":"tak-robert-lewandowski-spedza-swieta-zdjecia-obiegly-siec-przeglad-sportowy-onet","status":"publish","type":"post","link":"https:\/\/www.europesays.com\/pl\/170051\/","title":{"rendered":"Tak Robert Lewandowski sp\u0119dza \u015bwi\u0119ta. Zdj\u0119cia obieg\u0142y sie\u0107 &#8211; Przegl\u0105d Sportowy Onet"},"content":{"rendered":"<ol>\n<li><a href=\"https:\/\/news.google.com\/rss\/articles\/CBMiqAFBVV95cUxPdFBLUGJ2NWxqR2YzZEpxVDhBNlpmYnpsV0FwQXhYUVJjb0kzOVNBUU5mZndVaGtoT1ZTenBTdGlUOVA0Qm5FM3RHWElEWWRUN0ZtdEpZQnFZS3BQY0NoekZnN1dKYUxRTmRfMzJRQnAzemRDNHQxS3hPWndwdXcwbm1ubC1DdEpxNnpYNEJFLXVfeC1vb3dNWXZiaFU2UDFLZERfWjRuZWc?oc=5\" target=\"_blank\" rel=\"nofollow noopener\">Tak Robert Lewandowski sp\u0119dza \u015bwi\u0119ta. Zdj\u0119cia obieg\u0142y sie\u0107<\/a>&nbsp;&nbsp;Przegl\u0105d Sportowy Onet<\/li>\n<li><a href=\"https:\/\/news.google.com\/rss\/articles\/CBMiugFBVV95cUxPV1lEbTFTV2VzTWZMQ0dBSDJEbVhlZDlrNHdpX05KcUVYVXNJWEJxN1NXajAyVHdhbjIwcDRRQWtwV01KM1ZEY2tZNFNRQnR0MHlSdVNTZ1Vrd3owLWZrcmtQOTJmQnZGNGNsZEtYTC13aXZ5eFdFbVNCeExjdFJ4cG1ZRXZIWV9ySlpMU1ZvVTRqOUFEMFJBcEQyNmNzcDFYQlBkTnd4czA1S2QwZG5SZHVyd1JFN3RNRUE?oc=5\" target=\"_blank\" rel=\"nofollow noopener\">\u015awi\u0105teczna sesja zdj\u0119ciowa Lewandowskich. Laura i Klara to kopie rodzic\u00f3w<\/a>&nbsp;&nbsp;Gazeta<\/li>\n<li><a href=\"https:\/\/news.google.com\/rss\/articles\/CBMirwFBVV95cUxQSjg0N3BEclM2WHVpN0xDVXhka0liUjgxbGhNNHVJdVlNd2lLYW5MRW13LWpMTmZ0YzVoS0dkM3JrMGxLVkJSNnFsMHh3QjJjYUg3dkU4aC1XcjBzRTFObFNUWm1qcjlQTVVWMU9OZi1oTGF0dmNrQkd3TFNmbHdRVkllTUhaQmhBRktTc18zZ1l1XzNRaTQxOHo5V0pJOTBlOVZoUVRGTE0tYTBQLUpz?oc=5\" target=\"_blank\" rel=\"nofollow noopener\">Wpis Lewandowskiego niesie si\u0119 po sieci. Setki tysi\u0119cy reakcji<\/a>&nbsp;&nbsp;Sport.pl<\/li>\n<li><a href=\"https:\/\/news.google.com\/rss\/articles\/CBMimwFBVV95cUxQaUkyUEF2T0FxcURCV292d2dmemRTR2puaV9ZNU85V2lqUHFDdHIzdTlKM3RfRUxQREpKQlR5eTFyMmhDUDQ5eHY3OVNxVnVXcnVlSFQycmdtZkRXM1U0S1Y3YzRobmNoYjFoLVRmb0RwVjg5X2FrOHU2bzVEN1lfS3dYWWdKUFdIYk9iYzlPcGQxV2dpMGR1WmRkUQ?oc=5\" target=\"_blank\" rel=\"nofollow noopener\">Wystrojeni Lewandowscy pozuj\u0105 z choink\u0105. Anna przesz\u0142a sam\u0105 siebie<\/a>&nbsp;&nbsp;Fakt<\/li>\n<li><a href=\"https:\/\/news.google.com\/rss\/articles\/CBMisgFBVV95cUxQZUZVaTFjLS1sNUxPNWhtY2k0SHBvUWFtZWdBQXE2WmlEVDdVNkNIVm5mMkY1ZklXaDZzSTZfWGdPdFl2MHNiM3BQeXNELWRmOTZwSktMdl85bFhNTDNsNkVtVUxJbkpmUFRIeUgzMDhWWnI1MU8xcmQwdU5DRzZEWWF0LS1WdURqSlBaRTdDV0swcnR5S29xMjBxUUdxX255TGV0ZW4yaTctUVZCSzg1WlFB?oc=5\" target=\"_blank\" rel=\"nofollow noopener\">\u015awi\u0105teczne zdj\u0119cie rodziny Lewandowskich. &#8222;Feliz Navidad!&#8221;<\/a>&nbsp;&nbsp;www.polsatsport.pl<\/li>\n<\/ol>\n","protected":false},"excerpt":{"rendered":"Tak Robert Lewandowski sp\u0119dza \u015bwi\u0119ta. Zdj\u0119cia obieg\u0142y sie\u0107&nbsp;&nbsp;Przegl\u0105d Sportowy Onet \u015awi\u0105teczna sesja zdj\u0119ciowa Lewandowskich. Laura i Klara to&hellip;\n","protected":false},"author":2,"featured_media":170052,"comment_status":"","ping_status":"","sticky":false,"template":"","format":"standard","meta":{"footnotes":""},"categories":[5],"tags":[2576,33468,32,33,36,37,27,67,34,35,28,31,25,129,948,42,38,40,39,41,136,128,300,47,655,29,30,26,130],"class_list":{"0":"post-170051","1":"post","2":"type-post","3":"status-publish","4":"format-standard","5":"has-post-thumbnail","7":"category-naglowki","8":"tag-anna_lewandowska","9":"tag-boze_narodzenie","10":"tag-breaking-news","11":"tag-breakingnews","12":"tag-featured-news","13":"tag-featurednews","14":"tag-headlines","15":"tag-intextvideo_splayer","16":"tag-latest-news","17":"tag-latestnews","18":"tag-naglowki","19":"tag-najwazniejsze-artykuly","20":"tag-news","21":"tag-ofsajd","22":"tag-pilka_nozna","23":"tag-pl","24":"tag-poland","25":"tag-polish","26":"tag-polska","27":"tag-polski","28":"tag-ps_detal_new","29":"tag-psv2","30":"tag-robert_lewandowski","31":"tag-screening_general","32":"tag-styl_zycia_lifestyle_","33":"tag-top-stories","34":"tag-topstories","35":"tag-wiadomosci","36":"tag-wiadomosci_sportowe"},"share_on_mastodon":{"url":"https:\/\/pubeurope.com\/@pl\/115779616435828578","error":""},"_links":{"self":[{"href":"https:\/\/www.europesays.com\/pl\/wp-json\/wp\/v2\/posts\/170051","targetHints":{"allow":["GET"]}}],"collection":[{"href":"https:\/\/www.europesays.com\/pl\/wp-json\/wp\/v2\/posts"}],"about":[{"href":"https:\/\/www.europesays.com\/pl\/wp-json\/wp\/v2\/types\/post"}],"author":[{"embeddable":true,"href":"https:\/\/www.europesays.com\/pl\/wp-json\/wp\/v2\/users\/2"}],"replies":[{"embeddable":true,"href":"https:\/\/www.europesays.com\/pl\/wp-json\/wp\/v2\/comments?post=170051"}],"version-history":[{"count":0,"href":"https:\/\/www.europesays.com\/pl\/wp-json\/wp\/v2\/posts\/170051\/revisions"}],"wp:featuredmedia":[{"embeddable":true,"href":"https:\/\/www.europesays.com\/pl\/wp-json\/wp\/v2\/media\/170052"}],"wp:attachment":[{"href":"https:\/\/www.europesays.com\/pl\/wp-json\/wp\/v2\/media?parent=170051"}],"wp:term":[{"taxonomy":"category","embeddable":true,"href":"https:\/\/www.europesays.com\/pl\/wp-json\/wp\/v2\/categories?post=170051"},{"taxonomy":"post_tag","embeddable":true,"href":"https:\/\/www.europesays.com\/pl\/wp-json\/wp\/v2\/tags?post=170051"}],"curies":[{"name":"wp","href":"https:\/\/api.w.org\/{rel}","templated":true}]}}