{"id":170142,"date":"2025-12-25T10:48:09","date_gmt":"2025-12-25T10:48:09","guid":{"rendered":"https:\/\/www.europesays.com\/pl\/170142\/"},"modified":"2025-12-25T10:48:09","modified_gmt":"2025-12-25T10:48:09","slug":"zdjecie-z-dziecinstwa-izabelli-krzan-robi-furore-piekne-to-byly-czasy","status":"publish","type":"post","link":"https:\/\/www.europesays.com\/pl\/170142\/","title":{"rendered":"Zdj\u0119cie z dzieci\u0144stwa Izabelli Krzan robi furor\u0119. &#8222;Pi\u0119kne to by\u0142y czasy!&#8221;"},"content":{"rendered":"<p class=\"Paragraph_desktopParagraph__U31Gm\">W okresie \u015bwi\u0105t wiele gwiazd ch\u0119tnie dzieli si\u0119 w sieci zdj\u0119ciami z rodzinnych spotka\u0144. Niekt\u00f3re \u2014 tak jak <a href=\"https:\/\/plejada.pl\/temat\/izabella-krzan\/sqnm8rh\" id=\"398c3ddd-4b7a-424c-b8d9-6a10648cd660\" rel=\"nofollow noopener\" target=\"_blank\">Izabella Krzan<\/a> \u2014 postanowi\u0142y jednak wr\u00f3ci\u0107 wspomnieniami do dzieci\u0144stwa i si\u0119gn\u0105\u0107 po archiwalne fotografie. Prowadz\u0105ca &#8222;Afryk\u0119 Express&#8221; zamie\u015bci\u0142a na Instagramie kadr sprzed lat, na kt\u00f3rym jako ma\u0142a dziewczynka k\u0105pie si\u0119 w dzieci\u0119cej wanience zawieszonej nad wann\u0105 z p\u0142ywaj\u0105cym karpiem.<\/p>\n<blockquote>\n<p class=\"Paragraph_desktopParagraph__U31Gm\">1995: Blok na olszty\u0144skim Pieczewie. Na klatce schodowej zapach ryby miksuje si\u0119 z woni\u0105 upieczonego sernika, my z bratem dokarmiamy chlebem karpia, tata biega za \u015bwie\u017cym chlebem, a mama dalej m\u00f3wi, \u017ce si\u0119 nie wyrobi.<\/p>\n<\/blockquote>\n<p class=\"Paragraph_desktopParagraph__U31Gm\">\u2014 napisa\u0142a w opisie. <\/p>\n<ul class=\"OchatFollowUps_wrapper__1ry7X\">\n<li class=\"OchatFollowUps_item__Dhyly OchatFollowUps_itemDesktop__R6aBv\">Jakie zdj\u0119cie opublikowa\u0142a Izabella Krzan?<\/li>\n<li class=\"OchatFollowUps_item__Dhyly OchatFollowUps_itemDesktop__R6aBv\">Jakie wspomnienie Izabella Krzan opisuje na swoim zdj\u0119ciu?<\/li>\n<li class=\"OchatFollowUps_item__Dhyly OchatFollowUps_itemDesktop__R6aBv\">Jakie komentarze pojawi\u0142y si\u0119 pod zdj\u0119ciem Izabelli Krzan?<\/li>\n<li class=\"OchatFollowUps_item__Dhyly OchatFollowUps_itemDesktop__R6aBv\">Co mieszka\u0144cy lat 90. wspominaj\u0105 w kontek\u015bcie karpia w wannie?<\/li>\n<\/ul>\n<p>Tak wygl\u0105da\u0142o dzieci\u0144stwo Izabelli Krzan. Zdj\u0119cie hitem sieci <\/p>\n<p class=\"Paragraph_desktopParagraph__U31Gm\">Fotografia b\u0142yskawicznie zrobi\u0142a furor\u0119 w sieci, bo przywo\u0142a\u0142a obrazek doskonale znany z polskich dom\u00f3w lat 90. \u2014 karpia p\u0142ywaj\u0105cego w wannie, kt\u00f3ry dla wielu by\u0142 nieod\u0142\u0105cznym elementem przygotowa\u0144 do Bo\u017cego Narodzenia. W komentarzach internauci nie kryli rozbawienia i nostalgii, dziel\u0105c si\u0119 w\u0142asnymi wspomnieniami z dzieci\u0144stwa.<\/p>\n<p class=\"Paragraph_desktopParagraph__U31Gm\">M\u00f3wcie, co chcecie, ale my, millenialsi, mieli\u015bmy naprawd\u0119 ciekawe dzieci\u0144stwo. Wi\u0119kszo\u015b\u0107 mia\u0142a karpia w wannie&#8221;, &#8222;Zdj\u0119cie hit!&#8221;, &#8222;U mnie te\u017c zawsze by\u0142 karp p\u0142ywaj\u0105cy w wannie&#8221;, &#8222;Ach, pi\u0119kne to by\u0142y czasy!&#8221; \u2014 pisali rozbawieni obserwatorzy, podkre\u015blaj\u0105c, jak bardzo ten kadr oddaje realia dawnych \u015bwi\u0105t. <\/p>\n<p><img decoding=\"async\" class=\"Image_image__0tuHp Image_autoHeight__f2n87 \" height=\"587\" width=\"391\" src=\"https:\/\/www.europesays.com\/pl\/wp-content\/uploads\/2025\/12\/ZQak9kpTURBXy8zOTc5YTg5YTE1NWI0YTQ2MTNhYThlYjUyZjA3NzUyOS5qcGeSlQLNA6wAwsOVAgDNAkvCw94AA6EwAaExAaEzw.jpeg\" alt=\"Izabela Krzan\" loading=\"lazy\" \/>Euzebiusz Niemiec, Pawe\u0142 Wrzecion \/ AKPA<\/p>\n<p>Izabela Krzan<\/p>\n<p class=\"Paragraph_desktopParagraph__U31Gm\">Dzi\u0119kujemy, \u017ce przeczyta\u0142a\u015b\/e\u015b nasz artyku\u0142 do ko\u0144ca. W serwisie Plejada.pl ka\u017cdego dnia piszemy o najwa\u017cniejszych wydarzeniach show-biznesowych. B\u0105d\u017a na bie\u017c\u0105co! <a rel=\"nofollow noopener\" href=\"https:\/\/profile.google.com\/cp\/Cg0vZy8xMWJ6X19wdHBx\" id=\"53ceb84c-1b0b-4968-b810-98d74a7c67da\" target=\"_blank\">Obserwuj<\/a> Plejad\u0119 w Google. Odwied\u017a nas tak\u017ce na <a rel=\"nofollow noopener\" href=\"https:\/\/www.facebook.com\/plejadapl\" id=\"f998ab81-c83a-40fd-9535-6da78e05168d\" target=\"_blank\">Facebooku<\/a>, <a rel=\"nofollow noopener\" href=\"https:\/\/www.instagram.com\/plejadapl\/\" id=\"c910d2f9-94bf-4f85-abd1-d0c5b96d5932\" target=\"_blank\">Instagramie<\/a>, <a rel=\"nofollow noopener\" href=\"https:\/\/www.youtube.com\/c\/plejada\" id=\"2eea5b2e-33db-4b41-999d-792bbaeb1e35\" target=\"_blank\">YouTubie<\/a> oraz <a rel=\"nofollow noopener\" href=\"https:\/\/www.tiktok.com\/@plejada_pl\" id=\"99d9c8c9-5bfb-4206-aaff-2a78975b693b\" target=\"_blank\">TikToku<\/a>.<\/p>\n<p class=\"Paragraph_desktopParagraph__U31Gm\">Chcesz podzieli\u0107 si\u0119 ciekawym newsem lub zaproponowa\u0107 temat? Skontaktuj si\u0119 z nami, pisz\u0105c maila na adres: <a href=\"https:\/\/www.onet.pl\/styl-zycia\/plejada\/zdjecie-z-dziecinstwa-izabelli-krzan-robi-furore-piekne-to-byly-czasy\/mailto:plejada@redakcjaonet.pl\" id=\"4129f169-5edf-433c-98f9-a9461cb0a8d1\" rel=\"nofollow noopener\" target=\"_blank\">plejada@redakcjaon<\/a><a rel=\"nofollow noopener\" href=\"https:\/\/et.pl\/\" id=\"04a6e51f-8e3e-4814-8af9-bd980e441199\" target=\"_blank\">et.pl<\/a>.<\/p>\n<p><script async src=\"\/\/www.instagram.com\/embed.js\"><\/script><script async src=\"\/\/www.tiktok.com\/embed.js\"><\/script><\/p>\n","protected":false},"excerpt":{"rendered":"W okresie \u015bwi\u0105t wiele gwiazd ch\u0119tnie dzieli si\u0119 w sieci zdj\u0119ciami z rodzinnych spotka\u0144. Niekt\u00f3re \u2014 tak jak&hellip;\n","protected":false},"author":2,"featured_media":170143,"comment_status":"","ping_status":"","sticky":false,"template":"","format":"standard","meta":{"footnotes":""},"categories":[22],"tags":[122,67,2797,53,52,68,51,55,42,38,40,39,41,123,47,196,65,50],"class_list":{"0":"post-170142","1":"post","2":"type-post","3":"status-publish","4":"format-standard","5":"has-post-thumbnail","7":"category-rozrywka","8":"tag-entertainment","9":"tag-intextvideo_splayer","10":"tag-izabella_krzan","11":"tag-new_header","12":"tag-onet3","13":"tag-onet3d","14":"tag-onet3d_2i","15":"tag-phx","16":"tag-pl","17":"tag-poland","18":"tag-polish","19":"tag-polska","20":"tag-polski","21":"tag-rozrywka","22":"tag-screening_general","23":"tag-styl_zycia","24":"tag-update_me","25":"tag-v2021"},"share_on_mastodon":{"url":"https:\/\/pubeurope.com\/@pl\/115779817498848887","error":""},"_links":{"self":[{"href":"https:\/\/www.europesays.com\/pl\/wp-json\/wp\/v2\/posts\/170142","targetHints":{"allow":["GET"]}}],"collection":[{"href":"https:\/\/www.europesays.com\/pl\/wp-json\/wp\/v2\/posts"}],"about":[{"href":"https:\/\/www.europesays.com\/pl\/wp-json\/wp\/v2\/types\/post"}],"author":[{"embeddable":true,"href":"https:\/\/www.europesays.com\/pl\/wp-json\/wp\/v2\/users\/2"}],"replies":[{"embeddable":true,"href":"https:\/\/www.europesays.com\/pl\/wp-json\/wp\/v2\/comments?post=170142"}],"version-history":[{"count":0,"href":"https:\/\/www.europesays.com\/pl\/wp-json\/wp\/v2\/posts\/170142\/revisions"}],"wp:featuredmedia":[{"embeddable":true,"href":"https:\/\/www.europesays.com\/pl\/wp-json\/wp\/v2\/media\/170143"}],"wp:attachment":[{"href":"https:\/\/www.europesays.com\/pl\/wp-json\/wp\/v2\/media?parent=170142"}],"wp:term":[{"taxonomy":"category","embeddable":true,"href":"https:\/\/www.europesays.com\/pl\/wp-json\/wp\/v2\/categories?post=170142"},{"taxonomy":"post_tag","embeddable":true,"href":"https:\/\/www.europesays.com\/pl\/wp-json\/wp\/v2\/tags?post=170142"}],"curies":[{"name":"wp","href":"https:\/\/api.w.org\/{rel}","templated":true}]}}