{"id":170317,"date":"2025-12-25T12:27:16","date_gmt":"2025-12-25T12:27:16","guid":{"rendered":"https:\/\/www.europesays.com\/pl\/170317\/"},"modified":"2025-12-25T12:27:16","modified_gmt":"2025-12-25T12:27:16","slug":"te-gwiazdy-nie-obchodza-swiat-bozego-narodzenia-powody-bywaja-zaskakujace-rmf-fm","status":"publish","type":"post","link":"https:\/\/www.europesays.com\/pl\/170317\/","title":{"rendered":"Te gwiazdy nie obchodz\u0105 \u015bwi\u0105t Bo\u017cego Narodzenia. Powody bywaj\u0105 zaskakuj\u0105ce :: RMF FM"},"content":{"rendered":"<p>Nie wszyscy czekaj\u0105 na Wigili\u0119 i \u015bwi\u0105teczn\u0105 atmosfer\u0119. W polskim show-biznesie nie brakuje gwiazd, kt\u00f3re nie obchodz\u0105 Bo\u017cego Narodzenia lub celebruj\u0105 je na w\u0142asnych zasadach. Powody s\u0105 bardzo r\u00f3\u017cne \u2013 od \u015bwiatopogl\u0105du po osobiste, nierzadko trudne, do\u015bwiadczenia.<\/p>\n<p><img decoding=\"async\" alt=\"\" src=\"https:\/\/www.europesays.com\/pl\/wp-content\/uploads\/2025\/12\/6ab6d8ecbfb68a85aa343a27293843ba.jpg\" class=\"w-100\"\/><\/p>\n<p>fot. Jacek Kurnikowski\/AKPAl; Pi\u0119tka Mieszko\/AKPA; Wojciech Olkusnik\/East News<\/p>\n<p>&#13;<br \/>\n\tKto z polskich celebryt\u00f3w rezygnuje ze \u015bwi\u0105tecznych tradycji i dlaczego?<\/p>\n<p>&#13;<br \/>\n\tW polskiej tradycji <a href=\"https:\/\/www.rmf.fm\/magazyn\/tag,Bo%C5%BCe%20Narodzenie.html\" rel=\"nofollow noopener\" target=\"_blank\">Bo\u017ce Narodzenie<\/a> to czas spotka\u0144 przy wigilijnym stole, kol\u0119dowania, przyzdabiania choinki i wsp\u00f3lnego spo\u017cywania tradycyjnych potraw. Jednak coraz wi\u0119cej znanych os\u00f3b z show-biznesu otwarcie przyznaje, \u017ce nie identyfikuje si\u0119 ani z religijnym, ani nawet kulturowym wymiarem \u015bwi\u0105t. Ich powody s\u0105 r\u00f3\u017cne \u2013 od \u015bwiatopogl\u0105du, przez wychowanie, po osobiste do\u015bwiadczenia.<\/p>\n<p>&#13;<br \/>\n\tTe polskie gwiazdy nie obchodz\u0105 \u015bwi\u0105t Bo\u017cego Narodzenia<\/p>\n<p>&#13;<br \/>\n\tBlanka Lipi\u0144ska, autorka trylogii \u201e365 dni\u201d otwarcie przyznaje, \u017ce nie jest osob\u0105 wierz\u0105c\u0105 i nie przywi\u0105zuje wagi do Bo\u017cego Narodzenia. Nie dekoruje domu ani nie gotuje tradycyjnych potraw \u2013 zamiast tego korzysta z cateringu. Choinka, kt\u00f3r\u0105 czasami ubiera, s\u0142u\u017cy g\u0142\u00f3wnie dzieciom, bratankom pisarki, kt\u00f3rzy wierz\u0105 w Miko\u0142aja. Jak sama t\u0142umaczy\u0142a na Instagramie:<\/p>\n<blockquote><p>&#13;<\/p>\n<p>&#13;<br \/>\n\t\tJestem ateistk\u0105, ja \u015bwi\u0105t nie obchodz\u0119. Ta choinka ubrana jest dla moich ch\u0142opc\u00f3w, kt\u00f3rzy wierz\u0105 w Miko\u0142aja (wi\u0119c potrzebna choinka) [&#8230;]. Ja 24 grudnia b\u0119d\u0119 jad\u0142a mi\u0119so i pi\u0142a alkohol.<\/p>\n<p>&#13;\n<\/p><\/blockquote>\n<p>&#13;<br \/>\n\tRoma G\u0105siorowska natomiast nie ubiera choinki, a w jej domu kultywuje si\u0119 rodzinne tradycje dekorowania okien gwiazdami betlejemskimi i ga\u0142\u0105zkami drzew. Nie czuje presji, by trzyma\u0107 si\u0119 tradycyjnych zwyczaj\u00f3w i podkre\u015bla, \u017ce u niej \u015bwi\u0119ta wygl\u0105daj\u0105 inaczej ni\u017c w typowym, polskim domu.<\/p>\n<p>&#13;<br \/>\n\tZnany fotograf Marcin Tyszka nie przepada za tradycyjn\u0105 \u015bwi\u0105teczn\u0105 otoczk\u0105 i krytykuje narzucone schematy. Zamiast tradycyjnej kolacji woli wyjazd z rodzicami do ciep\u0142ych kraj\u00f3w. Na Instagramie niegdy\u015b pisa\u0142: \u201eChcieliby\u015bcie mie\u0107 tak\u0105 wigili\u0119? Dwie nowe pi\u0119kne palmy do domu kupione, kosze orchidei \u2014 cymbidium na ch\u0142odn\u0105 werand\u0119 i wielkie kosze dendrobium w domu \u2014 jest pi\u0119knie \u2014 pachn\u0105co, egzotycznie \u2014 nie znosz\u0119 choinek i podobnych dewocjonali\u00f3w&#8230; a na kolacj\u0119 wigilijn\u0105 wybierzemy si\u0119 gdzie\u015b wraz z rodzicami \u2014 jakie\u015b mi\u0142e miasto \u2014 a gdzie polecie\u0107 \u2014 zdecydujemy w czwartek \u2014 precz ze \u015bwi\u0105teczn\u0105 hipokryzj\u0105 \u2014 sprz\u0105taniem i udawaniem, \u017ce jeste\u015bmy lepsi ni\u017c normalnie\u201d.<\/p>\n<p>&#13;<br \/>\n\tDeklaruj\u0105ca si\u0119 jako osoba niewierz\u0105ca Zofia Zborowska zwraca uwag\u0119, \u017ce \u015bwi\u0119ta maj\u0105 poga\u0144skie korzenie i s\u0105 bardziej zwi\u0105zane z dawnymi obrz\u0119dami ni\u017c z faktyczn\u0105 dat\u0105 narodzin Jezusa:<\/p>\n<blockquote><p>&#13;<\/p>\n<p>&#13;<br \/>\n\t\tMam do tego stosunek sentymentalny [&#8230;]. Dla mnie Bo\u017ce Narodzenie to troch\u0119 taka sama bajka jak Halloween. W sensie taki mam do tego stosunek. Lubi\u0119, szanuj\u0119, ale wi\u0119cej w tym marketingu i \u015bciemy ni\u017c fakt\u00f3w \u2013 t\u0142umaczy\u0142a na Instagramie.<\/p>\n<p>&#13;\n<\/p><\/blockquote>\n<p>&#13;<br \/>\n\tPodobne podej\u015bcie ma 27-letnia Julia Wr\u00f3blewska, kt\u00f3ra traktuje Bo\u017ce Narodzenie jako okazj\u0119 do sp\u0119dzenia czasu z rodzin\u0105, ale nie identyfikuje si\u0119 z religijnym wymiarem \u015bwi\u0105t:<\/p>\n<blockquote><p>&#13;<\/p>\n<p>&#13;<br \/>\n\t\tChoinka jest poga\u0144ska, tak samo dzielenie si\u0119 prezentami. Jak ju\u017c m\u00f3wi\u0142am, sp\u0119dzam wtedy czas z rodzin\u0105, jedz\u0105c kolacj\u0119, ale nie chodz\u0119 do ko\u015bcio\u0142a, nie modl\u0119 si\u0119, ani nie uwa\u017cam tego okresu za narodziny Boga.<\/p>\n<p>&#13;\n<\/p><\/blockquote>\n<p>&#13;<br \/>\n\tKuba Wojew\u00f3dzki nie obchodzi \u015bwi\u0105t od czasu, gdy straci\u0142 oboje rodzic\u00f3w, bo znikn\u0119\u0142a wraz z nimi domowa atmosfera i sens rodzinnych spotka\u0144. Zamiast siedzie\u0107 przy wigilijnym stole, prezenter preferuje wyjazdy z przyjaci\u00f3\u0142mi do ciep\u0142ych kraj\u00f3w, gdzie odpoczywa i unika \u015bwi\u0105tecznej gor\u0105czki.<\/p>\n<p>&#13;<br \/>\n\tJulia Pietrucha doros\u0142a w rodzinie, w kt\u00f3rej nie obchodzono Bo\u017cego Narodzenia. Aktorka i piosenkarka nie wi\u0105\u017ce wi\u0119c tego okresu z \u017cadnymi wspomnieniami ani emocjami. W rozmowie z Interi\u0105 wyzna\u0142a:<\/p>\n<blockquote><p>&#13;<\/p>\n<p>&#13;<br \/>\n\t\tNie mam \u017cadnych skojarze\u0144 zwi\u0105zanych z Bo\u017cym Narodzeniem, bo pochodz\u0119 z rodziny, w kt\u00f3rej nie obchodzi\u0142o si\u0119 \u015bwi\u0105t. Sianko pod obrusem, kompot z suszu czy pachn\u0105cy karp na stole nie robi\u0105 na mnie wra\u017cenia.<\/p>\n<p>&#13;\n<\/p><\/blockquote>\n<p>&#13;<br \/>\n\tEwa B\u0142aszczyk m\u00f3wi wprost, \u017ce nie lubi \u015bwi\u0105t. Dla aktorki jest to trudny czas, kt\u00f3ry zamiast rado\u015bci przynosi smutek i zadum\u0119. W rozmowie z Faktem t\u0142umaczy\u0142a, \u017ce to moment, w kt\u00f3rym \u015bwiat zwalnia, wszyscy koncentruj\u0105 si\u0119 na rodzinie i bliskich, a u niej w\u0142a\u015bnie w tym obszarze s\u0105 bolesne \u201eluki\u201d:<\/p>\n<blockquote><p>&#13;<\/p>\n<p>&#13;<br \/>\n\t\tJa nie lubi\u0119 \u015bwi\u0105t. To taki czas, kiedy zamiera \u017cycie, a ka\u017cdy skupia si\u0119 na rodzinie\u2026 A ja mam w tej kwestii dziury, luki. I pojawia si\u0119 refleksja, kt\u00f3ra mi nie s\u0142u\u017cy.<\/p>\n<p>&#13;\n<\/p><\/blockquote>\n<p>&#13;<br \/>\n\tAnna Mucha r\u00f3wnie\u017c przyznaje, \u017ce \u015bwi\u0119ta kojarz\u0105 si\u0119 jej z traumami z dzieci\u0144stwa, mimo \u017ce dzi\u015b stara si\u0119 celebrowa\u0107 je dla rodziny. W 2022 roku na Instagramie opublikowa\u0142a wpis, w kt\u00f3rym przyzna\u0142a wprost:<\/p>\n<blockquote><p>&#13;<\/p>\n<p>&#13;<br \/>\n\t\tA ja nie jestem wielk\u0105 \u201efank\u0105\u201d \u015bwi\u0105t Bo\u017cego Narodzenia&#8230; Mo\u017ce kiedy\u015b Wam opowiem, dlaczego&#8230; Ale nios\u0142y ze sob\u0105 tak wiele rozczarowa\u0144, tak wiele traum, \u017ce dopiero b\u0119d\u0105c doros\u0142\u0105, b\u0119d\u0105c matk\u0105 poczu\u0142am, \u017ce jest sens znowu si\u0119 stara\u0107 &#8211; przyzna\u0142a na Instagramie.<\/p>\n<p>&#13;\n<\/p><\/blockquote>\n<blockquote class=\"instagram-media\" data-instgrm-captioned=\"\" data-instgrm-permalink=\"https:\/\/www.instagram.com\/p\/DSK-q6JiGKJ\/?utm_source=ig_embed&amp;utm_campaign=loading\" data-instgrm-version=\"14\" style=\" background:#FFF; border:0; border-radius:3px; box-shadow:0 0 1px 0 rgba(0,0,0,0.5),0 1px 10px 0 rgba(0,0,0,0.15); margin: 1px; max-width:540px; min-width:326px; padding:0; width:99.375%; width:-webkit-calc(100% - 2px); width:calc(100% - 2px);\"\/>\n<p>&#13;<br \/>\n\tS\u0142awek Uniatowski woli w tym czasie podr\u00f3\u017cowa\u0107. Wokalista w 2024 roku w rozmowie z Plotkiem wyjawi\u0142, \u017ce wielu cz\u0142onk\u00f3w jego rodziny r\u00f3wnie\u017c nie obchodzi Bo\u017cego Narodzenia, dlatego traktuje ten okres jako doskona\u0142\u0105 okazj\u0119 do wyjazd\u00f3w i na\u0142adowania baterii przed kolejnym rokiem pe\u0142nym koncert\u00f3w: \u201eWi\u0119kszo\u015b\u0107 mojej wielkiej rodziny nie obchodzi \u015bwi\u0105t. Traktuj\u0119 ten czas jako okazj\u0119 do podr\u00f3\u017cy. Pewnie wyjad\u0119 gdzie\u015b do ciep\u0142a na\u0142adowa\u0107 baterie na kolejny intensywny koncertowo rok\u201d.<\/p>\n<p>&#13;<br \/>\n\tAdam \u201eNergal\u201d Darski, lider zespo\u0142u Behemoth, otwarcie krytykuje religi\u0119 i Ko\u015bci\u00f3\u0142. Od lat deklaruje si\u0119 jako ateista, dlatego nie obchodzi Bo\u017cego Narodzenia. Muzyk nie kryje niech\u0119ci do \u015bwi\u0105tecznej otoczki. W rozmowie z brytyjskim portalem NME m\u00f3wi\u0142:<\/p>\n<blockquote><p>&#13;<\/p>\n<p>&#13;<br \/>\n\t\tStaram si\u0119 jak najmniej zwraca\u0107 uwag\u0119 na \u015bwi\u0119ta w typowym tego s\u0142owa znaczeniu. Nienawidz\u0119 komercjalizacji. Nienawidz\u0119, gdy wszyscy si\u0119 wok\u00f3\u0142 spiesz\u0105. Nienawidz\u0119 ob\u017carstwa. To nie moja energia. Z drugiej strony, potrzebuj\u0119 czasem zwolni\u0107 [&#8230;] troch\u0119 odpoczn\u0119, sp\u0119dz\u0119 troch\u0119 czasu z rodzicami, z przyjaci\u00f3\u0142mi, wy\u015bpi\u0119 si\u0119 i poogl\u0105dam Netflixa. Zwykle o tej porze roku staram si\u0119 ucieka\u0107 z Polski w jakie\u015b gor\u0105ce miejsce, najlepiej gdzie\u015b, gdzie nigdy nie s\u0142yszeli o Jezusie.<\/p>\n<p>&#13;\n<\/p><\/blockquote>\n<p><a href=\"https:\/\/www.rmf.fm\/magazyn\/news,61594,przy-wigilijnym-stole-nie-musi-byc-niemilo-ekspertka-wyjasnia-jak-reagowac-na-zaczepki.html\" rel=\"nofollow noopener\" target=\"_blank\"><img decoding=\"async\" src=\"https:\/\/www.europesays.com\/pl\/wp-content\/uploads\/2025\/12\/32695c450b1d1eff91def273c55a8e32.jpg\" width=\"290\"\/><\/a><a href=\"https:\/\/www.rmf.fm\/magazyn\/news,61594,przy-wigilijnym-stole-nie-musi-byc-niemilo-ekspertka-wyjasnia-jak-reagowac-na-zaczepki.html\" rel=\"nofollow noopener\" target=\"_blank\">Przy wigilijnym stole nie musi by\u0107 niemi\u0142o. Ekspertka wyja\u015bnia, jak reagowa\u0107 na zaczepki<\/a><\/p>\n<p>Bo\u017ce Narodzenie to moment spotka\u0144 z rodzin\u0105. Cho\u0107 w za\u0142o\u017ceniach ma to by\u0107 mi\u0142y i serdeczny czas dla wszystkich, czasami zdarzaj\u0105 si\u0119 niew\u0142a\u015bciwe pytania i zaczepki. Paulina Miku\u0142a w rozmowie z RMF FM udzieli\u0142a kilku wskaz\u00f3wek na temat&#8230;<\/p>\n<p><\/p>\n<p>\t\t\t\t\t\t<script async src=\"\/\/www.instagram.com\/embed.js\"><\/script><\/p>\n","protected":false},"excerpt":{"rendered":"Nie wszyscy czekaj\u0105 na Wigili\u0119 i \u015bwi\u0105teczn\u0105 atmosfer\u0119. W polskim show-biznesie nie brakuje gwiazd, kt\u00f3re nie obchodz\u0105 Bo\u017cego&hellip;\n","protected":false},"author":2,"featured_media":170318,"comment_status":"","ping_status":"","sticky":false,"template":"","format":"standard","meta":{"footnotes":""},"categories":[22],"tags":[23684,122,42,38,40,39,41,123,33529],"class_list":{"0":"post-170317","1":"post","2":"type-post","3":"status-publish","4":"format-standard","5":"has-post-thumbnail","7":"category-rozrywka","8":"tag-boze-narodzenie","9":"tag-entertainment","10":"tag-pl","11":"tag-poland","12":"tag-polish","13":"tag-polska","14":"tag-polski","15":"tag-rozrywka","16":"tag-te-gwiazdy-nie-obchodza-swiat-bozego-narodzenia"},"share_on_mastodon":{"url":"https:\/\/pubeurope.com\/@pl\/115780206359526087","error":""},"_links":{"self":[{"href":"https:\/\/www.europesays.com\/pl\/wp-json\/wp\/v2\/posts\/170317","targetHints":{"allow":["GET"]}}],"collection":[{"href":"https:\/\/www.europesays.com\/pl\/wp-json\/wp\/v2\/posts"}],"about":[{"href":"https:\/\/www.europesays.com\/pl\/wp-json\/wp\/v2\/types\/post"}],"author":[{"embeddable":true,"href":"https:\/\/www.europesays.com\/pl\/wp-json\/wp\/v2\/users\/2"}],"replies":[{"embeddable":true,"href":"https:\/\/www.europesays.com\/pl\/wp-json\/wp\/v2\/comments?post=170317"}],"version-history":[{"count":0,"href":"https:\/\/www.europesays.com\/pl\/wp-json\/wp\/v2\/posts\/170317\/revisions"}],"wp:featuredmedia":[{"embeddable":true,"href":"https:\/\/www.europesays.com\/pl\/wp-json\/wp\/v2\/media\/170318"}],"wp:attachment":[{"href":"https:\/\/www.europesays.com\/pl\/wp-json\/wp\/v2\/media?parent=170317"}],"wp:term":[{"taxonomy":"category","embeddable":true,"href":"https:\/\/www.europesays.com\/pl\/wp-json\/wp\/v2\/categories?post=170317"},{"taxonomy":"post_tag","embeddable":true,"href":"https:\/\/www.europesays.com\/pl\/wp-json\/wp\/v2\/tags?post=170317"}],"curies":[{"name":"wp","href":"https:\/\/api.w.org\/{rel}","templated":true}]}}