{"id":170319,"date":"2025-12-25T12:30:25","date_gmt":"2025-12-25T12:30:25","guid":{"rendered":"https:\/\/www.europesays.com\/pl\/170319\/"},"modified":"2025-12-25T12:30:25","modified_gmt":"2025-12-25T12:30:25","slug":"kolejny-europejski-kraj-dolacza-do-postepowania-przeciwko-izraelowi","status":"publish","type":"post","link":"https:\/\/www.europesays.com\/pl\/170319\/","title":{"rendered":"Kolejny europejski kraj do\u0142\u0105cza do post\u0119powania przeciwko Izraelowi"},"content":{"rendered":"<p class=\"ods-c-paragraph \">We wtorek rz\u0105d Belgii z\u0142o\u017cy\u0142 w MTS w Hadze tzw. deklaracj\u0119 interwencji w tym post\u0119powaniu. Uczyni\u0142 tak na podstawie art. 63 Statutu MTS, kt\u00f3ry umo\u017cliwia pa\u0144stwom b\u0119d\u0105cym stronami danej konwencji przedstawienie w\u0142asnej interpretacji jej przepis\u00f3w, je\u017celi s\u0105 one przedmiotem sporu przed Trybuna\u0142em. Belgia jest stron\u0105 Konwencji ONZ w sprawie zapobiegania i karania zbrodni ludob\u00f3jstwa z 1948 r.<\/p>\n<p>Dalszy ci\u0105g artyku\u0142u pod materia\u0142em wideo<\/p>\n<p> Jakie zarzuty stawia RPA Izraelowi? <\/p>\n<p> Co oznacza interwencja Belgii w post\u0119powaniu? <\/p>\n<p> Jakie inne kraje do\u0142\u0105czy\u0142y do sprawy przeciwko Izraelowi? <\/p>\n<p> Jak d\u0142ugo mo\u017cna czeka\u0107 na ostateczny wyrok MTS? <\/p>\n<p>  Belgia do\u0142\u0105cza do post\u0119powania przeciwko Izraelowi<\/p>\n<p class=\"ods-c-paragraph \">Zgodnie z komunikatem MTS Belgia koncentruje si\u0119 na wyk\u0142adni artyku\u0142\u00f3w I\u2013VI konwencji, a w szczeg\u00f3lno\u015bci na definicji ludob\u00f3jstwa oraz na kwestii zamiaru pope\u0142nienia tego przest\u0119pstwa, kluczowego dla jego prawnej kwalifikacji.<\/p>\n<p class=\"ods-c-paragraph \">Interwencja nie oznacza, \u017ce Belgia staje si\u0119 stron\u0105 sporu mi\u0119dzy RPA a Izraelem. Jej celem jest przedstawienie w\u0142asnego stanowiska prawnego w sprawie interpretacji zapis\u00f3w konwencji; je\u015bli zostanie uwzgl\u0119dniona w orzeczeniu, b\u0119dzie ona wi\u0105\u017c\u0105ca r\u00f3wnie\u017c dla Belgii.<\/p>\n<p class=\"ods-c-paragraph \">W z\u0142o\u017conym w 2023 r. wniosku RPA oskar\u017cy\u0142a Izrael o pope\u0142nianie ludob\u00f3jstwa na Palesty\u0144czykach w Strefie Gazy podczas operacji zbrojnej przeciwko organizacji terrorystycznej Hamas. Izrael argumentowa\u0142, \u017ce jego dzia\u0142ania s\u0105 aktem samoobrony, a podobne oskar\u017cenia s\u0105 ra\u017c\u0105cym zniekszta\u0142caniem historii.<\/p>\n<p class=\"ods-c-paragraph \">W styczniu 2024 r. MTS nakaza\u0142 Izraelowi zastosowanie \u015brodk\u00f3w tymczasowych maj\u0105cych na celu zapobie\u017cenie mo\u017cliwym aktom ludob\u00f3jstwa oraz zapewnienie dost\u0119pu pomocy humanitarnej do Strefy Gazy. Na ostateczny wyrok w sprawie mo\u017cna jednak czeka\u0107 jeszcze kilka lat.<\/p>\n<p class=\"ods-c-paragraph \">Do sprawy do\u0142\u0105czy\u0142y wcze\u015bniej Hiszpania, Irlandia, Brazylia, Kolumbia, Meksyk i Turcja.<\/p>\n","protected":false},"excerpt":{"rendered":"We wtorek rz\u0105d Belgii z\u0142o\u017cy\u0142 w MTS w Hadze tzw. deklaracj\u0119 interwencji w tym post\u0119powaniu. Uczyni\u0142 tak na&hellip;\n","protected":false},"author":2,"featured_media":170320,"comment_status":"","ping_status":"","sticky":false,"template":"","format":"standard","meta":{"footnotes":""},"categories":[14],"tags":[942,32,33,27,91,34,35,28,31,48,25,46,40,41,3266,47,88,80,29,30,26,82,83,84],"class_list":{"0":"post-170319","1":"post","2":"type-post","3":"status-publish","4":"format-standard","5":"has-post-thumbnail","7":"category-swiat","8":"tag-belgia","9":"tag-breaking-news","10":"tag-breakingnews","11":"tag-headlines","12":"tag-izrael","13":"tag-latest-news","14":"tag-latestnews","15":"tag-naglowki","16":"tag-najwazniejsze-artykuly","17":"tag-nat_styl","18":"tag-news","19":"tag-omp","20":"tag-polish","21":"tag-polski","22":"tag-rpa","23":"tag-screening_general","24":"tag-strefa_gazy","25":"tag-swiat","26":"tag-top-stories","27":"tag-topstories","28":"tag-wiadomosci","29":"tag-world","30":"tag-world-news","31":"tag-worldnews"},"share_on_mastodon":{"url":"https:\/\/pubeurope.com\/@pl\/115780218062596850","error":""},"_links":{"self":[{"href":"https:\/\/www.europesays.com\/pl\/wp-json\/wp\/v2\/posts\/170319","targetHints":{"allow":["GET"]}}],"collection":[{"href":"https:\/\/www.europesays.com\/pl\/wp-json\/wp\/v2\/posts"}],"about":[{"href":"https:\/\/www.europesays.com\/pl\/wp-json\/wp\/v2\/types\/post"}],"author":[{"embeddable":true,"href":"https:\/\/www.europesays.com\/pl\/wp-json\/wp\/v2\/users\/2"}],"replies":[{"embeddable":true,"href":"https:\/\/www.europesays.com\/pl\/wp-json\/wp\/v2\/comments?post=170319"}],"version-history":[{"count":0,"href":"https:\/\/www.europesays.com\/pl\/wp-json\/wp\/v2\/posts\/170319\/revisions"}],"wp:featuredmedia":[{"embeddable":true,"href":"https:\/\/www.europesays.com\/pl\/wp-json\/wp\/v2\/media\/170320"}],"wp:attachment":[{"href":"https:\/\/www.europesays.com\/pl\/wp-json\/wp\/v2\/media?parent=170319"}],"wp:term":[{"taxonomy":"category","embeddable":true,"href":"https:\/\/www.europesays.com\/pl\/wp-json\/wp\/v2\/categories?post=170319"},{"taxonomy":"post_tag","embeddable":true,"href":"https:\/\/www.europesays.com\/pl\/wp-json\/wp\/v2\/tags?post=170319"}],"curies":[{"name":"wp","href":"https:\/\/api.w.org\/{rel}","templated":true}]}}