{"id":170341,"date":"2025-12-25T12:45:18","date_gmt":"2025-12-25T12:45:18","guid":{"rendered":"https:\/\/www.europesays.com\/pl\/170341\/"},"modified":"2025-12-25T12:45:18","modified_gmt":"2025-12-25T12:45:18","slug":"mroz-do-56-st-c-w-rosji-ludzie-nie-moga-wyjsc-z-domow-onet","status":"publish","type":"post","link":"https:\/\/www.europesays.com\/pl\/170341\/","title":{"rendered":"Mr\u00f3z do -56 st. C w Rosji. &quot;Ludzie nie mog\u0105 wyj\u015b\u0107 z dom\u00f3w&quot; &#8211; Onet"},"content":{"rendered":"<ol>\n<li><a href=\"https:\/\/news.google.com\/rss\/articles\/CBMisgFBVV95cUxOUFg4QmNxSy1EMTNYR2dXVDBCdDl4TTdabDRwOEZRcFlEbXZGUndZZ1kybWtxTzBmSFR3WGRHUU5tSENadzJ1VmVQbEktalRrcTF3VmQ0WVBBT0RuUlNBWklIbExJdFA0Z2ViQUY4VXR6NmVjcFkyZ2Z1eDE3TEFKenhEeVdjOVNKSWloaklNTjgyS2EyV2lYRk9mdTJaTmdnei1wcEFfOFJseFp5V3lmS293?oc=5\" target=\"_blank\" rel=\"nofollow noopener\">Mr\u00f3z do -56 st. C w Rosji. &#8222;Ludzie nie mog\u0105 wyj\u015b\u0107 z dom\u00f3w&#8221;<\/a>&nbsp;&nbsp;Onet<\/li>\n<li><a href=\"https:\/\/news.google.com\/rss\/articles\/CBMiugFBVV95cUxOaUhTZlVaTW5qSHMtMUFndXRLNnBvbURod0hNbTNQOUNZaGhPZkpSTFRwSjdVcVNDYlJIQjdvOEJwVlAxaWNLRWUzdDZFVkdJUi05eHgtUzlDVm9qQVg3bWRlQm52V0dfYl9FNVJ0X3VjdTRYZlZ0a3NjNVpYdUpHLVltSkxWZ25qZ2I0R0VOYnRLeUxjQ0pieFhwTzJEOTVuWlJzZzdGdGg4c1lEMm1IdDV4dFB5cF9JNFE?oc=5\" target=\"_blank\" rel=\"nofollow noopener\">&#8222;Lodowa apokalipsa&#8221; na Syberii. Bez specjalnej odzie\u017cy wyj\u015b\u0107 si\u0119 nie da. Nawet -56 stopni<\/a>&nbsp;&nbsp;Wydarzenia w INTERIA.PL<\/li>\n<li><a href=\"https:\/\/news.google.com\/rss\/articles\/CBMimwFBVV95cUxNN1JkWDhSRkU2cGlxYi1XWEZxUGRSUGUydmtWRmdXUXhfdjBHblYweXFqSndRbVBYNlJmRml3WHc3UE9pNWsydXpmanpHZnZuQkxJYTJIdTVWWDQ5bFpJWDNyVmphZU1ScDh4TWNXd1lDTTFzbUdiMzRneERQeXhUWjBJOV9YS1RQMGNQYWtnLWExS05JVThYdmhURQ?oc=5\" target=\"_blank\" rel=\"nofollow noopener\">A\u017c -56 st. C. Kataklizm na Syberii<\/a>&nbsp;&nbsp;WP Wiadomo\u015bci<\/li>\n<li><a href=\"https:\/\/news.google.com\/rss\/articles\/CBMiqgFBVV95cUxPZXVZUENNS3AwcGhMclg3YmlEaHNyRk82S2h4N01hUmU2eGpUVU5ILTd4WkF3cGd1TW4yaEw3d05QRlBOMDZNT3RhUlEyOHVoZU0zXzBrbVlreFZ2dEh5UzFvREtXT1ZCY3FTYzRfUFVTcEprRmVscFM0LXFFZ3c3czZvcjRGN2Z3QnFMWVRiMzZvc01ib3BGdm41UGdxWEhrTUtWdUg0bTdxdw?oc=5\" target=\"_blank\" rel=\"nofollow noopener\">Lodowa apokalipsa w Rosji. Termometry na Syberii pokaza\u0142y -56 st. C<\/a>&nbsp;&nbsp;Polskie Radio 24<\/li>\n<li><a href=\"https:\/\/news.google.com\/rss\/articles\/CBMitAFBVV95cUxPUUwwbEVBS1VUMkNWVGRMSnhvOFNucTc4Nl9CVVpKdGNac3FQSUU5N3AtZTU5b3k1ek9Sd2xyb0FOOGlfVFozWTZ6S2tDVXExZXM5d21kRzNnTDJTQXlYaXRRd1Q5MVNmY0xFdEozdkF0dFFlYVg1WlZCd0tZUTEzU2oxOUFCRlhJclBOcmJ0aG41MDJERjhtUGk1eFVuMVJQSTJacFdzQUlwYzc2aUk1QjBBY3c?oc=5\" target=\"_blank\" rel=\"nofollow noopener\">Ekstremalne temperatury na Syberii. Mieszka\u0144cy korzystaj\u0105 ze specjalnej odzie\u017cy<\/a>&nbsp;&nbsp;TV Republika<\/li>\n<\/ol>\n","protected":false},"excerpt":{"rendered":"Mr\u00f3z do -56 st. C w Rosji. &#8222;Ludzie nie mog\u0105 wyj\u015b\u0107 z dom\u00f3w&#8221;&nbsp;&nbsp;Onet &#8222;Lodowa apokalipsa&#8221; na Syberii. Bez&hellip;\n","protected":false},"author":2,"featured_media":170342,"comment_status":"","ping_status":"","sticky":false,"template":"","format":"standard","meta":{"footnotes":"","_share_on_mastodon":"0"},"categories":[12],"tags":[32,33,36,37,27,33530,34,35,28,31,53,25,52,68,51,55,42,10421,38,40,39,41,62,47,591,21124,29,30,50,26],"class_list":["post-170341","post","type-post","status-publish","format-standard","has-post-thumbnail","category-polska","tag-breaking-news","tag-breakingnews","tag-featured-news","tag-featurednews","tag-headlines","tag-jakucja_region_rosji","tag-latest-news","tag-latestnews","tag-naglowki","tag-najwazniejsze-artykuly","tag-new_header","tag-news","tag-onet3","tag-onet3d","tag-onet3d_2i","tag-phx","tag-pl","tag-podroze_onet","tag-poland","tag-polish","tag-polska","tag-polski","tag-rosja_kraj_rosjanin_rosjanie_rosjanka_rosjanki","tag-screening_general","tag-srodowisko","tag-syberia","tag-top-stories","tag-topstories","tag-v2021","tag-wiadomosci"],"share_on_mastodon":{"url":"https:\/\/pubeurope.com\/@pl\/115780277046581566","error":""},"_links":{"self":[{"href":"https:\/\/www.europesays.com\/pl\/wp-json\/wp\/v2\/posts\/170341","targetHints":{"allow":["GET"]}}],"collection":[{"href":"https:\/\/www.europesays.com\/pl\/wp-json\/wp\/v2\/posts"}],"about":[{"href":"https:\/\/www.europesays.com\/pl\/wp-json\/wp\/v2\/types\/post"}],"author":[{"embeddable":true,"href":"https:\/\/www.europesays.com\/pl\/wp-json\/wp\/v2\/users\/2"}],"replies":[{"embeddable":true,"href":"https:\/\/www.europesays.com\/pl\/wp-json\/wp\/v2\/comments?post=170341"}],"version-history":[{"count":0,"href":"https:\/\/www.europesays.com\/pl\/wp-json\/wp\/v2\/posts\/170341\/revisions"}],"wp:featuredmedia":[{"embeddable":true,"href":"https:\/\/www.europesays.com\/pl\/wp-json\/wp\/v2\/media\/170342"}],"wp:attachment":[{"href":"https:\/\/www.europesays.com\/pl\/wp-json\/wp\/v2\/media?parent=170341"}],"wp:term":[{"taxonomy":"category","embeddable":true,"href":"https:\/\/www.europesays.com\/pl\/wp-json\/wp\/v2\/categories?post=170341"},{"taxonomy":"post_tag","embeddable":true,"href":"https:\/\/www.europesays.com\/pl\/wp-json\/wp\/v2\/tags?post=170341"}],"curies":[{"name":"wp","href":"https:\/\/api.w.org\/{rel}","templated":true}]}}