{"id":170483,"date":"2025-12-25T14:16:14","date_gmt":"2025-12-25T14:16:14","guid":{"rendered":"https:\/\/www.europesays.com\/pl\/170483\/"},"modified":"2025-12-25T14:16:14","modified_gmt":"2025-12-25T14:16:14","slug":"donald-trump-sklada-bozonarodzeniowe-zyczenia-radykalne-lewicowe-szumowiny-2","status":"publish","type":"post","link":"https:\/\/www.europesays.com\/pl\/170483\/","title":{"rendered":"Donald Trump sk\u0142ada bo\u017conarodzeniowe \u017cyczenia. &#8222;Radykalne lewicowe szumowiny&#8221;"},"content":{"rendered":"<ul class=\"UnorderedList_container__nmfSl\">\n<li class=\"UnorderedList_listElement__Py7xi\" data-id=\"ai-summary-link\">Du\u017co czytania, a ma\u0142o czasu? Sprawd\u017a\u00a0skr\u00f3t\u00a0artyku\u0142u<\/li>\n<\/ul>\n<p class=\"Paragraph_desktopParagraph__U31Gm\">Trump nie szcz\u0119dzi\u0142 mocnych s\u0142\u00f3w pod adresem swoich krytyk\u00f3w. W opublikowanym wpisie czytamy:<\/p>\n<p class=\"Paragraph_desktopParagraph__U31Gm\">&#8222;Weso\u0142ych \u015bwi\u0105t Bo\u017cego Narodzenia dla wszystkich, w tym tak\u017ce dla radykalnych lewicowych szumowin, kt\u00f3re robi\u0105 wszystko, co mo\u017cliwe, aby zniszczy\u0107 nasz kraj \u2014 lecz ponosz\u0105 sromotn\u0105 pora\u017ck\u0119&#8221; \u2014 napisa\u0142 Donald Trump.<\/p>\n<p class=\"VideoPlayerText_videoPlayerText__iDwyz\">Dalszy ci\u0105g materia\u0142u pod wideo<\/p>\n<ul class=\"OchatFollowUps_wrapper__1ry7X\">\n<li class=\"OchatFollowUps_item__Dhyly OchatFollowUps_itemDesktop__R6aBv\">Jakie \u017cyczenia bo\u017conarodzeniowe z\u0142o\u017cy\u0142 Donald Trump?<\/li>\n<li class=\"OchatFollowUps_item__Dhyly OchatFollowUps_itemDesktop__R6aBv\">Co Trump powiedzia\u0142 o lewicowych przeciwnikach?<\/li>\n<li class=\"OchatFollowUps_item__Dhyly OchatFollowUps_itemDesktop__R6aBv\">Jakie osi\u0105gni\u0119cia przypisuje sobie Trump?<\/li>\n<li class=\"OchatFollowUps_item__Dhyly OchatFollowUps_itemDesktop__R6aBv\">Jak zako\u0144czy\u0142 swoje bo\u017conarodzeniowe przes\u0142anie?<\/li>\n<\/ul>\n<p>Trump sk\u0142ada \u017cyczenia. &#8222;Lewicowe szumowiny&#8221; <\/p>\n<p class=\"Paragraph_desktopParagraph__U31Gm\">Polityk w dalszej cz\u0119\u015bci wiadomo\u015bci przeszed\u0142 do prezentacji w\u0142asnych dokona\u0144. Przekonywa\u0142, \u017ce dzi\u0119ki jego rz\u0105dom Stany Zjednoczone nie musz\u0105 si\u0119 ju\u017c mierzy\u0107 z problemem &#8222;otwartych granic&#8221;, obecno\u015bci\u0105 &#8222;m\u0119\u017cczyzn w kobiecych sportach&#8221; czy &#8222;transp\u0142ciowo\u015bci\u0105 dla wszystkich&#8221;. Trump przypisa\u0142 sobie r\u00f3wnie\u017c najni\u017cszy wska\u017anik przest\u0119pczo\u015bci od dekad, brak inflacji oraz rekordowe wyniki na gie\u0142dzie.<\/p>\n<p class=\"Paragraph_desktopParagraph__U31Gm\">Wed\u0142ug Trumpa, wprowadzone przez niego c\u0142a wygenerowa\u0142y &#8222;miliardy dolar\u00f3w wzrostu gospodarczego i dobrobytu&#8221;, co mia\u0142o prze\u0142o\u017cy\u0107 si\u0119 na najsilniejsze bezpiecze\u0144stwo narodowe w historii kraju. &#8222;Jeste\u015bmy ponownie szanowani \u2014 by\u0107 mo\u017ce jak nigdy dot\u0105d&#8221; \u2014 doda\u0142 polityk.<\/p>\n<p class=\"Paragraph_desktopParagraph__U31Gm\">Eksperci zauwa\u017caj\u0105, \u017ce to nie pierwszy raz, kiedy Donald Trump wykorzystuje okres \u015bwi\u0105teczny do obra\u017cania przeciwnik\u00f3w politycznych. Na Wielkanoc pisa\u0142 o &#8222;radykalnie lewicowych \u015bwirach&#8221;, oskar\u017caj\u0105c ich o &#8222;sprowadzanie morderc\u00f3w do kraju&#8221; oraz atakowa\u0142 s\u0119dzi\u00f3w blokuj\u0105cych jego polityk\u0119.<\/p>\n<p class=\"Paragraph_desktopParagraph__U31Gm\">Na Bo\u017ce Narodzenie rok wcze\u015bniej ostro krytykowa\u0142 premiera Kanady Justina Trudeau (nazywaj\u0105c go &#8222;gubernatorem&#8221;) oraz poleci\u0142 przest\u0119pcom, kt\u00f3rym Joe Biden z\u0142agodzi\u0142 wyroki, aby &#8222;poszli do piek\u0142a&#8221;.<\/p>\n<p class=\"Paragraph_desktopParagraph__U31Gm\">Tegoroczny wpis, pe\u0142en politycznych deklaracji, zako\u0144czy\u0142 si\u0119 patriotycznym akcentem: &#8222;Niech B\u00f3g b\u0142ogos\u0142awi Ameryk\u0119!!! Prezydent DJT&#8221;.<\/p>\n","protected":false},"excerpt":{"rendered":"Du\u017co czytania, a ma\u0142o czasu? Sprawd\u017a\u00a0skr\u00f3t\u00a0artyku\u0142u Trump nie szcz\u0119dzi\u0142 mocnych s\u0142\u00f3w pod adresem swoich krytyk\u00f3w. W opublikowanym wpisie&hellip;\n","protected":false},"author":2,"featured_media":170484,"comment_status":"","ping_status":"","sticky":false,"template":"","format":"standard","meta":{"footnotes":""},"categories":[12],"tags":[18916,32,33,58,36,37,27,67,34,35,4463,28,31,53,25,52,68,51,55,42,38,40,39,41,47,59,29,30,65,50,26,11268],"class_list":{"0":"post-170483","1":"post","2":"type-post","3":"status-publish","4":"format-standard","5":"has-post-thumbnail","7":"category-polska","8":"tag-boze_narodzenie_swieta_bozego_narodzenia_wigilia","9":"tag-breaking-news","10":"tag-breakingnews","11":"tag-donald_trump_prezydent_usa","12":"tag-featured-news","13":"tag-featurednews","14":"tag-headlines","15":"tag-intextvideo_splayer","16":"tag-latest-news","17":"tag-latestnews","18":"tag-lewica","19":"tag-naglowki","20":"tag-najwazniejsze-artykuly","21":"tag-new_header","22":"tag-news","23":"tag-onet3","24":"tag-onet3d","25":"tag-onet3d_2i","26":"tag-phx","27":"tag-pl","28":"tag-poland","29":"tag-polish","30":"tag-polska","31":"tag-polski","32":"tag-screening_general","33":"tag-stany_zjednoczone_usa","34":"tag-top-stories","35":"tag-topstories","36":"tag-update_me","37":"tag-v2021","38":"tag-wiadomosci","39":"tag-zyczenia"},"share_on_mastodon":{"url":"","error":"Validation failed: Text character limit of 500 exceeded"},"_links":{"self":[{"href":"https:\/\/www.europesays.com\/pl\/wp-json\/wp\/v2\/posts\/170483","targetHints":{"allow":["GET"]}}],"collection":[{"href":"https:\/\/www.europesays.com\/pl\/wp-json\/wp\/v2\/posts"}],"about":[{"href":"https:\/\/www.europesays.com\/pl\/wp-json\/wp\/v2\/types\/post"}],"author":[{"embeddable":true,"href":"https:\/\/www.europesays.com\/pl\/wp-json\/wp\/v2\/users\/2"}],"replies":[{"embeddable":true,"href":"https:\/\/www.europesays.com\/pl\/wp-json\/wp\/v2\/comments?post=170483"}],"version-history":[{"count":0,"href":"https:\/\/www.europesays.com\/pl\/wp-json\/wp\/v2\/posts\/170483\/revisions"}],"wp:featuredmedia":[{"embeddable":true,"href":"https:\/\/www.europesays.com\/pl\/wp-json\/wp\/v2\/media\/170484"}],"wp:attachment":[{"href":"https:\/\/www.europesays.com\/pl\/wp-json\/wp\/v2\/media?parent=170483"}],"wp:term":[{"taxonomy":"category","embeddable":true,"href":"https:\/\/www.europesays.com\/pl\/wp-json\/wp\/v2\/categories?post=170483"},{"taxonomy":"post_tag","embeddable":true,"href":"https:\/\/www.europesays.com\/pl\/wp-json\/wp\/v2\/tags?post=170483"}],"curies":[{"name":"wp","href":"https:\/\/api.w.org\/{rel}","templated":true}]}}