{"id":170493,"date":"2025-12-25T14:24:09","date_gmt":"2025-12-25T14:24:09","guid":{"rendered":"https:\/\/www.europesays.com\/pl\/170493\/"},"modified":"2025-12-25T14:24:09","modified_gmt":"2025-12-25T14:24:09","slug":"tragiczny-wypadek-w-wigilijna-noc-nie-zyje-24-latek","status":"publish","type":"post","link":"https:\/\/www.europesays.com\/pl\/170493\/","title":{"rendered":"Tragiczny wypadek w wigilijn\u0105 noc. Nie \u017cyje 24-latek"},"content":{"rendered":"<p>Do zdarzenia dosz\u0142o noc\u0105 z\u00a024 na 25 grudnia na trasie Ryn &#8211;\u00a0Ster\u0142awki Wielkie niedaleko Gi\u017cycka w\u00a0woj. warmi\u0144sko-mazurskim.<\/p>\n<p>\u015amiertelny wypadek pod Gi\u017cyckiem. Nie \u017cyje 24-letni kierowca <\/p>\n<p>&#8222;Ze wst\u0119pnych ustale\u0144 policjant\u00f3w wynika, \u017ce kieruj\u0105cy samochodem marki BMW, jad\u0105c z\u00a0Rynu w\u00a0kierunku miejscowo\u015bci Ster\u0142awki Wielkie, z\u00a0nieustalonych przyczyn zjecha\u0142 na przeciwleg\u0142y pas ruchu, a\u00a0nast\u0119pnie uderzy\u0142 w\u00a0przydro\u017cne drzewo&#8221; &#8211;\u00a0poda\u0142a Komenda Powiatowa Policji w\u00a0Gi\u017cycku w\u00a0komunikacie opublikowanym w\u00a0mediach spo\u0142eczno\u015bciowych. <\/p>\n<p>R\u00f3zgi i\u00a0prezenty dla polityk\u00f3w. Tak odpowiedzieli Polacy <\/p>\n<p>24-letni m\u0119\u017cczyzna zmar\u0142 na miejscu. Jak przekazali mundurowi, na miejscu pracowa\u0142y s\u0142u\u017cby ratunkowe oraz funkcjonariusze pod nadzorem prokuratora.<\/p>\n<p>&#8222;Dok\u0142adne przyczyny i\u00a0przebieg tego tragicznego zdarzenia s\u0105 wyja\u015bniane przez policjant\u00f3w&#8221; &#8211;\u00a0dodano.<\/p>\n<p>\u0179r\u00f3d\u0142o: Komenda Powiatowa Policji w\u00a0Gi\u017cycku<\/p>\n","protected":false},"excerpt":{"rendered":"Do zdarzenia dosz\u0142o noc\u0105 z\u00a024 na 25 grudnia na trasie Ryn &#8211;\u00a0Ster\u0142awki Wielkie niedaleko Gi\u017cycka w\u00a0woj. warmi\u0144sko-mazurskim. \u015amiertelny&hellip;\n","protected":false},"author":2,"featured_media":170494,"comment_status":"","ping_status":"","sticky":false,"template":"","format":"standard","meta":{"footnotes":""},"categories":[5],"tags":[32,33,36,37,27,34,35,28,31,25,42,38,40,39,41,29,30,26],"class_list":{"0":"post-170493","1":"post","2":"type-post","3":"status-publish","4":"format-standard","5":"has-post-thumbnail","7":"category-naglowki","8":"tag-breaking-news","9":"tag-breakingnews","10":"tag-featured-news","11":"tag-featurednews","12":"tag-headlines","13":"tag-latest-news","14":"tag-latestnews","15":"tag-naglowki","16":"tag-najwazniejsze-artykuly","17":"tag-news","18":"tag-pl","19":"tag-poland","20":"tag-polish","21":"tag-polska","22":"tag-polski","23":"tag-top-stories","24":"tag-topstories","25":"tag-wiadomosci"},"share_on_mastodon":{"url":"https:\/\/pubeurope.com\/@pl\/115780666414380948","error":""},"_links":{"self":[{"href":"https:\/\/www.europesays.com\/pl\/wp-json\/wp\/v2\/posts\/170493","targetHints":{"allow":["GET"]}}],"collection":[{"href":"https:\/\/www.europesays.com\/pl\/wp-json\/wp\/v2\/posts"}],"about":[{"href":"https:\/\/www.europesays.com\/pl\/wp-json\/wp\/v2\/types\/post"}],"author":[{"embeddable":true,"href":"https:\/\/www.europesays.com\/pl\/wp-json\/wp\/v2\/users\/2"}],"replies":[{"embeddable":true,"href":"https:\/\/www.europesays.com\/pl\/wp-json\/wp\/v2\/comments?post=170493"}],"version-history":[{"count":0,"href":"https:\/\/www.europesays.com\/pl\/wp-json\/wp\/v2\/posts\/170493\/revisions"}],"wp:featuredmedia":[{"embeddable":true,"href":"https:\/\/www.europesays.com\/pl\/wp-json\/wp\/v2\/media\/170494"}],"wp:attachment":[{"href":"https:\/\/www.europesays.com\/pl\/wp-json\/wp\/v2\/media?parent=170493"}],"wp:term":[{"taxonomy":"category","embeddable":true,"href":"https:\/\/www.europesays.com\/pl\/wp-json\/wp\/v2\/categories?post=170493"},{"taxonomy":"post_tag","embeddable":true,"href":"https:\/\/www.europesays.com\/pl\/wp-json\/wp\/v2\/tags?post=170493"}],"curies":[{"name":"wp","href":"https:\/\/api.w.org\/{rel}","templated":true}]}}