{"id":170653,"date":"2025-12-25T16:06:18","date_gmt":"2025-12-25T16:06:18","guid":{"rendered":"https:\/\/www.europesays.com\/pl\/170653\/"},"modified":"2025-12-25T16:06:18","modified_gmt":"2025-12-25T16:06:18","slug":"nieodpowiedzialny-kierowca-w-kuzni-raciborskiej-stracil-panowanie-nad-audi","status":"publish","type":"post","link":"https:\/\/www.europesays.com\/pl\/170653\/","title":{"rendered":"Nieodpowiedzialny kierowca w Ku\u017ani Raciborskiej \u2013 straci\u0142 panowanie nad Audi"},"content":{"rendered":"<p>Ku\u017ania Raciborska: <\/p>\n<p>Dzi\u015b, 25.12., rano w Ku\u017ani Raciborskiej dosz\u0142o do zdarzenia drogowego, w kt\u00f3rym kieruj\u0105cy Audi zjecha\u0142 z drogi. Jak si\u0119 okaza\u0142o, m\u0119\u017cczyzna nie posiada\u0142 uprawnie\u0144 do kierowania pojazdami.<\/p>\n<p>Do zdarzenia dosz\u0142o tu\u017c po godzinie 9:00 w Ku\u017ani Raciborskiej. Kierowca samochodu osobowego marki Audi straci\u0142 panowanie nad pojazdem i zjecha\u0142 z drogi, powoduj\u0105c zagro\u017cenie dla siebie i innych uczestnik\u00f3w ruchu.<\/p>\n<p>Po weryfikacji w policyjnych systemach ustalono, \u017ce 42-letni m\u0119\u017cczyzna nie posiada\u0142 uprawnie\u0144 do kierowania pojazdami. Teraz odpowie za swoje zachowanie przed s\u0105dem.<\/p>\n<p>Policja apeluje do wszystkich kierowc\u00f3w o zachowanie rozwagi i ostro\u017cno\u015bci na drodze, zw\u0142aszcza w okresie zimowym. Bezpiecze\u0144stwo uczestnik\u00f3w ruchu drogowego zale\u017cy od przestrzegania przepis\u00f3w i odpowiedzialnej jazdy.<\/p>\n","protected":false},"excerpt":{"rendered":"Ku\u017ania Raciborska: Dzi\u015b, 25.12., rano w Ku\u017ani Raciborskiej dosz\u0142o do zdarzenia drogowego, w kt\u00f3rym kieruj\u0105cy Audi zjecha\u0142 z&hellip;\n","protected":false},"author":2,"featured_media":170654,"comment_status":"","ping_status":"","sticky":false,"template":"","format":"standard","meta":{"footnotes":"","_share_on_mastodon":"0"},"categories":[16],"tags":[210,113,112,18138,397,7749,291,18135,18131,18132,18136,1066,18140,18133,25,18142,18137,42,38,40,39,41,18141,11597,18139,123,18134,127,224,17258,26],"class_list":["post-170653","post","type-post","status-publish","format-standard","has-post-thumbnail","category-biznes","tag-aktualnosci","tag-biznes","tag-business","tag-fakty","tag-filmy","tag-gazeta","tag-historia","tag-kornowac","tag-krzanowice","tag-krzyzanowice","tag-kuzniaraciborska","tag-miasto","tag-naszraciborz-pl","tag-nedza","tag-news","tag-noworodki","tag-pietrowicewielkie","tag-pl","tag-poland","tag-polish","tag-polska","tag-polski","tag-powiat","tag-raciborz","tag-ratibor","tag-rozrywka","tag-rudnik","tag-sport","tag-telewizja","tag-tygodnik","tag-wiadomosci"],"share_on_mastodon":{"url":"https:\/\/pubeurope.com\/@pl\/115781067611506412","error":""},"_links":{"self":[{"href":"https:\/\/www.europesays.com\/pl\/wp-json\/wp\/v2\/posts\/170653","targetHints":{"allow":["GET"]}}],"collection":[{"href":"https:\/\/www.europesays.com\/pl\/wp-json\/wp\/v2\/posts"}],"about":[{"href":"https:\/\/www.europesays.com\/pl\/wp-json\/wp\/v2\/types\/post"}],"author":[{"embeddable":true,"href":"https:\/\/www.europesays.com\/pl\/wp-json\/wp\/v2\/users\/2"}],"replies":[{"embeddable":true,"href":"https:\/\/www.europesays.com\/pl\/wp-json\/wp\/v2\/comments?post=170653"}],"version-history":[{"count":0,"href":"https:\/\/www.europesays.com\/pl\/wp-json\/wp\/v2\/posts\/170653\/revisions"}],"wp:featuredmedia":[{"embeddable":true,"href":"https:\/\/www.europesays.com\/pl\/wp-json\/wp\/v2\/media\/170654"}],"wp:attachment":[{"href":"https:\/\/www.europesays.com\/pl\/wp-json\/wp\/v2\/media?parent=170653"}],"wp:term":[{"taxonomy":"category","embeddable":true,"href":"https:\/\/www.europesays.com\/pl\/wp-json\/wp\/v2\/categories?post=170653"},{"taxonomy":"post_tag","embeddable":true,"href":"https:\/\/www.europesays.com\/pl\/wp-json\/wp\/v2\/tags?post=170653"}],"curies":[{"name":"wp","href":"https:\/\/api.w.org\/{rel}","templated":true}]}}