{"id":170704,"date":"2025-12-25T16:37:13","date_gmt":"2025-12-25T16:37:13","guid":{"rendered":"https:\/\/www.europesays.com\/pl\/170704\/"},"modified":"2025-12-25T16:37:13","modified_gmt":"2025-12-25T16:37:13","slug":"cysterna-z-siarka-zapalila-sie-na-mazowszu-sluzby-gasnicze-w-akcji-onet-wiadomosci","status":"publish","type":"post","link":"https:\/\/www.europesays.com\/pl\/170704\/","title":{"rendered":"Cysterna z siark\u0105 zapali\u0142a si\u0119 na Mazowszu. S\u0142u\u017cby ga\u015bnicze w akcji &#8211; Onet Wiadomo\u015bci"},"content":{"rendered":"<ol>\n<li><a href=\"https:\/\/news.google.com\/rss\/articles\/CBMirwFBVV95cUxPT0U2dUc0M2o5RkFmQ0R5SE5MbldlQUM3T1ItcHhSUnhXZGlMVjVUVDhGQkhMVmlRaHl1b3Y3N3RGbjlCWEMwMHVGOHM5R1dVQUlnaExpaGxPVEtGV0ZfblVtbHlBMnRaQ3RZQ2J5M2VUdjBxSUtJRTNHMFRXMGgwcUF5UG1jNEhfRXNBNDlnYjZXTTA0OEg5Zm1scHlfQkFESkpBTjMyeEdWNWJGTzY0?oc=5\" target=\"_blank\" rel=\"nofollow noopener\">Cysterna z siark\u0105 zapali\u0142a si\u0119 na Mazowszu. S\u0142u\u017cby ga\u015bnicze w akcji<\/a>&nbsp;&nbsp;Onet Wiadomo\u015bci<\/li>\n<li><a href=\"https:\/\/news.google.com\/rss\/articles\/CBMiswFBVV95cUxOczItUXdiN0VndFpXQkJRUmY3MTIzU0xpU1owSEhsRnJJOF9yM08yOC03dDdwVlVCTnpUMS00aWdyVEVQckdoWXhEWmVtMzE5MlNKZmRNVTk0WktXSUtSdFFkVXNOcDJ2YTk1RVVTSUhLb1Z2VFo4YUdBTlpzYU5yckVWY3A3RzNIbnRMQi1SdmtRRVNxT1FFbGdrN3AxaWZnMGFHT0tnOHF1TjhweW9DY0RWOA?oc=5\" target=\"_blank\" rel=\"nofollow noopener\">P\u0142on\u0105ca cysterna przy dworcu. &#8222;Gro\u017ane zdarzenie&#8221;<\/a>&nbsp;&nbsp;TVN24<\/li>\n<li><a href=\"https:\/\/news.google.com\/rss\/articles\/CBMiowFBVV95cUxPZUI3VVQ0czZsVXNFVmtNcVJ5WlBSd3NQeUptdUo2bU10ZTFWYnB1NTh0VVZOU0dvanh3eHBBa1ZDUE90aHgySVhaRHcxcnBzX0lDSGRFdlJYaHA5X21NeWI5VEhmMGc3aDBNTS1CdUZlN2RNNWo5RlJWU3RxR3ZlaGk0Z3laU25yMjBfMjdSRWdIUTFvbURmMXZlMnVIOEJtcS0w?oc=5\" target=\"_blank\" rel=\"nofollow noopener\">Wyciek nieznanej substancji przy dworcu. Specjalistyczne s\u0142u\u017cby na miejscu<\/a>&nbsp;&nbsp;TVP Info<\/li>\n<li><a href=\"https:\/\/news.google.com\/rss\/articles\/CBMiugFBVV95cUxNTkUxc3htZlE1Y2JxWnJlcmZZa2ZPUEZZTFlDdFB4R1A0N0VMXzM5cUdZN3lKQjNtVENqMjFoM3liV0dHYVEzclhnNVdzdDRfa2dUSXNHNkJ0bzV5TXhyTVRfdzNFdVdhdlRWUkp5TkJDRU5TeXBFWEpQRjg0Tjg4VC1mcFdza2k2VUFlUmhsQlNEV3Jsc3JKMUFnOUdOOFVtY3U0UGNSU3dvX2ZnSXl2a21wYVJxU1lZelE?oc=5\" target=\"_blank\" rel=\"nofollow noopener\">Rozszczelniona cysterna z siark\u0105. &#8222;S\u0142u\u017cby prosz\u0105 o unikanie rejonu dworca PKP&#8221;<\/a>&nbsp;&nbsp;WP Wiadomo\u015bci<\/li>\n<li><a href=\"https:\/\/news.google.com\/rss\/articles\/CBMiuwFBVV95cUxPZlhsVTVTUmY4TFpGdkNYV3FDengxeWd2eTU2bHZJSmlwV1BHRFo3cFhCazkwYkwtbVRseDdSR3F6RDdIVmdzRFA1LXd4VjNhTnhLVE9xWG40dEpxSklnR1Y4dE54SFEzdjczanlENmtXVWp3S2pkX2hHU24yVGpDSlQwaDJIaXI3UEthQmVHVWt2bXUwU2JYaE55Zy1YdFIzQ2dsVXdzUjJiV0k1c0FvU2JHblZQR3hEeF9z?oc=5\" target=\"_blank\" rel=\"nofollow noopener\">Wyciek z cysterny na stacji PKP w Gostyninie. S\u0142u\u017cby apeluj\u0105 o unikanie okolicy dworca<\/a>&nbsp;&nbsp;Gostynin.info<\/li>\n<\/ol>\n","protected":false},"excerpt":{"rendered":"Cysterna z siark\u0105 zapali\u0142a si\u0119 na Mazowszu. S\u0142u\u017cby ga\u015bnicze w akcji&nbsp;&nbsp;Onet Wiadomo\u015bci P\u0142on\u0105ca cysterna przy dworcu. &#8222;Gro\u017ane zdarzenie&#8221;&nbsp;&nbsp;TVN24&hellip;\n","protected":false},"author":2,"featured_media":170705,"comment_status":"","ping_status":"","sticky":false,"template":"","format":"standard","meta":{"footnotes":""},"categories":[12],"tags":[32,33,36,37,31151,27,34,35,28,31,48,25,46,1200,42,38,40,39,41,2148,47,33563,29,30,70,435,26],"class_list":{"0":"post-170704","1":"post","2":"type-post","3":"status-publish","4":"format-standard","5":"has-post-thumbnail","7":"category-polska","8":"tag-breaking-news","9":"tag-breakingnews","10":"tag-featured-news","11":"tag-featurednews","12":"tag-gostynin_miasto","13":"tag-headlines","14":"tag-latest-news","15":"tag-latestnews","16":"tag-naglowki","17":"tag-najwazniejsze-artykuly","18":"tag-nat_styl","19":"tag-news","20":"tag-omp","21":"tag-pkp","22":"tag-pl","23":"tag-poland","24":"tag-polish","25":"tag-polska","26":"tag-polski","27":"tag-pozar","28":"tag-screening_general","29":"tag-siarka","30":"tag-top-stories","31":"tag-topstories","32":"tag-w_skrocie","33":"tag-warszawa","34":"tag-wiadomosci"},"share_on_mastodon":{"url":"https:\/\/pubeurope.com\/@pl\/115781189174701599","error":""},"_links":{"self":[{"href":"https:\/\/www.europesays.com\/pl\/wp-json\/wp\/v2\/posts\/170704","targetHints":{"allow":["GET"]}}],"collection":[{"href":"https:\/\/www.europesays.com\/pl\/wp-json\/wp\/v2\/posts"}],"about":[{"href":"https:\/\/www.europesays.com\/pl\/wp-json\/wp\/v2\/types\/post"}],"author":[{"embeddable":true,"href":"https:\/\/www.europesays.com\/pl\/wp-json\/wp\/v2\/users\/2"}],"replies":[{"embeddable":true,"href":"https:\/\/www.europesays.com\/pl\/wp-json\/wp\/v2\/comments?post=170704"}],"version-history":[{"count":0,"href":"https:\/\/www.europesays.com\/pl\/wp-json\/wp\/v2\/posts\/170704\/revisions"}],"wp:featuredmedia":[{"embeddable":true,"href":"https:\/\/www.europesays.com\/pl\/wp-json\/wp\/v2\/media\/170705"}],"wp:attachment":[{"href":"https:\/\/www.europesays.com\/pl\/wp-json\/wp\/v2\/media?parent=170704"}],"wp:term":[{"taxonomy":"category","embeddable":true,"href":"https:\/\/www.europesays.com\/pl\/wp-json\/wp\/v2\/categories?post=170704"},{"taxonomy":"post_tag","embeddable":true,"href":"https:\/\/www.europesays.com\/pl\/wp-json\/wp\/v2\/tags?post=170704"}],"curies":[{"name":"wp","href":"https:\/\/api.w.org\/{rel}","templated":true}]}}