{"id":170828,"date":"2025-12-25T18:01:27","date_gmt":"2025-12-25T18:01:27","guid":{"rendered":"https:\/\/www.europesays.com\/pl\/170828\/"},"modified":"2025-12-25T18:01:27","modified_gmt":"2025-12-25T18:01:27","slug":"archidiecezja-katowicka-spotkania-wigilijne-w-katowicach","status":"publish","type":"post","link":"https:\/\/www.europesays.com\/pl\/170828\/","title":{"rendered":"Archidiecezja Katowicka &#8211; Spotkania wigilijne w Katowicach"},"content":{"rendered":"<p>Dzie\u0144 ten wype\u0142niony by\u0142 licznymi spotkaniami, modlitw\u0105 oraz konkretn\u0105 pos\u0142ug\u0105 wobec os\u00f3b starszych, samotnych i bezdomnych.<\/p>\n<p>W godzinach porannych arcybiskup spotka\u0142 si\u0119 z ksi\u0119\u017cmi emerytami w Domu \u015bw. J\u00f3zefa, gdzie wsp\u00f3lnie z nimi oraz biskupami pomocniczymi Markiem Szkud\u0142o, Adamem Wodarczykiem i Grzegorzem Olszowskim celebrowali Msz\u0119 \u015bw.\u00a0oraz spo\u017cyli\u00a0\u015bniadanie. Metropolita z\u0142o\u017cy\u0142 kap\u0142anom serdeczne \u017cyczenia bo\u017conarodzeniowe, dzi\u0119kuj\u0105c im za wieloletni\u0105 pos\u0142ug\u0119, zaanga\u017cowanie duszpasterskie, obecno\u015b\u0107 oraz modlitewne wsparcie Ko\u015bcio\u0142a.<\/p>\n<p><img decoding=\"async\" src=\"https:\/\/www.europesays.com\/pl\/wp-content\/uploads\/2025\/12\/image15.jpeg\"\/><\/p>\n<p>Nast\u0119pnie abp Andrzej\u00a0odwiedzi\u0142 abp.\u00a0seniora Damiana Zimonia w jego rezydencji. Podczas spotkania z\u0142o\u017cy\u0142 mu \u015bwi\u0105teczne \u017cyczenia, dzi\u0119kuj\u0105c za modlitw\u0119, \u017cycz\u0105c pokoju serca, Bo\u017cego b\u0142ogos\u0142awie\u0144stwa oraz \u0142aski zdrowia.<\/p>\n<p><img decoding=\"async\" src=\"https:\/\/www.europesays.com\/pl\/wp-content\/uploads\/2025\/12\/PHOTO-2025-12-24-15-54-03.jpg\"\/><\/p>\n<p>Kolejnym punktem wigilijnego dnia by\u0142a wizyta u si\u00f3str Misjonarek Mi\u0142o\u015bci &#8211; si\u00f3str kalkutek, kt\u00f3re przygotowa\u0142y Wigili\u0119 dla blisko 100\u00a0os\u00f3b potrzebuj\u0105cych. Arcybiskup nie tylko z\u0142o\u017cy\u0142 \u015bwi\u0105teczne \u017cyczenia, lecz tak\u017ce aktywnie w\u0142\u0105czy\u0142 si\u0119 w przygotowania, wsp\u00f3lnie z osobami bezdomnymi pomagaj\u0105c w organizacji sali oraz przygotowaniu wieczerzy wigilijnej.<\/p>\n<p><img decoding=\"async\" src=\"https:\/\/www.europesays.com\/pl\/wp-content\/uploads\/2025\/12\/image10o0kko0.jpeg\"\/><\/p>\n<p>W dalszej cz\u0119\u015bci dnia metropolita uda\u0142 si\u0119 do Mys\u0142owic na Bo\u0144czyk, gdzie ju\u017c od 13 lat organizowana jest Wigilia dla os\u00f3b bezdomnych i samotnych. W spotkaniu wzi\u0119\u0142o udzia\u0142 oko\u0142o 150 os\u00f3b, kt\u00f3re wsp\u00f3lnie z miejscowym proboszczem i ksi\u0119dzem emerytem dzieli\u0142y si\u0119 op\u0142atkiem, sk\u0142ada\u0142y sobie \u017cyczenia do\u015bwiadczaj\u0105c wsparcia oraz blisko\u015bci w tym szczeg\u00f3lnym czasie.<\/p>\n<p><img decoding=\"async\" src=\"https:\/\/www.europesays.com\/pl\/wp-content\/uploads\/2025\/12\/imagegbhbh6.jpeg\"\/><\/p>\n<p>O godz. 16. abp\u00a0Przybylski uczestniczy\u0142 w Metropolitalnej Wigilii bez Samotno\u015bci 2025, kt\u00f3ra odby\u0142a si\u0119 w Mi\u0119dzynarodowym Centrum Kongresowym w Katowicach. W wydarzeniu wzi\u0119\u0142o udzia\u0142 blisko 600 os\u00f3b. Obecni byli r\u00f3wnie\u017c przedstawiciele w\u0142adz samorz\u0105dowych, w tym prezydent Katowic oraz radni i reprezentanci kilku \u015bl\u0105skich miast. Spotkanie by\u0142o okazj\u0105 do wsp\u00f3lnego sk\u0142adania \u017cycze\u0144, spo\u017cycia posi\u0142ku oraz okazania solidarno\u015bci osobom samotnym i bezdomnym. Arcybiskup tak\u017ce tam czynnie anga\u017cowa\u0142 si\u0119 w pos\u0142ug\u0119, rozdaj\u0105c posi\u0142ki uczestnikom Wigilii.<\/p>\n<p>Pierwsza Wigilia abp.\u00a0Andrzeja Przybylskiego w Katowicach sta\u0142a si\u0119 \u015bwiadectwem blisko\u015bci Ko\u015bcio\u0142a wobec cz\u0142owieka, szczeg\u00f3lnie tego najbardziej potrzebuj\u0105cego oraz znakiem wsp\u00f3lnoty, kt\u00f3ra w \u015bwi\u0119ta Bo\u017cego Narodzenia nie pozostawia nikogo samego.<\/p>\n<p><img decoding=\"async\" src=\"https:\/\/www.europesays.com\/pl\/wp-content\/uploads\/2025\/12\/gyguguuu.jpeg\"\/><\/p>\n<p>Wieczorem o godz. 22. ks. arcybiskup\u00a0celebrowa\u0107 b\u0119dzie Msz\u0119 \u015bw. w sanktuarium Matki Sprawiedliwo\u015bci i Mi\u0142o\u015bci Spo\u0142ecznej w Piekarach \u015al\u0105skich, za\u015b o p\u00f3\u0142nocy Pasterk\u0119 w bazylice \u015bw. Ludwika Kr\u00f3la i Wniebowzi\u0119cia Naj\u015bwi\u0119tszej Maryi Panny w Katowicach-Panewnikach.<\/p>\n<p>     Kategoria: \t\t\t\t\t\t\t\t\t\t\t\t\t\t\t\tAktualno\u015bci\t\t\t\t\t<\/p>\n","protected":false},"excerpt":{"rendered":"Dzie\u0144 ten wype\u0142niony by\u0142 licznymi spotkaniami, modlitw\u0105 oraz konkretn\u0105 pos\u0142ug\u0105 wobec os\u00f3b starszych, samotnych i bezdomnych. W godzinach&hellip;\n","protected":false},"author":2,"featured_media":170829,"comment_status":"","ping_status":"","sticky":false,"template":"","format":"standard","meta":{"footnotes":""},"categories":[12],"tags":[31936,11499,31939,32,33,31947,31942,31943,36,37,27,31944,31941,4320,31937,2707,2709,13737,34,35,31940,24584,28,31,25,31945,31946,42,38,40,39,41,31938,29,30,26,2665,15249],"class_list":{"0":"post-170828","1":"post","2":"type-post","3":"status-publish","4":"format-standard","5":"has-post-thumbnail","7":"category-polska","8":"tag-archidiecezja","9":"tag-arcybiskup","10":"tag-biskup","11":"tag-breaking-news","12":"tag-breakingnews","13":"tag-dekanat","14":"tag-duszpasterstwo","15":"tag-duszpasterze","16":"tag-featured-news","17":"tag-featurednews","18":"tag-headlines","19":"tag-kaplani","20":"tag-katolik","21":"tag-katowice","22":"tag-katowicka","23":"tag-kosciol","24":"tag-ksieza","25":"tag-kuria","26":"tag-latest-news","27":"tag-latestnews","28":"tag-metropolita","29":"tag-metropolitalna","30":"tag-naglowki","31":"tag-najwazniejsze-artykuly","32":"tag-news","33":"tag-parafia","34":"tag-parafie","35":"tag-pl","36":"tag-poland","37":"tag-polish","38":"tag-polska","39":"tag-polski","40":"tag-silesia","41":"tag-top-stories","42":"tag-topstories","43":"tag-wiadomosci","44":"tag-wiara","45":"tag-wierni"},"share_on_mastodon":{"url":"https:\/\/pubeurope.com\/@pl\/115781520241373152","error":""},"_links":{"self":[{"href":"https:\/\/www.europesays.com\/pl\/wp-json\/wp\/v2\/posts\/170828","targetHints":{"allow":["GET"]}}],"collection":[{"href":"https:\/\/www.europesays.com\/pl\/wp-json\/wp\/v2\/posts"}],"about":[{"href":"https:\/\/www.europesays.com\/pl\/wp-json\/wp\/v2\/types\/post"}],"author":[{"embeddable":true,"href":"https:\/\/www.europesays.com\/pl\/wp-json\/wp\/v2\/users\/2"}],"replies":[{"embeddable":true,"href":"https:\/\/www.europesays.com\/pl\/wp-json\/wp\/v2\/comments?post=170828"}],"version-history":[{"count":0,"href":"https:\/\/www.europesays.com\/pl\/wp-json\/wp\/v2\/posts\/170828\/revisions"}],"wp:featuredmedia":[{"embeddable":true,"href":"https:\/\/www.europesays.com\/pl\/wp-json\/wp\/v2\/media\/170829"}],"wp:attachment":[{"href":"https:\/\/www.europesays.com\/pl\/wp-json\/wp\/v2\/media?parent=170828"}],"wp:term":[{"taxonomy":"category","embeddable":true,"href":"https:\/\/www.europesays.com\/pl\/wp-json\/wp\/v2\/categories?post=170828"},{"taxonomy":"post_tag","embeddable":true,"href":"https:\/\/www.europesays.com\/pl\/wp-json\/wp\/v2\/tags?post=170828"}],"curies":[{"name":"wp","href":"https:\/\/api.w.org\/{rel}","templated":true}]}}