{"id":17083,"date":"2025-09-26T11:24:07","date_gmt":"2025-09-26T11:24:07","guid":{"rendered":"https:\/\/www.europesays.com\/pl\/17083\/"},"modified":"2025-09-26T11:24:07","modified_gmt":"2025-09-26T11:24:07","slug":"setki-starych-czolgow-t-72a-wrocily-do-fabryk-rosja-ma-jasny-plan","status":"publish","type":"post","link":"https:\/\/www.europesays.com\/pl\/17083\/","title":{"rendered":"Setki starych czo\u0142g\u00f3w T-72A wr\u00f3ci\u0142y do fabryk. Rosja ma jasny plan"},"content":{"rendered":"\n<p class=\"ods-c-paragraph\">O masowym pojawieniu si\u0119 w Ni\u017cnym Tagile czo\u0142g\u00f3w produkowanych prawie p\u00f3\u0142 wieku temu analitycy informuj\u0105 od sierpnia. Satelity je wypatrzy\u0142y, poniewa\u017c wi\u0119kszo\u015b\u0107 z nich by\u0142a przechowywana w magazynach pod go\u0142ym niebem.<\/p>\n<p>Dalszy ci\u0105g artyku\u0142u pod materia\u0142em wideo<br \/>\n Rosja si\u0119ga do magazyn\u00f3w po czo\u0142gi sprzed p\u00f3\u0142 wieku<\/p>\n<p class=\"ods-c-paragraph\">Wed\u0142ug oceny serwisu Defense Express czo\u0142gi T-72A, kt\u00f3re pojawi\u0142y si\u0119 na terenie Uralwagonzawodu, mog\u0105 mie\u0107 dwa mo\u017cliwe przeznaczenia. Pierwsza, bardzo prawdopodobna opcja zak\u0142ada ich renowacj\u0119 i modernizacj\u0119, a nast\u0119pnie wys\u0142anie na front wojny rosyjsko-ukrai\u0144skiej.<\/p>\n<p class=\"ods-c-paragraph\">Drugi wariant zak\u0142ada przebudow\u0119 przestarza\u0142ych maszyn. Mia\u0142yby one stanowi\u0107 baz\u0119 dla specjalnych pojazd\u00f3w bojowych. W szczeg\u00f3lno\u015bci te czo\u0142gi, kt\u00f3re s\u0105 w lepszym stanie, mog\u0142yby zosta\u0107 przekszta\u0142cone w ci\u0119\u017cki, zrobotyzowany system szturmowy &#8222;Sturm&#8221;. Posiada on co prawda kr\u00f3tsz\u0105 luf\u0119, ale za to mo\u017ce by\u0107 zdalnie sterowany.<\/p>\n<p class=\"ods-c-paragraph\">Z kolei z pojazd\u00f3w w z\u0142ym stanie lub pozbawionych wie\u017c mo\u017cna stworzy\u0107 bojowe wozy wsparcia czo\u0142g\u00f3w BMPT &#8222;Terminator&#8221;, na kt\u00f3re, wed\u0142ug rosyjskich medi\u00f3w, wzros\u0142o zapotrzebowanie. Takie pojazdy maj\u0105 by\u0107 bardziej praktyczne na wsp\u00f3\u0142czesnym polu walki. Na bazie T-72A mo\u017cna te\u017c produkowa\u0107 ci\u0119\u017ckie transportery opancerzone.<\/p>\n<p> Czo\u0142g T-72A. Co to za konstrukcja?   <\/p>\n<p class=\"ods-c-paragraph\">Czo\u0142g T-72A by\u0142 produkowany w latach 1979\u20131985. Wa\u017c\u0105ca 41,5 tony maszyna zabiera na pok\u0142ad trzy osoby. Pr\u0119dko\u015b\u0107 maksymalna konstrukcji to 60 km na godz., a zasi\u0119g \u2014 do 550 km. Czo\u0142g uzbrojony jest w armat\u0119 kalibru 125 mm zdoln\u0105 razi\u0107 cele na dystansie ponad 9 km.<\/p>\n<p class=\"ods-c-paragraph\">Dodatkowo posiada m.in. systemy noktowizyjne, dalmierz laserowy oraz ochron\u0119 przed broni\u0105 masowego ra\u017cenia. Po zamontowaniu rury oddechowej mo\u017ce brodzi\u0107 w wodzie do g\u0142\u0119boko\u015bci 5 m.<\/p>\n","protected":false},"excerpt":{"rendered":"O masowym pojawieniu si\u0119 w Ni\u017cnym Tagile czo\u0142g\u00f3w produkowanych prawie p\u00f3\u0142 wieku temu analitycy informuj\u0105 od sierpnia. Satelity&hellip;\n","protected":false},"author":2,"featured_media":17084,"comment_status":"","ping_status":"","sticky":false,"template":"","format":"standard","meta":{"footnotes":""},"categories":[16],"tags":[210,113,112,6000,76,6001,48,46,4897,42,38,40,39,41,87,47],"class_list":{"0":"post-17083","1":"post","2":"type-post","3":"status-publish","4":"format-standard","5":"has-post-thumbnail","7":"category-biznes","8":"tag-aktualnosci","9":"tag-biznes","10":"tag-business","11":"tag-czolgi","12":"tag-inwazja_rosji_na_ukraine","13":"tag-militaria","14":"tag-nat_styl","15":"tag-omp","16":"tag-perso_tst0","17":"tag-pl","18":"tag-poland","19":"tag-polish","20":"tag-polska","21":"tag-polski","22":"tag-rosja","23":"tag-screening_general"},"share_on_mastodon":{"url":"","error":""},"_links":{"self":[{"href":"https:\/\/www.europesays.com\/pl\/wp-json\/wp\/v2\/posts\/17083","targetHints":{"allow":["GET"]}}],"collection":[{"href":"https:\/\/www.europesays.com\/pl\/wp-json\/wp\/v2\/posts"}],"about":[{"href":"https:\/\/www.europesays.com\/pl\/wp-json\/wp\/v2\/types\/post"}],"author":[{"embeddable":true,"href":"https:\/\/www.europesays.com\/pl\/wp-json\/wp\/v2\/users\/2"}],"replies":[{"embeddable":true,"href":"https:\/\/www.europesays.com\/pl\/wp-json\/wp\/v2\/comments?post=17083"}],"version-history":[{"count":0,"href":"https:\/\/www.europesays.com\/pl\/wp-json\/wp\/v2\/posts\/17083\/revisions"}],"wp:featuredmedia":[{"embeddable":true,"href":"https:\/\/www.europesays.com\/pl\/wp-json\/wp\/v2\/media\/17084"}],"wp:attachment":[{"href":"https:\/\/www.europesays.com\/pl\/wp-json\/wp\/v2\/media?parent=17083"}],"wp:term":[{"taxonomy":"category","embeddable":true,"href":"https:\/\/www.europesays.com\/pl\/wp-json\/wp\/v2\/categories?post=17083"},{"taxonomy":"post_tag","embeddable":true,"href":"https:\/\/www.europesays.com\/pl\/wp-json\/wp\/v2\/tags?post=17083"}],"curies":[{"name":"wp","href":"https:\/\/api.w.org\/{rel}","templated":true}]}}