{"id":170861,"date":"2025-12-25T18:24:13","date_gmt":"2025-12-25T18:24:13","guid":{"rendered":"https:\/\/www.europesays.com\/pl\/170861\/"},"modified":"2025-12-25T18:24:13","modified_gmt":"2025-12-25T18:24:13","slug":"polka-zamienia-letnie-igrzyska-na-zimowe-oto-jej-nowa-dyscyplina","status":"publish","type":"post","link":"https:\/\/www.europesays.com\/pl\/170861\/","title":{"rendered":"Polka zamienia letnie igrzyska na zimowe! Oto jej nowa dyscyplina"},"content":{"rendered":"<p class=\"Paragraph_desktopParagraph__Fd2e9\">Adamek nie jest pierwsz\u0105 lekkoatletk\u0105, kt\u00f3ra pr\u00f3buje si\u0142 w bobslejach. Ameryka\u0144ska p\u0142otkarka Lolo Jones w 2012 roku zaj\u0119\u0142a czwarte miejsce w letnich igrzyskach w Londynie, a p\u00f3\u017aniej znalaz\u0142a si\u0119 w bobslejowej ekipie USA i uczestniczy\u0142a w zimowych igrzyskach w Soczi. Zdoby\u0142a nawet dwa medale mistrzostw \u015bwiata.<\/p>\n<p class=\"VideoPlayerText_videoPlayerText__zrtJk\">Dalszy ci\u0105g materia\u0142u pod wideo<\/p>\n<p>Igrzyska 2026 \u2014 Adamek zamieni\u0142a bie\u017cni\u0119 na tor bobslejowy i mo\u017ce zapisa\u0107 si\u0119 w historii<\/p>\n<p class=\"Paragraph_desktopParagraph__Fd2e9\">\u2014 Spotka\u0142am Lolo w poprzednim sezonie. Jest wielu zawodnik\u00f3w, kt\u00f3rzy przechodz\u0105 ze sprintu do bobslej\u00f3w. Kamil Masztak przeby\u0142 podobn\u0105 drog\u0119 \u2014 przypomnia\u0142a Adamek. w rozmowie z PAP.<\/p>\n<p class=\"Paragraph_desktopParagraph__Fd2e9\">Najlepsz\u0105 form\u0119 Adamek-lekkoatletka uzyska\u0142a w 2021 roku. Wtedy poprawi\u0142a rekordy \u017cyciowe w biegach na 60, 100 i 200 metr\u00f3w. Podczas igrzysk w Tokio wystartowa\u0142a w sztafecie 4&#215;100 m wraz z Ew\u0105 Swobod\u0105, Pi\u0105 Skrzyszowsk\u0105 i Magdalen\u0105 Niemczyk.<\/p>\n<p class=\"Paragraph_desktopParagraph__Fd2e9\">\u2014 Jako ma\u0142a dziewczynka marzy\u0142am o igrzyskach. To si\u0119 spe\u0142ni\u0142o, cho\u0107 szkoda, \u017ce nie awansowa\u0142y\u015bmy do fina\u0142u. Jestem zadowolona ze swojej kariery lekkoatletycznej. Sport da\u0142 mi bardzo wiele. Jestem wdzi\u0119czna za wszystko czego si\u0119 nauczy\u0142am, co zobaczy\u0142am i czego do\u015bwiadczy\u0142am. Lekkoatletyka bardzo mnie rozwin\u0119\u0142a. Jestem usatysfakcjonowana z tego, co osi\u0105gn\u0119\u0142am \u2014 oceni\u0142a.<\/p>\n<p class=\"Paragraph_desktopParagraph__Fd2e9\">Kolejne sezony by\u0142y mniej udane, m.in. nie znalaz\u0142a si\u0119 w kadrze na mistrzostwa Europy w Monachium (2022) i mistrzostwa \u015bwiata w Budapeszcie (2023).<\/p>\n<p class=\"Paragraph_desktopParagraph__Fd2e9\">\u2014 Temat bobslej\u00f3w pierwszy raz pojawi\u0142 si\u0119 we wrze\u015bniu 2023 roku. Zadzwoni\u0142 do mnie trener Ryszard Sadkowski. Zaproponowa\u0142, abym do\u0142\u0105czy\u0142a do kadry bobslejowej. Przede mn\u0105 by\u0142 sezon halowy i liczy\u0142am na wyjazd na igrzyska w Pary\u017cu, wi\u0119c stanowczo odm\u00f3wi\u0142am. I sprawa ucich\u0142a. Mia\u0142am te\u017c jednak problemy w \u017cyciu prywatnym, czu\u0142am si\u0119 \u017ale pod wzgl\u0119dem fizycznym i psychicznym. Forma nie ros\u0142a, a przeciwnie \u2014 by\u0142o coraz gorzej \u2014 wspomnia\u0142a.<\/p>\n<p class=\"Paragraph_desktopParagraph__Fd2e9\">Zim\u0105 2024 roku Adamek regularnie uczestniczy\u0142a w zawodach lekkoatletycznych, ale osi\u0105gane wyniki nie spe\u0142nia\u0142y jej oczekiwa\u0144.<\/p>\n<p class=\"Paragraph_desktopParagraph__Fd2e9\">\u2014 Starty w sezonie halowym by\u0142y dla mnie udr\u0119k\u0105. Nie cieszy\u0142y mnie, walczy\u0142am sama ze sob\u0105, nic nie sz\u0142o po mojej my\u015bli. Jad\u0105c na mistrzostwa Polski do Torunia \u017cy\u0142am jeszcze nadziej\u0105 na dobry wynik i zakwalifikowanie si\u0119 do fina\u0142u, ale nie uda\u0142o si\u0119. By\u0142am bardzo smutna i rozgoryczona. Mia\u0142am \u0142zy w oczach. Moje plany leg\u0142y w gruzach. Buzowa\u0142y we mnie negatywne emocje \u2014 wyzna\u0142a.<\/p>\n<p class=\"Paragraph_desktopParagraph__Fd2e9\">Wtedy trener Sadkowski spotka\u0142 si\u0119 z Adamek, kt\u00f3ra tym razem przysta\u0142a na jego propozycj\u0119. W kwietniu otrzyma\u0142a pierwsze powo\u0142anie na zgrupowanie bobslejowej kadry narodowej. Zosta\u0142a rozpychaj\u0105c\u0105 Weiszeswski kt\u00f3ra te\u017c kiedy\u015b trenowa\u0142a lekkoatletyk\u0119.<\/p>\n<p class=\"Paragraph_desktopParagraph__Fd2e9\">\u2014 Lind\u0119 kojarzy\u0142am z zawod\u00f3w, bo trenowa\u0142a wielob\u00f3j. Wiedzia\u0142am, \u017ce jest taka zawodniczka, ale nie zna\u0142y\u015bmy si\u0119 bli\u017cej \u2014 zaznaczy\u0142a.<\/p>\n<p class=\"Paragraph_desktopParagraph__Fd2e9\">Adamek dobrze pami\u0119ta moment, w kt\u00f3rym pierwszy raz jecha\u0142a bobslejem. Asystowa\u0142 jej trener Dawid Kupczyk.<\/p>\n<p class=\"Paragraph_desktopParagraph__Fd2e9\">\u2014 Wtedy jeszcze do ko\u0144ca nie wiedzia\u0142am, co robi\u0107 w bobsleju. Mia\u0142am si\u0119 szybko przygotowa\u0107 i rozgrza\u0107. Ubra\u0142am kask, kombinezon i kewlar, kt\u00f3ry chroni nas przed oparzeniem w razie wypadku. Zjechali\u015bmy z trenerem. Nie czu\u0142am l\u0119ku i stresu. Trener jednak zapomnia\u0142 da\u0107 mi wyra\u017any sygna\u0142, \u017ce mam hamowa\u0107. Us\u0142ysza\u0142am jakie\u015b krzyki, pr\u00f3bowa\u0142am hamowa\u0107, ale podczas przejazdu tak mocno trzyma\u0142am si\u0119 metalowych rur, \u017ce zabrak\u0142o mi si\u0142. Niewiele brakowa\u0142o, a wypadliby\u015bmy z toru prosto do lasu \u2014 zdradzi\u0142a.<\/p>\n<p class=\"Paragraph_desktopParagraph__Fd2e9\">Jako bobsleistka Adamek wi\u0119cej uwagi po\u015bwi\u0119ca treningom si\u0142owym.<\/p>\n<p class=\"Paragraph_desktopParagraph__Fd2e9\">\u2014 M\u00f3j trening r\u00f3\u017cni si\u0119 tym, \u017ce wi\u0119cej czasu sp\u0119dzam na si\u0142owni, ale jest zachowana r\u00f3wnowaga. W sezonie przygotowawczym mamy te\u017c wytrzyma\u0142o\u015b\u0107 biegow\u0105, cho\u0107 jako bobsleistka na zawodach biegn\u0119 tylko przez 30 metr\u00f3w. Poza tym przygotowania, kt\u00f3re przeszli\u015bmy z trenerem Kupczykiem, nie odbiegaj\u0105 bardzo od tego, co robi\u0142am jako lekkoatletka \u2014 t\u0142umaczy\u0142a.<\/p>\n<p class=\"Paragraph_desktopParagraph__Fd2e9\">W Polsce nie ma czynnego toru bobslejowo-saneczkowego. Reprezentanci Polski przygotowania do sezonu zaczynaj\u0105 w kraju, a jesieni\u0105 wyje\u017cd\u017caj\u0105 na zagraniczne zgrupowania.<\/p>\n<p class=\"Paragraph_desktopParagraph__Fd2e9\">\u2014 Najcz\u0119\u015bciej trenujemy jednak w Polsce, a g\u0142\u00f3wn\u0105 baz\u0119 mamy w Cetniewie, gdzie jest \u015bcie\u017cka, na kt\u00f3rej szlifujemy technik\u0119 startu i biegu, \u017ceby jak najszybciej rozp\u0119dza\u0107 bobslej. Moment wskakiwania te\u017c jest bardzo wa\u017cny. Je\u015bli chodzi o trening na torze, to najcz\u0119\u015bciej zaczynamy w Lillehammer, gdzie obiekt jest najwcze\u015bniej gotowy. Je\u017adzimy te\u017c do Winterbergu i Altenbergu \u2014 poinformowa\u0142a.<\/p>\n<p class=\"Paragraph_desktopParagraph__Fd2e9\">Adamek i Weiszewski mia\u0142y do tej pory jeden wypadek. Zdarzy\u0142 si\u0119 w ich debiucie w Pucharze \u015awiata w Altenbergu.<\/p>\n<p class=\"Paragraph_desktopParagraph__Fd2e9\">\u2014 By\u0142am posiniaczona, ale nic wielkiego si\u0119 mi nie sta\u0142o. Natomiast Lind\u0119 bola\u0142y plecy. To by\u0142 nasz jedyny przykry incydent na torze \u2014 przekaza\u0142a.<\/p>\n<p class=\"Paragraph_desktopParagraph__Fd2e9\">Wypadki bobsleist\u00f3w s\u0105 szczeg\u00f3lnie niebezpieczne, gdy\u017c osi\u0105gaj\u0105 pr\u0119dko\u015b\u0107 145 km na godz.. Uprawianie tej dyscypliny sportu wymaga du\u017cej odwagi.<\/p>\n<p class=\"Paragraph_desktopParagraph__Fd2e9\">\u2014 Zdaj\u0119 sobie spraw\u0119, \u017ce to niezwykle szybko, cho\u0107 w bobsleju nie czu\u0107 tej pr\u0119dko\u015bci. Jednak, gdy moja rodzina i znajomi ogl\u0105daj\u0105 zawody w telewizji, to jest to dla nich przera\u017caj\u0105ce \u2014 nadmieni\u0142a.<\/p>\n<p class=\"Paragraph_desktopParagraph__Fd2e9\">Bobslejowy Puchar \u015awiata przewa\u017cnie trwa trzy lub cztery miesi\u0105ce.<\/p>\n<p class=\"Paragraph_desktopParagraph__Fd2e9\">\u2014 Ubieg\u0142y sezon sko\u0144czy\u0142y\u015bmy w po\u0142owie marca, a pierwszy ob\u00f3z przygotowawczy mia\u0142y\u015bmy ju\u017c w maju. Zaczynamy od przygotowania fizycznego, aby zbudowa\u0107 fundament. P\u00f3\u017aniej trenujemy na torze. Sezon jest dosy\u0107 kr\u00f3tki, ale bardzo intensywny. Co tydzie\u0144 przemieszczamy si\u0119 z jednego miejsca na drugie. Startujemy co weekend i nie ma czasu na odpoczynek. Ze wzgl\u0119du na ci\u0119\u017cki sprz\u0119t podr\u00f3\u017cujemy busami, a nie samolotami \u2014 t\u0142umaczy\u0142a.<\/p>\n<p class=\"Paragraph_desktopParagraph__Fd2e9\">Na ten moment Adamek i Weiszewski maj\u0105 kwalifikacje na igrzyska, ale w po\u0142owie stycznia ostatecznie oka\u017ce si\u0119, czy wystartuj\u0105 w Cortinie d\u2019Ampezzo.<\/p>\n<p class=\"Paragraph_desktopParagraph__Fd2e9\">\u2014 Trzy najlepsze reprezentacje mog\u0105 wystawi\u0107 po trzy za\u0142ogi, dwie po dwie, a sze\u015b\u0107 kolejnych po jednej. Decyduje o tym ranking, w kt\u00f3rym oczywi\u015bcie chcemy by\u0107 jak najwy\u017cej \u2014 wyja\u015bni\u0142a.<\/p>\n<p class=\"Paragraph_desktopParagraph__Fd2e9\">W listopadzie Adamek i Weiszewski startowa\u0142y w zawodach P\u015a na nowym torze olimpijskim w Cortinie, kt\u00f3ry zosta\u0142 zbudowany na &#8222;ostatni\u0105 chwil\u0119&#8221;.<\/p>\n<p class=\"Paragraph_desktopParagraph__Fd2e9\">\u2014 W tamtym momencie to by\u0142 wielki plac budowy, co nas zaskoczy\u0142o. Kiedy obchodzili\u015bmy tor, to dooko\u0142a nic by\u0142o nic. Tylko koparki i b\u0142oto. Wyobra\u017ca\u0142am sobie to ca\u0142kiem inaczej. Jako rozpychaj\u0105ca, kt\u00f3ra siedzi z ty\u0142u bobsleja. po treningach nie mia\u0142am \u017cadnych siniak\u00f3w, wi\u0119c tor jest dosy\u0107 \u0142agodny \u2014 oceni\u0142a.<\/p>\n<p class=\"Paragraph_desktopParagraph__Fd2e9\">Do tej pory najwi\u0119kszym sukcesem Adamek i Wieszewski jest \u00f3sme miejsce w P\u015a w Innsbrucku.<\/p>\n<p class=\"Paragraph_desktopParagraph__Fd2e9\">\u2014 Je\u015bli awansujemy na igrzyska jako pierwsze polskie bobsleistki w historii, to my\u015bl\u0119, \u017ce miejsce w czo\u0142owej \u00f3semce by\u0142oby dla nas zadowalaj\u0105ce, cho\u0107 wiadomo, \u017ce ka\u017cdy marzy o medalu. Ju\u017c jednak reprezentowanie kraju b\u0119dzie wielkim wyr\u00f3\u017cnieniem i nagrod\u0105 \u2014 zadeklarowa\u0142a.<\/p>\n<p class=\"Paragraph_desktopParagraph__Fd2e9\">W tym sezonie Polki maj\u0105 za sob\u0105 trzy starty w P\u015a. W ostatni weekend uczestniczy\u0142y natomiast w zawodach Pucharu Europy w Winterbergu, ale na \u015bwi\u0119ta wr\u00f3ci\u0142y do Polski.<\/p>\n<p class=\"Paragraph_desktopParagraph__Fd2e9\">\u2014 Chc\u0119 odpocz\u0105\u0107 w dniach \u015bwi\u0105tecznych. Jad\u0119 do mojego domu rodzinnego do Zakrzewa. Odwiedz\u0119 te\u017c rodzin\u0119 mojego ch\u0142opaka. 28 grudnia b\u0119dziemy ju\u017c wyje\u017cd\u017ca\u0107 do Winterbergu na Puchar \u015awiata, wi\u0119c to b\u0119d\u0105 dosy\u0107 kr\u00f3tkie \u015bwi\u0119ta. Chc\u0119 je wykorzysta\u0107 w du\u017cym stopniu na odpoczynek i na sp\u0119dzenie tego czasu z rodzin\u0105 \u2014 poinformowa\u0142a.<\/p>\n<p class=\"Paragraph_desktopParagraph__Fd2e9\">Pomimo zmiany dyscypliny sportu, Adamek wci\u0105\u017c ogl\u0105da lekkoatletyk\u0119.<\/p>\n<p class=\"Paragraph_desktopParagraph__Fd2e9\">\u2014 \u015aledzi\u0142am Memoria\u0142 Kamili Skolimowskiej w Chorzowie i mistrzostwa \u015bwiata w Tokio. Bieg Natalii Bukowieckiej na 400 metr\u00f3w to by\u0142o co\u015b wyj\u0105tkowego. By\u0142am ciekawa, czy padnie rekord \u015bwiata. W mediach spo\u0142eczno\u015bciowych ogl\u0105dam urywki z r\u00f3\u017cnych zawod\u00f3w \u2014 zdradzi\u0142a.<\/p>\n<p class=\"Paragraph_desktopParagraph__Fd2e9\">Nie wyklucza, \u017ce wr\u00f3ci kiedy\u015b do lekkoatletyki i spr\u00f3buje zakwalifikowa\u0107 si\u0119 na igrzyska w Los Angeles w 2028 roku.<\/p>\n<p class=\"Paragraph_desktopParagraph__Fd2e9\">\u2014 Na razie skupiam si\u0119 na igrzyskach Mediolan-Cortina 2026. A co b\u0119dzie potem? Mam swoje plany i marzenia, ale nie wiem, co z tego wyjdzie. Nie chc\u0119 zapesza\u0107. Na pewno t\u0119skni\u0119 za lekkoatletyk\u0105, emocjami i lud\u017ami, kt\u00f3rzy s\u0105 na stadionie \u2014 zako\u0144czy\u0142a Adamek.<\/p>\n<p class=\"Paragraph_desktopParagraph__Fd2e9\">Maciej Gach<\/p>\n<p class=\"Paragraph_desktopParagraph__Fd2e9\">\u0179r\u00f3d\u0142o informacji: Polska Agencja Prasowa<\/p>\n","protected":false},"excerpt":{"rendered":"Adamek nie jest pierwsz\u0105 lekkoatletk\u0105, kt\u00f3ra pr\u00f3buje si\u0142 w bobslejach. Ameryka\u0144ska p\u0142otkarka Lolo Jones w 2012 roku zaj\u0119\u0142a&hellip;\n","protected":false},"author":2,"featured_media":170862,"comment_status":"","ping_status":"","sticky":false,"template":"","format":"standard","meta":{"footnotes":""},"categories":[24],"tags":[33582,2399,67,522,42,38,40,39,41,136,128,47,127,135,126,130],"class_list":{"0":"post-170861","1":"post","2":"type-post","3":"status-publish","4":"format-standard","5":"has-post-thumbnail","7":"category-sport","8":"tag-bobsleje","9":"tag-igrzyska_olimpijskie","10":"tag-intextvideo_splayer","11":"tag-lekkoatletyka","12":"tag-pl","13":"tag-poland","14":"tag-polish","15":"tag-polska","16":"tag-polski","17":"tag-ps_detal_new","18":"tag-psv2","19":"tag-screening_general","20":"tag-sport","21":"tag-sport_sport","22":"tag-sports","23":"tag-wiadomosci_sportowe"},"share_on_mastodon":{"url":"https:\/\/pubeurope.com\/@pl\/115781610015034038","error":""},"_links":{"self":[{"href":"https:\/\/www.europesays.com\/pl\/wp-json\/wp\/v2\/posts\/170861","targetHints":{"allow":["GET"]}}],"collection":[{"href":"https:\/\/www.europesays.com\/pl\/wp-json\/wp\/v2\/posts"}],"about":[{"href":"https:\/\/www.europesays.com\/pl\/wp-json\/wp\/v2\/types\/post"}],"author":[{"embeddable":true,"href":"https:\/\/www.europesays.com\/pl\/wp-json\/wp\/v2\/users\/2"}],"replies":[{"embeddable":true,"href":"https:\/\/www.europesays.com\/pl\/wp-json\/wp\/v2\/comments?post=170861"}],"version-history":[{"count":0,"href":"https:\/\/www.europesays.com\/pl\/wp-json\/wp\/v2\/posts\/170861\/revisions"}],"wp:featuredmedia":[{"embeddable":true,"href":"https:\/\/www.europesays.com\/pl\/wp-json\/wp\/v2\/media\/170862"}],"wp:attachment":[{"href":"https:\/\/www.europesays.com\/pl\/wp-json\/wp\/v2\/media?parent=170861"}],"wp:term":[{"taxonomy":"category","embeddable":true,"href":"https:\/\/www.europesays.com\/pl\/wp-json\/wp\/v2\/categories?post=170861"},{"taxonomy":"post_tag","embeddable":true,"href":"https:\/\/www.europesays.com\/pl\/wp-json\/wp\/v2\/tags?post=170861"}],"curies":[{"name":"wp","href":"https:\/\/api.w.org\/{rel}","templated":true}]}}