{"id":170902,"date":"2025-12-25T18:54:12","date_gmt":"2025-12-25T18:54:12","guid":{"rendered":"https:\/\/www.europesays.com\/pl\/170902\/"},"modified":"2025-12-25T18:54:12","modified_gmt":"2025-12-25T18:54:12","slug":"tragiczna-smierc-gwiazdy-krola-lwa-imani-dia-smith-nie-zyje","status":"publish","type":"post","link":"https:\/\/www.europesays.com\/pl\/170902\/","title":{"rendered":"Tragiczna \u015bmier\u0107 gwiazdy &#8222;Kr\u00f3la Lwa&#8221;. Imani Dia Smith nie \u017cyje"},"content":{"rendered":"<p class=\"ods-c-paragraph \">Do zdarzenia dosz\u0142o w niedziel\u0119 21 grudnia. Smith zosta\u0142a znaleziona z ranami k\u0142utymi po zg\u0142oszeniu ataku no\u017cem na numer alarmowy. Po przewiezieniu do szpitala Robert Wood Johnson University Hospital w New Brunswick, lekarze stwierdzili jej zgon. Informacj\u0119 t\u0119 potwierdzi\u0142a prokuratura hrabstwa Middlesex. Jackson-Small us\u0142ysza\u0142 zarzuty m.in. morderstwa pierwszego stopnia, nara\u017cenia dobra dziecka na niebezpiecze\u0144stwo oraz nielegalnego posiadania broni.<\/p>\n<p> Ile lat mia\u0142a Imani Dia Smith? <\/p>\n<p> Jakie by\u0142y okoliczno\u015bci jej \u015bmierci? <\/p>\n<p> Ile pieni\u0119dzy zebrano na GoFundMe? <\/p>\n<p> Kim by\u0142 partner Imani Smith? <\/p>\n<p class=\"ods-c-paragraph \">Bliscy Imani zorganizowali zbi\u00f3rk\u0119 na platformie GoFundMe i jak podkre\u015blono, uzyskane \u015brodki zostan\u0105 przeznaczone na organizacj\u0119 pogrzebu, koszty s\u0105dowe oraz opiek\u0119 nad jej synem i psem. Dot\u0105d zebrano ponad 60 tys. dol.<\/p>\n<blockquote class=\"ods-o-quota\">\n<p class=\"ods-o-quota__paragraph\">Imani mia\u0142a przed sob\u0105 ca\u0142e \u017cycie. By\u0142a pe\u0142na energii, kochaj\u0105ca i niezwykle utalentowana. Prawdziwa artystka wszechstronna \u2014 najbardziej znana z roli m\u0142odej Nali w broadwayowskim przedstawieniu \u00bbKr\u00f3l Lew\u00ab, kt\u00f3re oddawa\u0142o rado\u015b\u0107, kreatywno\u015b\u0107 i blask, jakie wnosi\u0142a do \u015bwiata.<\/p>\n<\/blockquote>\n<p class=\"ods-c-paragraph \">\u2014 pisze ciocia Smith Kira Helper.<\/p>\n<p class=\"ods-c-paragraph \">Matka zmar\u0142ej 26-latki Monique pracuje jako fryzjerka przy produkcjach broadwayowskich, telewizyjnych i filmowych. &#8222;Ka\u017cda, nawet najmniejsza wp\u0142ata pomaga nam cho\u0107 troch\u0119 odci\u0105\u017cy\u0107 rodzin\u0119 w tym trudnym czasie. Je\u015bli nie mo\u017cesz przekaza\u0107 darowizny, udost\u0119pnienie naszej pro\u015bby i modlitwa za Imani, jej syna, nas wszystkich b\u0119d\u0105 r\u00f3wnie cenne&#8221; \u2014 czytamy.<\/p>\n","protected":false},"excerpt":{"rendered":"Do zdarzenia dosz\u0142o w niedziel\u0119 21 grudnia. Smith zosta\u0142a znaleziona z ranami k\u0142utymi po zg\u0142oszeniu ataku no\u017cem na&hellip;\n","protected":false},"author":2,"featured_media":170903,"comment_status":"","ping_status":"","sticky":false,"template":"","format":"standard","meta":{"footnotes":"","_share_on_mastodon":"0"},"categories":[22],"tags":[33604,5093,122,919,48,46,42,38,40,39,41,123,47,26,411],"class_list":["post-170902","post","type-post","status-publish","format-standard","has-post-thumbnail","category-rozrywka","tag-broadway","tag-disney","tag-entertainment","tag-najnowsze_wiadomosci_kultura","tag-nat_styl","tag-omp","tag-pl","tag-poland","tag-polish","tag-polska","tag-polski","tag-rozrywka","tag-screening_general","tag-wiadomosci","tag-zabojstwo"],"share_on_mastodon":{"url":"https:\/\/pubeurope.com\/@pl\/115781728112949497","error":""},"_links":{"self":[{"href":"https:\/\/www.europesays.com\/pl\/wp-json\/wp\/v2\/posts\/170902","targetHints":{"allow":["GET"]}}],"collection":[{"href":"https:\/\/www.europesays.com\/pl\/wp-json\/wp\/v2\/posts"}],"about":[{"href":"https:\/\/www.europesays.com\/pl\/wp-json\/wp\/v2\/types\/post"}],"author":[{"embeddable":true,"href":"https:\/\/www.europesays.com\/pl\/wp-json\/wp\/v2\/users\/2"}],"replies":[{"embeddable":true,"href":"https:\/\/www.europesays.com\/pl\/wp-json\/wp\/v2\/comments?post=170902"}],"version-history":[{"count":0,"href":"https:\/\/www.europesays.com\/pl\/wp-json\/wp\/v2\/posts\/170902\/revisions"}],"wp:featuredmedia":[{"embeddable":true,"href":"https:\/\/www.europesays.com\/pl\/wp-json\/wp\/v2\/media\/170903"}],"wp:attachment":[{"href":"https:\/\/www.europesays.com\/pl\/wp-json\/wp\/v2\/media?parent=170902"}],"wp:term":[{"taxonomy":"category","embeddable":true,"href":"https:\/\/www.europesays.com\/pl\/wp-json\/wp\/v2\/categories?post=170902"},{"taxonomy":"post_tag","embeddable":true,"href":"https:\/\/www.europesays.com\/pl\/wp-json\/wp\/v2\/tags?post=170902"}],"curies":[{"name":"wp","href":"https:\/\/api.w.org\/{rel}","templated":true}]}}