{"id":170947,"date":"2025-12-25T19:26:21","date_gmt":"2025-12-25T19:26:21","guid":{"rendered":"https:\/\/www.europesays.com\/pl\/170947\/"},"modified":"2025-12-25T19:26:21","modified_gmt":"2025-12-25T19:26:21","slug":"wigilia-bez-wody-awaria-wodociagow-w-dwoch-dzielnicach-warszawy-onet-wiadomosci","status":"publish","type":"post","link":"https:\/\/www.europesays.com\/pl\/170947\/","title":{"rendered":"Wigilia bez wody. Awaria wodoci\u0105g\u00f3w w dw\u00f3ch dzielnicach Warszawy &#8211; Onet Wiadomo\u015bci"},"content":{"rendered":"<ol>\n<li><a href=\"https:\/\/news.google.com\/rss\/articles\/CBMiqwFBVV95cUxOemtjMU54d0dfVEJHb0NqMU9wa3ZpVktRdzNfcHdVeEFYaGFXbUdJQk1GdEJFdWlEY3lINlVUWFJpWlpFcVpacjlaQjBmb2puZWxQS2dwai1jdk83cmo3T3FIcFJCRGZRRzJTS3NfcWJWWGNpbVg3bHNNYUlxN3FJM1NMTy1ybEJ2ZU40Q3JVeGJYTlBEZDlEU00xcXFYeUZVUEVnejRBckZiV3M?oc=5\" target=\"_blank\" rel=\"nofollow noopener\">Wigilia bez wody. Awaria wodoci\u0105g\u00f3w w dw\u00f3ch dzielnicach Warszawy<\/a>&nbsp;&nbsp;Onet Wiadomo\u015bci<\/li>\n<li><a href=\"https:\/\/news.google.com\/rss\/articles\/CBMiqAFBVV95cUxQWHNNRGlPWTdSbFFENEU3UTJqSnRVMDlLUmpzWkhNNGpLZFctenIta21RZHExa3U5RVQzVDdaa2lHbjR6NFN4RUNaRnBzbFZ1ZDZlSXFxTDFUWkVsRXRkNS1sZndGUFExdkpxTm1ZRWVORnBScC1DZUtqTkc1TEN6UVZNY2s3OUVQWkE1X19xTVJDNXFGRjRhbFRfUGE1dzJKOTdzV0N1T3A?oc=5\" target=\"_blank\" rel=\"nofollow noopener\">Wigilia bez wody. Awarie wodoci\u0105gowe w dw\u00f3ch dzielnicach<\/a>&nbsp;&nbsp;TVN24<\/li>\n<li><a href=\"https:\/\/news.google.com\/rss\/articles\/CBMitgFBVV95cUxNZkFNN3ZoMUlXc3YxRjM3LVRnRlpCUEt3WnFacnB0dGk1aDVnaXZId2ZZaHhENTVfZW9zVjExSEdoQ2NVT0dWZ0VMVmVRcEtjdWZudi1kb1NvaVhYMmM2UVotSmkyNWtfQTN4MXFkbTBpbV96a3hQOUwyOVl0QVYtMEFLUlRpNnZkd3czeHBPQ3lqdHZ0NnZKaVBlNkVFUDhZZkJyT2ptUGVQTzhtaXZVZk5MUHdLUQ?oc=5\" target=\"_blank\" rel=\"nofollow noopener\">Awaria wodoci\u0105g\u00f3w w Warszawie. Cz\u0119\u015b\u0107 mieszka\u0144c\u00f3w bez wody w Wigili\u0119<\/a>&nbsp;&nbsp;RMF24<\/li>\n<li><a href=\"https:\/\/news.google.com\/rss\/articles\/CBMimgFBVV95cUxObXNkN0lwNjFVcHpBZ3B6SWhqM0Z5Y09oZ1FhcFViNVVudjRLYl9GbTdZTEFmVlhsdEtjaHZFT1dOWGtTLVUzQlVmc2J3Mjhiem9WWFIyS3BOdnFRVy1hVmxKY0RGdEN2cmhwNC1iNVIwZHAyZmYzT29pUWNvcEZUaFk0d1BuOWxtMm94UEZRZXU1bVJDMWxYRXpn?oc=5\" target=\"_blank\" rel=\"nofollow noopener\">Awarie w Warszawie. \u015ar\u00f3dmie\u015bcie i Ursyn\u00f3w bez wody do wieczora<\/a>&nbsp;&nbsp;TVP3 Warszawa<\/li>\n<li><a href=\"https:\/\/news.google.com\/rss\/articles\/CBMizgFBVV95cUxPVEV5RHBjT09hOV80YWNZUm1nR01Bd0c5R1lmMUozMGljcDF6VjhvVDgzZ3lnVW1uek9zdGVzemhkYzF0ejUzTlNsYlFEVVRyR2xvSkNDVEQyWm9XZjU1Z3dZWVdwYlkyaW1MdU5aX0lRVnlpcmpKVEhvVW5CMXJDS2ZuandSVjg1d2RMNVNVaWh3NnJ0OFRNV24wUzNVRVJ6UzNMQjNqa2IzeVA0d1hXZTRVWUNDM0NlRVl2VkNEbXM5YmR2YmItYXl2Y2o5dw?oc=5\" target=\"_blank\" rel=\"nofollow noopener\">Awaria wodoci\u0105g\u00f3w w Warszawie. Problemy w dw\u00f3ch dzielnicach, cz\u0119\u015b\u0107 mieszka\u0144c\u00f3w bez wody<\/a>&nbsp;&nbsp;PolsatNews.pl<\/li>\n<\/ol>\n","protected":false},"excerpt":{"rendered":"Wigilia bez wody. Awaria wodoci\u0105g\u00f3w w dw\u00f3ch dzielnicach Warszawy&nbsp;&nbsp;Onet Wiadomo\u015bci Wigilia bez wody. Awarie wodoci\u0105gowe w dw\u00f3ch dzielnicach&nbsp;&nbsp;TVN24&hellip;\n","protected":false},"author":2,"featured_media":170948,"comment_status":"","ping_status":"","sticky":false,"template":"","format":"standard","meta":{"footnotes":""},"categories":[12],"tags":[33613,23150,32,33,36,37,27,34,35,28,31,48,25,46,42,38,40,39,41,47,29,30,435,26,4431],"class_list":{"0":"post-170947","1":"post","2":"type-post","3":"status-publish","4":"format-standard","5":"has-post-thumbnail","7":"category-polska","8":"tag-awaria_wodociagowa","9":"tag-boze_narodzenie_wigilia","10":"tag-breaking-news","11":"tag-breakingnews","12":"tag-featured-news","13":"tag-featurednews","14":"tag-headlines","15":"tag-latest-news","16":"tag-latestnews","17":"tag-naglowki","18":"tag-najwazniejsze-artykuly","19":"tag-nat_styl","20":"tag-news","21":"tag-omp","22":"tag-pl","23":"tag-poland","24":"tag-polish","25":"tag-polska","26":"tag-polski","27":"tag-screening_general","28":"tag-top-stories","29":"tag-topstories","30":"tag-warszawa","31":"tag-wiadomosci","32":"tag-wodociagi"},"share_on_mastodon":{"url":"https:\/\/pubeurope.com\/@pl\/115781853761194811","error":""},"_links":{"self":[{"href":"https:\/\/www.europesays.com\/pl\/wp-json\/wp\/v2\/posts\/170947","targetHints":{"allow":["GET"]}}],"collection":[{"href":"https:\/\/www.europesays.com\/pl\/wp-json\/wp\/v2\/posts"}],"about":[{"href":"https:\/\/www.europesays.com\/pl\/wp-json\/wp\/v2\/types\/post"}],"author":[{"embeddable":true,"href":"https:\/\/www.europesays.com\/pl\/wp-json\/wp\/v2\/users\/2"}],"replies":[{"embeddable":true,"href":"https:\/\/www.europesays.com\/pl\/wp-json\/wp\/v2\/comments?post=170947"}],"version-history":[{"count":0,"href":"https:\/\/www.europesays.com\/pl\/wp-json\/wp\/v2\/posts\/170947\/revisions"}],"wp:featuredmedia":[{"embeddable":true,"href":"https:\/\/www.europesays.com\/pl\/wp-json\/wp\/v2\/media\/170948"}],"wp:attachment":[{"href":"https:\/\/www.europesays.com\/pl\/wp-json\/wp\/v2\/media?parent=170947"}],"wp:term":[{"taxonomy":"category","embeddable":true,"href":"https:\/\/www.europesays.com\/pl\/wp-json\/wp\/v2\/categories?post=170947"},{"taxonomy":"post_tag","embeddable":true,"href":"https:\/\/www.europesays.com\/pl\/wp-json\/wp\/v2\/tags?post=170947"}],"curies":[{"name":"wp","href":"https:\/\/api.w.org\/{rel}","templated":true}]}}