{"id":170951,"date":"2025-12-25T19:29:12","date_gmt":"2025-12-25T19:29:12","guid":{"rendered":"https:\/\/www.europesays.com\/pl\/170951\/"},"modified":"2025-12-25T19:29:12","modified_gmt":"2025-12-25T19:29:12","slug":"zanim-zrobi%c2%b3-furore-w-domu-dobrym-zagra%c2%b3-legende-rapu-ta-rola-zmieni%c2%b3a-wszystko","status":"publish","type":"post","link":"https:\/\/www.europesays.com\/pl\/170951\/","title":{"rendered":"Zanim zrobi\u00b3 furor\u00ea w 'Domu dobrym&#8217;, zagra\u00b3 legend\u00ea rapu. Ta rola zmieni\u00b3a wszystko"},"content":{"rendered":"<p class=\"art_paragraph\">Cho\u0107 dzi\u015b <a href=\"https:\/\/www.plotek.pl\/tomasz-schuchardt\" class=\"art_link\" rel=\"nofollow noopener\" target=\"_blank\">Tomasz Schuchardt<\/a> ponownie znajduje si\u0119 w centrum zainteresowania widz\u00f3w dzi\u0119ki g\u0142o\u015bnej produkcji &#8222;<a href=\"https:\/\/www.plotek.pl\/dom-dobry\" class=\"art_link\" rel=\"nofollow noopener\" target=\"_blank\">Dom dobry<\/a>&#8222;, prawdziwym punktem zwrotnym w jego karierze okaza\u0142a si\u0119 rola sprzed lat. W 2012 roku aktor wcieli\u0142 si\u0119 w jednego z najs\u0142ynniejszych polskich raper\u00f3w w filmie &#8222;Jeste\u015b Bogiem&#8221;.<\/p>\n<p>\n    Zobacz wideo Wywiad z Tomaszem Schuchardtem. &#8222;Taka tematyka nie by\u0142a jeszcze poruszana w polskim kinie&#8221;\n  <\/p>\n<p> Tomasz Schuchardt przed &#8222;Domem dobrym&#8221; zagra\u0142 w kultowej produkcji o Paktofonice. Tak wygl\u0105da\u0142<\/p>\n<p class=\"art_paragraph\">Wcielenie si\u0119 w Fokusa w <a href=\"https:\/\/kultura.gazeta.pl\/kultura\/0,114438.html#anchorLink\" rel=\"nofollow noopener\" target=\"_blank\">filmie<\/a> &#8222;Jeste\u015b Bogiem&#8221; by\u0142o dla Tomasza Schuchardta nie tylko ogromnym wyzwaniem, ale te\u017c momentem prze\u0142omowym w jego \u017cyciu zawodowym. Posta\u0107 jednego z lider\u00f3w legendarnej Paktofoniki &#8211; Wojciecha &#8222;Fokusa&#8221; Alszera &#8211; wymaga\u0142a od aktora pe\u0142nego zaanga\u017cowania &#8211; zar\u00f3wno aktorskiego, jak i muzycznego. Ta kreacja przynios\u0142a mu uznanie krytyk\u00f3w i otworzy\u0142a drog\u0119 do najwa\u017cniejszych projekt\u00f3w filmowych oraz teatralnych w Polsce. Film przyci\u0105gn\u0105\u0142 do kin niemal 1,5 miliona widz\u00f3w, staj\u0105c si\u0119 jednym z najwi\u0119kszych sukces\u00f3w frekwencyjnych ostatnich dekad.<\/p>\n<p class=\"art_paragraph\">Wyb\u00f3r Tomasza Schuchardta do roli Wojciecha &#8222;Fokusa&#8221; Alszera poprzedzi\u0142y d\u0142ugie castingi. Tw\u00f3rcy zwr\u00f3cili uwag\u0119 na jego autentyczno\u015b\u0107, determinacj\u0119 oraz predyspozycje wokalne, niezb\u0119dne do wiarygodnego sportretowania rapera. Dodatkowym atutem by\u0142 fakt, \u017ce aktor prywatnie interesowa\u0142 si\u0119 tw\u00f3rczo\u015bci\u0105 Paktofoniki, co prze\u0142o\u017cy\u0142o si\u0119 na jego pe\u0142ne oddanie projektowi. Zdj\u0119cia Schuchardta na planie &#8222;Jeste\u015b Bogiem&#8221; zobaczycie w naszej galerii:<\/p>\n<p class=\"gallery-open-button\">Tomasz Schuchardt przed <a href=\"#\" class=\"gallery-open-button__link gallery-open-button__link--version1\">Otw\u00f3rz galeri\u0119<\/a><\/p>\n<p> Tomasz Schuchardt w pe\u0142ni odda\u0142 si\u0119 przygotowaniom do roli Fokusa w &#8222;Jeste\u015b Bogiem&#8221;<\/p>\n<p class=\"art_paragraph\">Przygotowanie do roli Fokusa trwa\u0142o wiele miesi\u0119cy. Schuchardt zg\u0142\u0119bia\u0142 biografi\u0119 Wojciecha Alszera, a jednocze\u015bnie intensywnie pracowa\u0142 nad nauk\u0105 rapowania. \u0106wiczenia obejmowa\u0142y dykcj\u0119, rytm oraz interpretacj\u0119 tekst\u00f3w, co dla aktora z teatralnym zapleczem by\u0142o zupe\u0142nie nowym do\u015bwiadczeniem. Szczeg\u00f3ln\u0105 trudno\u015bci\u0105 by\u0142a odpowiedzialno\u015b\u0107 wobec \u015brodowiska hip-hopowego. Recenzenci podkre\u015blali, \u017ce <a href=\"https:\/\/www.plotek.pl\/plotek\/7,195990,32438414,schuchardt-w-czapce-na-scince-u-boku-zony-zaprezentowal-sie.html#anchorLink\" rel=\"nofollow noopener\" target=\"_blank\">Tomasz Schuchardt<\/a> stworzy\u0142 niezwykle przekonuj\u0105c\u0105 kreacj\u0119, \u0142\u0105cz\u0105c warsztat aktorski z muzyczn\u0105 wra\u017cliwo\u015bci\u0105. Dzi\u0119ki temu &#8222;Jeste\u015b Bogiem&#8221; sta\u0142 si\u0119 nie tylko zapisem pewnej epoki, lecz tak\u017ce inspiracj\u0105 dla m\u0142odszych widz\u00f3w. Obraz zdoby\u0142 Srebrne Lwy na 37. Festiwalu Polskich Film\u00f3w Fabularnych w Gdyni, a Schuchardt otrzyma\u0142 nagrod\u0119 dla najlepszego aktora na festiwalu Off Plus Camera w 2013 roku.<\/p>\n","protected":false},"excerpt":{"rendered":"Cho\u0107 dzi\u015b Tomasz Schuchardt ponownie znajduje si\u0119 w centrum zainteresowania widz\u00f3w dzi\u0119ki g\u0142o\u015bnej produkcji &#8222;Dom dobry&#8222;, prawdziwym punktem&hellip;\n","protected":false},"author":2,"featured_media":170952,"comment_status":"","ping_status":"","sticky":false,"template":"","format":"standard","meta":{"footnotes":""},"categories":[22],"tags":[122,42,38,40,39,41,123],"class_list":{"0":"post-170951","1":"post","2":"type-post","3":"status-publish","4":"format-standard","5":"has-post-thumbnail","7":"category-rozrywka","8":"tag-entertainment","9":"tag-pl","10":"tag-poland","11":"tag-polish","12":"tag-polska","13":"tag-polski","14":"tag-rozrywka"},"share_on_mastodon":{"url":"https:\/\/pubeurope.com\/@pl\/115781865475856442","error":""},"_links":{"self":[{"href":"https:\/\/www.europesays.com\/pl\/wp-json\/wp\/v2\/posts\/170951","targetHints":{"allow":["GET"]}}],"collection":[{"href":"https:\/\/www.europesays.com\/pl\/wp-json\/wp\/v2\/posts"}],"about":[{"href":"https:\/\/www.europesays.com\/pl\/wp-json\/wp\/v2\/types\/post"}],"author":[{"embeddable":true,"href":"https:\/\/www.europesays.com\/pl\/wp-json\/wp\/v2\/users\/2"}],"replies":[{"embeddable":true,"href":"https:\/\/www.europesays.com\/pl\/wp-json\/wp\/v2\/comments?post=170951"}],"version-history":[{"count":0,"href":"https:\/\/www.europesays.com\/pl\/wp-json\/wp\/v2\/posts\/170951\/revisions"}],"wp:featuredmedia":[{"embeddable":true,"href":"https:\/\/www.europesays.com\/pl\/wp-json\/wp\/v2\/media\/170952"}],"wp:attachment":[{"href":"https:\/\/www.europesays.com\/pl\/wp-json\/wp\/v2\/media?parent=170951"}],"wp:term":[{"taxonomy":"category","embeddable":true,"href":"https:\/\/www.europesays.com\/pl\/wp-json\/wp\/v2\/categories?post=170951"},{"taxonomy":"post_tag","embeddable":true,"href":"https:\/\/www.europesays.com\/pl\/wp-json\/wp\/v2\/tags?post=170951"}],"curies":[{"name":"wp","href":"https:\/\/api.w.org\/{rel}","templated":true}]}}