{"id":170999,"date":"2025-12-25T20:03:18","date_gmt":"2025-12-25T20:03:18","guid":{"rendered":"https:\/\/www.europesays.com\/pl\/170999\/"},"modified":"2025-12-25T20:03:18","modified_gmt":"2025-12-25T20:03:18","slug":"filip-luberecki-z-motoru-lublin-na-celowniku-klubow-ze-stanow-zjednoczonych","status":"publish","type":"post","link":"https:\/\/www.europesays.com\/pl\/170999\/","title":{"rendered":"Filip Luberecki z Motoru Lublin na celowniku klub\u00f3w ze Stan\u00f3w Zjednoczonych"},"content":{"rendered":"<p>Stany Zjednoczone, to w ostatnich latach popularny kierunek dla polskich zawodnik\u00f3w. Kluby z Major League Soccer bardzo ch\u0119tnie si\u0119ga\u0142y po pi\u0142karzy znad Wis\u0142y. Obecnie za oceanem wyst\u0119puj\u0105 chocia\u017cby: Bartosz Slisz, Wiktor Bogacz czy Dominik Marczuk. Wed\u0142ug plotek transferowych kolejnym mo\u017ce by\u0107 w\u0142a\u015bnie Luberecki.<\/p>\n<p>20-latek od d\u0142u\u017cszego czasu znajduje si\u0119 pod obserwacj\u0105 klub\u00f3w zagranicznych. Rok temu mocno zainteresowany lewym obro\u0144c\u0105 \u017c\u00f3\u0142to-bia\u0142o-niebieskich by\u0142 przede wszystkim Sturm Graz. Austriacy byli pono\u0107 gotowi zap\u0142aci\u0107 milion euro. Wydaje si\u0119 jednak, \u017ce klub z Lublina, je\u017celi zdecyduje si\u0119 sprzeda\u0107 zawodnika, to jednak za wy\u017csz\u0105 kwot\u0119. Jego umowa z Motorem jest jeszcze wa\u017cna do ko\u0144ca 2027 roku.<\/p>\n<blockquote>\n<p>\u2013 Jego dobre wyst\u0119py nie umkn\u0119\u0142y uwadze innych zespo\u0142\u00f3w, zw\u0142aszcza w Stanach Zjednoczonych. Wiele klub\u00f3w wyra\u017ca konkretne zainteresowanie m\u0142odym obro\u0144c\u0105 i bacznie obserwuje jego post\u0119py pod k\u0105tem kolejnego sezonu. Jego szybko\u015b\u0107, umiej\u0119tno\u015b\u0107 gry do przodu oraz solidna praca w defensywie zosta\u0142y potwierdzone tak\u017ce przy okazji gry dla m\u0142odzie\u017cowej reprezentacji Polski. Kolejne okienko transferowe b\u0119dzie decyduj\u0105ce dla jego przysz\u0142o\u015bci. Bior\u0105c pod uwag\u0119 rosn\u0105ce zainteresowanie zagranicznych klub\u00f3w, szansa na wyjazd z Polski jest coraz bardziej realna \u2013 napisa\u0142 Rudy Galetti, ekspert od spraw transferowych.<\/p>\n<\/blockquote>\n<p>Popularny \u201eLuberek\u201d robi systematyczne post\u0119py. Od lat jest r\u00f3wnie\u017c powo\u0142ywany do reprezentacji Polski. Obecnie znajduje si\u0119 w kadrze U-21, kt\u00f3r\u0105 prowadzi Jerzy Brz\u0119czek, chocia\u017c akurat jest rezerwowym. W PKO BP Ekstraklasie rozegra\u0142 w tym sezonie 16 spotka\u0144. W sumie dla \u017c\u00f3\u0142to-bia\u0142o-niebieskich uzbiera\u0142 ju\u017c 88 mecz\u00f3w. Zdoby\u0142 w nich jednego gola i zaliczy\u0142 siedem asyst.<\/p>\n","protected":false},"excerpt":{"rendered":"Stany Zjednoczone, to w ostatnich latach popularny kierunek dla polskich zawodnik\u00f3w. Kluby z Major League Soccer bardzo ch\u0119tnie&hellip;\n","protected":false},"author":2,"featured_media":171000,"comment_status":"","ping_status":"","sticky":false,"template":"","format":"standard","meta":{"footnotes":""},"categories":[24],"tags":[42,38,40,39,41,127,126],"class_list":{"0":"post-170999","1":"post","2":"type-post","3":"status-publish","4":"format-standard","5":"has-post-thumbnail","7":"category-sport","8":"tag-pl","9":"tag-poland","10":"tag-polish","11":"tag-polska","12":"tag-polski","13":"tag-sport","14":"tag-sports"},"share_on_mastodon":{"url":"https:\/\/pubeurope.com\/@pl\/115781999236537401","error":""},"_links":{"self":[{"href":"https:\/\/www.europesays.com\/pl\/wp-json\/wp\/v2\/posts\/170999","targetHints":{"allow":["GET"]}}],"collection":[{"href":"https:\/\/www.europesays.com\/pl\/wp-json\/wp\/v2\/posts"}],"about":[{"href":"https:\/\/www.europesays.com\/pl\/wp-json\/wp\/v2\/types\/post"}],"author":[{"embeddable":true,"href":"https:\/\/www.europesays.com\/pl\/wp-json\/wp\/v2\/users\/2"}],"replies":[{"embeddable":true,"href":"https:\/\/www.europesays.com\/pl\/wp-json\/wp\/v2\/comments?post=170999"}],"version-history":[{"count":0,"href":"https:\/\/www.europesays.com\/pl\/wp-json\/wp\/v2\/posts\/170999\/revisions"}],"wp:featuredmedia":[{"embeddable":true,"href":"https:\/\/www.europesays.com\/pl\/wp-json\/wp\/v2\/media\/171000"}],"wp:attachment":[{"href":"https:\/\/www.europesays.com\/pl\/wp-json\/wp\/v2\/media?parent=170999"}],"wp:term":[{"taxonomy":"category","embeddable":true,"href":"https:\/\/www.europesays.com\/pl\/wp-json\/wp\/v2\/categories?post=170999"},{"taxonomy":"post_tag","embeddable":true,"href":"https:\/\/www.europesays.com\/pl\/wp-json\/wp\/v2\/tags?post=170999"}],"curies":[{"name":"wp","href":"https:\/\/api.w.org\/{rel}","templated":true}]}}