{"id":171039,"date":"2025-12-25T20:52:08","date_gmt":"2025-12-25T20:52:08","guid":{"rendered":"https:\/\/www.europesays.com\/pl\/171039\/"},"modified":"2025-12-25T20:52:08","modified_gmt":"2025-12-25T20:52:08","slug":"co-za-slowa-o-polakach-w-porto-tego-nie-bylo","status":"publish","type":"post","link":"https:\/\/www.europesays.com\/pl\/171039\/","title":{"rendered":"Co za s\u0142owa o Polakach w Porto. Tego nie by\u0142o"},"content":{"rendered":"<p class=\"Paragraph_desktopParagraph__Fd2e9\">Zwi\u0105zany z FC Porto od dekad absolwent lizbo\u0144skiej Wy\u017cszej Szko\u0142y Wychowania Fizycznego Antonio Silva uwa\u017ca pozyskanie polskich defensor\u00f3w za &#8222;wydarzenie transferowe roku w portugalskiej lidze&#8221;.<\/p>\n<p class=\"Paragraph_desktopParagraph__Fd2e9\">\u2014 Z jednej strony mieli\u015bmy odej\u015bcie ze Sportingu Lizbona do londy\u0144skiego Arsenalu Viktora Gyokeresa, jednego z najlepszych napastnik\u00f3w ostatnich lat w lidze portugalskiej. Z drugiej, pojawili si\u0119 w\u0142a\u015bnie ci Polacy, kt\u00f3rzy wnie\u015bli now\u0105 jako\u015b\u0107 do gry FC Porto \u2014 powiedzia\u0142 PAP Silva, emerytowany trener lekkiej atletyki, dobrze wspominaj\u0105cy wyst\u0119py w FC Porto J\u00f3zefa M\u0142ynarczyka i Grzegorza Mielcarskiego.<\/p>\n<p class=\"VideoPlayerText_videoPlayerText__zrtJk\">Dalszy ci\u0105g materia\u0142u pod wideo<\/p>\n<p class=\"Paragraph_desktopParagraph__Fd2e9\">Przyjaciel Jorge\u2019a Pinto da Costy, zmar\u0142ego w lutym legendarnego prezesa &#8222;Smok\u00f3w&#8221;, uwa\u017ca, \u017ce zasilenie szereg\u00f3w FC Porto przez polskich defensor\u00f3w okaza\u0142o si\u0119 wa\u017cnym elementem sukcesu tej ekipy w rozgrywkach ligowych.<\/p>\n<p class=\"Paragraph_desktopParagraph__Fd2e9\">\u2014 Od 30 lat nie by\u0142o tak silnej dru\u017cyny w Porto. Obecny zesp\u00f3\u0142, w kt\u00f3rym Bednarek nazywany jest &#8222;kapitanem bez opaski&#8221;, potwierdza, \u017ce nowemu prezesowi Andre Villas-Boasowi uda\u0142y si\u0119 ostatnie zakupy, szczeg\u00f3lnie w linii obrony \u2014 doda\u0142 Silva.<\/p>\n<p class=\"Paragraph_desktopParagraph__Fd2e9\">Przypomnia\u0142, \u017ce lepsz\u0105 od obecnej w FC Porto nie by\u0142o od czasu angielskiego trenera Bobby\u2019ego Robsona. Jego zesp\u00f3\u0142 w pierwszych 16 meczach sezonu 1995\/96 straci\u0142 zaledwie dwie bramki.<\/p>\n<p class=\"Paragraph_desktopParagraph__Fd2e9\">Tymczasem obecna ekipa &#8222;Smok\u00f3w&#8221;, kierowana przez w\u0142oskiego szkoleniowca Francesco Fariolego, po 15 spotkaniach sezonu ligowego po stronie strat ma tylko cztery gole. W poniedzia\u0142ek FC Porto umocni\u0142o si\u0119 na pozycji lidera po zwyci\u0119stwie nad Alverc\u0105 3:0.<\/p>\n<p class=\"Paragraph_desktopParagraph__Fd2e9\">Dziennik &#8222;O Jogo&#8221; zauwa\u017cy\u0142, \u017ce we wrze\u015bniu, pa\u017adzierniku i listopadzie Bednarek by\u0142 wybierany przez portugalskich szkoleniowc\u00f3w najlepszym obro\u0144c\u0105 ligi, w kt\u00f3rej jedenastka z Porto wygra\u0142a wszystkie mecze, z wyj\u0105tkiem bezbramkowego remisu z Benfic\u0105 Lizbona.<\/p>\n<p class=\"Paragraph_desktopParagraph__Fd2e9\">Pochodz\u0105cy z Porto kibic Rodrigo Pinto przyzna\u0142 w rozmowie z PAP, \u017ce nie spodziewa\u0142 si\u0119 tak dobrego wyst\u0119pu w tym roku polskiego duetu defensor\u00f3w. Martwi\u0142 si\u0119, czy obaj podo\u0142aj\u0105 w szeregach czo\u0142owej portugalskiej dru\u017cyny.<\/p>\n<p class=\"Paragraph_desktopParagraph__Fd2e9\">Zdaniem Pinto oczekiwania wobec Bednarka i Kiwiora by\u0142y du\u017ce i obaj je spe\u0142nili. Szczeg\u00f3lnie pozytywnie, jak doda\u0142, spisa\u0142 si\u0119 pierwszy z nich, kt\u00f3ry dobrze zast\u0105pi\u0142 Pepe.<\/p>\n<p class=\"Paragraph_desktopParagraph__Fd2e9\">\u2014 Po odej\u015bciu Pepe by\u0142a widoczna luka w \u015brodku obrony FC Porto, kt\u00f3r\u0105 doskonale wype\u0142ni\u0142 Bednarek. Gra twardo, agresywnie, nie odpuszcza pi\u0142ek \u2014 oceni\u0142 portugalski kibic.<\/p>\n<p class=\"Paragraph_desktopParagraph__Fd2e9\">Zdaniem Pinto sprowadzenie do FC Porto drugiego reprezentanta Polski r\u00f3wnie\u017c wypad\u0142o pomy\u015blnie, cho\u0107 co do gry obu zawodnik\u00f3w mia\u0142 wcze\u015bniej w\u0105tpliwo\u015bci.<\/p>\n<p class=\"Paragraph_desktopParagraph__Fd2e9\">\u2014 Pami\u0119tam mecze Polak\u00f3w przeciwko Portugalii w ostatnich rozgrywkach Ligi Narod\u00f3w. Zar\u00f3wno polscy defensorzy, jak i ca\u0142y zesp\u00f3\u0142 bia\u0142o-czerwonych nie pokaza\u0142 si\u0119 w nich z najlepszej strony \u2014 podsumowa\u0142 fan FC Porto.<\/p>\n<p class=\"Paragraph_desktopParagraph__Fd2e9\">Natomiast by\u0142y trener Sportingu Braga i Vitorii Guimaraes Manuel Cajuda oceni\u0142, \u017ce Bednarek i Kiwior bardzo dobrze weszli do zespo\u0142u FC Porto, w czym jego zdaniem pom\u00f3g\u0142 fakt, \u017ce trener Farioli zbudowa\u0142 siln\u0105 dru\u017cyn\u0119.<\/p>\n<p class=\"Paragraph_desktopParagraph__Fd2e9\">\u2014 Dla obu Polak\u00f3w korzystne jest z pewno\u015bci\u0105 to, \u017ce ca\u0142a ekipa spisuje si\u0119 w tym sezonie bardzo dobrze, co pomaga w adaptacji nowym zawodnikom. Sukcesy s\u0105 sprzymierze\u0144cem atmosfery w dru\u017cynie \u2014 powiedzia\u0142 PAP Cajuda.<\/p>\n<p class=\"Paragraph_desktopParagraph__Fd2e9\">Doda\u0142, \u017ce za &#8222;ojca sukcesu&#8221; dobrych wyst\u0119p\u00f3w pary Bednarek \u2014 Kiwior nale\u017cy uzna\u0107 przede wszystkim szkoleniowca FC Porto Fariolego, kt\u00f3remu uda\u0142o si\u0119 &#8222;wykrzesa\u0107 najlepsze z umiej\u0119tno\u015bci polskich stoper\u00f3w&#8221;.<\/p>\n<p class=\"Paragraph_desktopParagraph__Fd2e9\">By\u0142y szef Portugalskiego Zwi\u0105zku Trener\u00f3w Jose Pereira potwierdzi\u0142 opini\u0119 Cajudy i doda\u0142, \u017ce w przypadku Bednarka \u2014 cz\u0119sto do\u015bwiadczaj\u0105cego wcze\u015bniej pora\u017cek w barwach angielskiego Southamptonu \u2014 pojawienie si\u0119 w Porto oznacza sta\u0142y udzia\u0142 w zwyci\u0119stwach.<\/p>\n<p class=\"Paragraph_desktopParagraph__Fd2e9\">Doda\u0142, \u017ce solidna postawa polskich obro\u0144c\u00f3w w FC Porto mo\u017ce wp\u0142yn\u0105\u0107 na wi\u0119ksze zainteresowanie portugalskich klub\u00f3w graczami znad Wis\u0142y. Zaznaczy\u0142 jednak, \u017ce przymierzani do &#8222;Smok\u00f3w&#8221; m\u0142odzi zawodnicy, pokroju 17-letniego Oskara Pietuszewskiego, mog\u0105 napotka\u0107 na wymagaj\u0105c\u0105 konkurencj\u0119.<\/p>\n<p class=\"Paragraph_desktopParagraph__Fd2e9\">\u2014 W listopadzie reprezentacja Portugalii do lat 17 zdoby\u0142a tytu\u0142 mistrza \u015bwiata, co dowodzi, \u017ce na naszym podw\u00f3rku r\u00f3wnie\u017c mamy bardzo wielu utalentowanych m\u0142odych graczy \u2014 wskaza\u0142 Jose Pereira.<\/p>\n<p class=\"Paragraph_desktopParagraph__Fd2e9\">Z Porto \u2014 Marcin Zatyka (PAP)<\/p>\n<p class=\"Paragraph_desktopParagraph__Fd2e9\">zat\/ pp\/<\/p>\n<p class=\"Paragraph_desktopParagraph__Fd2e9\">\u0179r\u00f3d\u0142o informacji: Polska Agencja Prasowa<\/p>\n","protected":false},"excerpt":{"rendered":"Zwi\u0105zany z FC Porto od dekad absolwent lizbo\u0144skiej Wy\u017cszej Szko\u0142y Wychowania Fizycznego Antonio Silva uwa\u017ca pozyskanie polskich defensor\u00f3w&hellip;\n","protected":false},"author":2,"featured_media":171040,"comment_status":"","ping_status":"","sticky":false,"template":"","format":"standard","meta":{"footnotes":""},"categories":[24],"tags":[5887,67,5886,5888,42,4785,38,40,39,41,136,128,47,127,135,126,130],"class_list":{"0":"post-171039","1":"post","2":"type-post","3":"status-publish","4":"format-standard","5":"has-post-thumbnail","7":"category-sport","8":"tag-fc_porto","9":"tag-intextvideo_splayer","10":"tag-jakub_kiwior","11":"tag-jan_bednarek","12":"tag-pl","13":"tag-polacy_za_granica","14":"tag-poland","15":"tag-polish","16":"tag-polska","17":"tag-polski","18":"tag-ps_detal_new","19":"tag-psv2","20":"tag-screening_general","21":"tag-sport","22":"tag-sport_sport","23":"tag-sports","24":"tag-wiadomosci_sportowe"},"share_on_mastodon":{"url":"https:\/\/pubeurope.com\/@pl\/115782191916846788","error":""},"_links":{"self":[{"href":"https:\/\/www.europesays.com\/pl\/wp-json\/wp\/v2\/posts\/171039","targetHints":{"allow":["GET"]}}],"collection":[{"href":"https:\/\/www.europesays.com\/pl\/wp-json\/wp\/v2\/posts"}],"about":[{"href":"https:\/\/www.europesays.com\/pl\/wp-json\/wp\/v2\/types\/post"}],"author":[{"embeddable":true,"href":"https:\/\/www.europesays.com\/pl\/wp-json\/wp\/v2\/users\/2"}],"replies":[{"embeddable":true,"href":"https:\/\/www.europesays.com\/pl\/wp-json\/wp\/v2\/comments?post=171039"}],"version-history":[{"count":0,"href":"https:\/\/www.europesays.com\/pl\/wp-json\/wp\/v2\/posts\/171039\/revisions"}],"wp:featuredmedia":[{"embeddable":true,"href":"https:\/\/www.europesays.com\/pl\/wp-json\/wp\/v2\/media\/171040"}],"wp:attachment":[{"href":"https:\/\/www.europesays.com\/pl\/wp-json\/wp\/v2\/media?parent=171039"}],"wp:term":[{"taxonomy":"category","embeddable":true,"href":"https:\/\/www.europesays.com\/pl\/wp-json\/wp\/v2\/categories?post=171039"},{"taxonomy":"post_tag","embeddable":true,"href":"https:\/\/www.europesays.com\/pl\/wp-json\/wp\/v2\/tags?post=171039"}],"curies":[{"name":"wp","href":"https:\/\/api.w.org\/{rel}","templated":true}]}}