{"id":171051,"date":"2025-12-25T21:12:30","date_gmt":"2025-12-25T21:12:30","guid":{"rendered":"https:\/\/www.europesays.com\/pl\/171051\/"},"modified":"2025-12-25T21:12:30","modified_gmt":"2025-12-25T21:12:30","slug":"rywal-szczesnego-w-niebezpieczenstwie-klub-nie-mogl-pozostac-bierny","status":"publish","type":"post","link":"https:\/\/www.europesays.com\/pl\/171051\/","title":{"rendered":"Rywal Szcz\u0119snego w niebezpiecze\u0144stwie. Klub nie m\u00f3g\u0142 pozosta\u0107 bierny"},"content":{"rendered":"<p class=\"typography ids-typeset-body ids-typeset-body--preset-large link paragraph ids-paragraph ids-paragraph--default\">Transfer Joana Garcii do Barcelony by\u0142 dla kibic\u00f3w Espanyolu ciosem prosto w serce. S\u0105 to bowiem odwieczni rywale, rezyduj\u0105cy w tej samej miejscowo\u015bci. Z tego te\u017c powodu 24-letni golkiper z marszu sta\u0142 si\u0119 &#8222;wrogiem publicznym nr 1&#8221; w oczach kibic\u00f3w swojej by\u0142ej dru\u017cyny.<\/p>\n<p class=\"typography ids-typeset-body ids-typeset-body--preset-large link paragraph ids-paragraph ids-paragraph--default\">Ci\u0119\u017cko powiedzie\u0107, jakie emocje towarzyszy\u0107 b\u0119d\u0105 bramkarzowi podczas powrotu na stadion swojej by\u0142ego klubu. Nie mo\u017ce on oczekiwa\u0107 jednak, \u017ce kibice Espanyolu przyjm\u0105 go tam z otwartymi ramionami. Wr\u0119cz przeciwnie. Przewidywane s\u0105 przejawy sporej niech\u0119ci, a wr\u0119cz agresji wzgl\u0119dem rywala <a href=\"https:\/\/sport.interia.pl\/pilka-nozna\/profil-wojciech-szczesny,sppi,1952\" rel=\"nofollow noopener\" target=\"_blank\">Wojciecha Szcz\u0119snego<\/a>. Klub, kt\u00f3ry za kilka dni go\u015bci\u0107 b\u0119dzie &#8222;Dum\u0119 Katalonii&#8221;, ju\u017c teraz musia\u0142 podj\u0105\u0107 pewne konieczne przedsi\u0119wzi\u0119cia, aby zapewni\u0107 swojemu by\u0142emu zawodnikowi wi\u0119kszy poziom bezpiecze\u0144stwa podczas meczu.<\/p>\n<p>Tak zabezpieczono stadion Espanyolu na &#8222;mecz podwy\u017cszonego ryzyka&#8221; z Barcelon\u0105<\/p>\n<p class=\"typography ids-typeset-body ids-typeset-body--preset-large link paragraph ids-paragraph ids-paragraph--default\">Hiszpa\u0144skie media donosz\u0105 o zabezpieczeniach pojawiaj\u0105cych si\u0119 na stadionie Espanyolu. W\u0142odarze tej dru\u017cyny wdro\u017cyli je, aby zadba\u0107 o bezpiecze\u0144stwo swojego by\u0142ego gracza, b\u0119d\u0105cego obecnie &#8222;na cenzurowanym&#8221; w\u015br\u00f3d kibic\u00f3w.<\/p>\n<p class=\"typography ids-typeset-body ids-typeset-body--preset-large link paragraph ids-paragraph ids-paragraph--default\">Z informacji podanych przez portal &#8222;sport.es&#8221; wynika, \u017ce podczas meczu z Barcelon\u0105 na trybunach znajduj\u0105cych si\u0119 bezpo\u015brednio za bramkami, maj\u0105 zosta\u0107 umieszczone specjalne siatki. Ich celem b\u0119dzie wy\u0142apywanie ewentualnych przedmiot\u00f3w, kt\u00f3re zbulwersowani kibice gospodarzy mogliby miota\u0107 w stron\u0119 przebywaj\u0105cego na boisku Joana Garcii.<\/p>\n<p class=\"typography ids-typeset-body ids-typeset-body--preset-large link paragraph ids-paragraph ids-paragraph--default\">Ewentualny skandal z udzia\u0142em by\u0142ego bramkarza Espanyolu z pewno\u015bci\u0105 nie by\u0142by na r\u0119k\u0119 tej dru\u017cynie. Tego typu sytuacja mog\u0142aby w najlepszym wypadku poskutkowa\u0107 kar\u0105 finansow\u0105 dla zespo\u0142u, za\u015b w najgorszym scenariuszu Espanyol musia\u0142by si\u0119 liczy\u0107 z nakazem przymusowego zamkni\u0119cie trybun na kolejne spotkania. Z tego te\u017c wzgl\u0119du, zapewnienie Garcii niezb\u0119dnego bezpiecze\u0144stwa powinno le\u017ce\u0107 w interesie katalo\u0144skiej ekipy.<\/p>\n<p><img decoding=\"async\" class=\"ids-image-holder__img\" loading=\"lazy\" alt=\"M\u0142ody m\u0119\u017cczyzna w zielonej sportowej koszulce bije brawo i u\u015bmiecha si\u0119, stoj\u0105c na tle flagi i rozmazanego stadionu z widowni\u0105.\" title=\"Joan Garcia\" width=\"4767\" height=\"3178\" src=\"https:\/\/www.europesays.com\/pl\/wp-content\/uploads\/2025\/12\/000LG4Y3XHMPN5TO-C323-F4.webp.webp\"\/><\/p>\n<p>Joan GarciaJOSEP LAGOAFP<\/p>\n<p><img decoding=\"async\" class=\"ids-image-holder__img\" loading=\"lazy\" alt=\"Joan Garcia\" title=\"Joan Garcia\" width=\"6000\" height=\"4000\" src=\"https:\/\/www.europesays.com\/pl\/wp-content\/uploads\/2025\/12\/000L7I1QQBCS1QO4-C323-F4.webp.webp\"\/><\/p>\n<p>Joan GarciaJOSE BRETON \/ NURPHOTO \/ NURPHOTO VIA AFPAFP<\/p>\n<p><img decoding=\"async\" class=\"ids-image-holder__img\" loading=\"lazy\" alt=\"Kibice Espanyolu\" title=\"Kibice Espanyolu\" width=\"8192\" height=\"5464\" src=\"https:\/\/www.europesays.com\/pl\/wp-content\/uploads\/2025\/12\/000L7I3FCODRRKL8-C323-F4.webp.webp\"\/><\/p>\n<p>Kibice EspanyoluUrbanandsport \/ NurPhoto \/ NurPhoto via AFP   AFP<\/p>\n<p>Barcelona przygotowuje si\u0119 do meczu z Realem Betis w La Liga\u00a9 2025 Associated Press<\/p>\n<p><a class=\"ids-undecorated-link source ids-page-info--source__link\" href=\"https:\/\/www.interia.pl\" rel=\"nofollow noopener\" target=\"_blank\"><img decoding=\"async\" class=\"ids-image-holder__img\" loading=\"lazy\" alt=\"\" title=\"\" height=\"24px\" src=\"https:\/\/www.europesays.com\/pl\/wp-content\/uploads\/2025\/12\/1766553731_41_0009A60QQ5I2TYF7-C202-F4.webp.webp\"\/><\/a><\/p>\n<p>Masz sugestie, uwagi albo widzisz b\u0142\u0105d? Napisz do nas<\/p>\n","protected":false},"excerpt":{"rendered":"Transfer Joana Garcii do Barcelony by\u0142 dla kibic\u00f3w Espanyolu ciosem prosto w serce. S\u0105 to bowiem odwieczni rywale,&hellip;\n","protected":false},"author":2,"featured_media":171052,"comment_status":"","ping_status":"","sticky":false,"template":"","format":"standard","meta":{"footnotes":""},"categories":[24],"tags":[42,38,40,39,41,127,126],"class_list":{"0":"post-171051","1":"post","2":"type-post","3":"status-publish","4":"format-standard","5":"has-post-thumbnail","7":"category-sport","8":"tag-pl","9":"tag-poland","10":"tag-polish","11":"tag-polska","12":"tag-polski","13":"tag-sport","14":"tag-sports"},"share_on_mastodon":{"url":"https:\/\/pubeurope.com\/@pl\/115782273404273570","error":""},"_links":{"self":[{"href":"https:\/\/www.europesays.com\/pl\/wp-json\/wp\/v2\/posts\/171051","targetHints":{"allow":["GET"]}}],"collection":[{"href":"https:\/\/www.europesays.com\/pl\/wp-json\/wp\/v2\/posts"}],"about":[{"href":"https:\/\/www.europesays.com\/pl\/wp-json\/wp\/v2\/types\/post"}],"author":[{"embeddable":true,"href":"https:\/\/www.europesays.com\/pl\/wp-json\/wp\/v2\/users\/2"}],"replies":[{"embeddable":true,"href":"https:\/\/www.europesays.com\/pl\/wp-json\/wp\/v2\/comments?post=171051"}],"version-history":[{"count":0,"href":"https:\/\/www.europesays.com\/pl\/wp-json\/wp\/v2\/posts\/171051\/revisions"}],"wp:featuredmedia":[{"embeddable":true,"href":"https:\/\/www.europesays.com\/pl\/wp-json\/wp\/v2\/media\/171052"}],"wp:attachment":[{"href":"https:\/\/www.europesays.com\/pl\/wp-json\/wp\/v2\/media?parent=171051"}],"wp:term":[{"taxonomy":"category","embeddable":true,"href":"https:\/\/www.europesays.com\/pl\/wp-json\/wp\/v2\/categories?post=171051"},{"taxonomy":"post_tag","embeddable":true,"href":"https:\/\/www.europesays.com\/pl\/wp-json\/wp\/v2\/tags?post=171051"}],"curies":[{"name":"wp","href":"https:\/\/api.w.org\/{rel}","templated":true}]}}