{"id":171055,"date":"2025-12-25T21:21:17","date_gmt":"2025-12-25T21:21:17","guid":{"rendered":"https:\/\/www.europesays.com\/pl\/171055\/"},"modified":"2025-12-25T21:21:17","modified_gmt":"2025-12-25T21:21:17","slug":"dania-wysmiewa-trumpa-ws-grenlandii-zaczniemy-kupowac-stany","status":"publish","type":"post","link":"https:\/\/www.europesays.com\/pl\/171055\/","title":{"rendered":"Dania wy\u015bmiewa Trumpa ws. Grenlandii. &#8222;Zaczniemy kupowa\u0107 stany&#8221;"},"content":{"rendered":"<p>Najwa\u017cniejsze informacje:<\/p>\n<ul>\n<li>Rasmus Jarlov z\u00a0du\u0144skiego parlamentu skomentowa\u0142 plany USA dotycz\u0105ce Grenlandii.<\/li>\n<li>Jarlov za\u017cartowa\u0142, \u017ce Dania mog\u0142aby kupi\u0107 kilka stan\u00f3w USA, zwracaj\u0105c uwag\u0119 na wzrastaj\u0105ce wska\u017aniki gospodarcze.<\/li>\n<li>Donald Trump wcze\u015bniej wyrazi\u0142 ch\u0119\u0107 zakupu Grenlandii dla cel\u00f3w bezpiecze\u0144stwa.<\/li>\n<\/ul>\n<p>Rasmus Jarlov, przewodnicz\u0105cy Komisji Obrony Parlamentu Danii, odni\u00f3s\u0142 si\u0119 w\u00a0mediach spo\u0142eczno\u015bciowych do sugestii ze strony USA dotycz\u0105cej zakupu Grenlandii. Podkre\u015bli\u0142, \u017ce &#8211;\u00a0pomimo trudnej sytuacji gospodarczej w\u00a0Stanach Zjednoczonych &#8211;\u00a0Dania gospodarczo radzi sobie obecnie ca\u0142kiem nie\u017ale. Jarlov \u017cartobliwie doda\u0142, \u017ce zawsze ceni\u0142 New Hampshire, a\u00a0nawet wyrazi\u0142 zainteresowanie nabyciem Hawaj\u00f3w.<\/p>\n<p>R\u00f3zgi i\u00a0prezenty dla polityk\u00f3w. Tak odpowiedzieli Polacy <\/p>\n<p>&#8222;Nie jeste\u015bmy zadowoleni, ale obecny poziom wzrostu gospodarczego w\u00a0Danii jest przyzwoity. Wkr\u00f3tce zaczniemy kupowa\u0107 stany USA&#8221; &#8211;\u00a0napisa\u0142 Jarlov w\u00a0swoim komentarzu.<\/p>\n<p>Donald Trump wcze\u015bniej wyrazi\u0142 ch\u0119\u0107 zakupu Grenlandii przez USA, argumentuj\u0105c to potrzebami bezpiecze\u0144stwa narodowego. W\u00a0odpowiedzi na te zamiary Kopenhaga wezwa\u0142a ambasadora USA w\u00a0celu wyja\u015bnienia nieporozumienia. Ten zaskakuj\u0105cy pomys\u0142 pobudzi\u0142 \u017cywe dyskusje w\u00a0mediach i\u00a0zosta\u0142 odebrany w\u00a0Danii jako okazja do humorystycznego odp\u0142acenia si\u0119 Stanom Zjednoczonym za propozycj\u0119.<\/p>\n<p>Grenlandia, b\u0119d\u0105ca autonomiczn\u0105 cz\u0119\u015bci\u0105 Danii, ma strategiczne znaczenie ze wzgl\u0119du na swoj\u0105 lokalizacj\u0119. Pr\u00f3ba zakupu jej przez USA zosta\u0142a m.in. potraktowana jako niecodzienna sugestia dyplomatyczna.<\/p>\n","protected":false},"excerpt":{"rendered":"Najwa\u017cniejsze informacje: Rasmus Jarlov z\u00a0du\u0144skiego parlamentu skomentowa\u0142 plany USA dotycz\u0105ce Grenlandii. Jarlov za\u017cartowa\u0142, \u017ce Dania mog\u0142aby kupi\u0107 kilka&hellip;\n","protected":false},"author":2,"featured_media":171056,"comment_status":"","ping_status":"","sticky":false,"template":"","format":"standard","meta":{"footnotes":""},"categories":[5],"tags":[32,33,36,37,27,34,35,28,31,25,42,38,40,39,41,29,30,26],"class_list":{"0":"post-171055","1":"post","2":"type-post","3":"status-publish","4":"format-standard","5":"has-post-thumbnail","7":"category-naglowki","8":"tag-breaking-news","9":"tag-breakingnews","10":"tag-featured-news","11":"tag-featurednews","12":"tag-headlines","13":"tag-latest-news","14":"tag-latestnews","15":"tag-naglowki","16":"tag-najwazniejsze-artykuly","17":"tag-news","18":"tag-pl","19":"tag-poland","20":"tag-polish","21":"tag-polska","22":"tag-polski","23":"tag-top-stories","24":"tag-topstories","25":"tag-wiadomosci"},"share_on_mastodon":{"url":"","error":""},"_links":{"self":[{"href":"https:\/\/www.europesays.com\/pl\/wp-json\/wp\/v2\/posts\/171055","targetHints":{"allow":["GET"]}}],"collection":[{"href":"https:\/\/www.europesays.com\/pl\/wp-json\/wp\/v2\/posts"}],"about":[{"href":"https:\/\/www.europesays.com\/pl\/wp-json\/wp\/v2\/types\/post"}],"author":[{"embeddable":true,"href":"https:\/\/www.europesays.com\/pl\/wp-json\/wp\/v2\/users\/2"}],"replies":[{"embeddable":true,"href":"https:\/\/www.europesays.com\/pl\/wp-json\/wp\/v2\/comments?post=171055"}],"version-history":[{"count":0,"href":"https:\/\/www.europesays.com\/pl\/wp-json\/wp\/v2\/posts\/171055\/revisions"}],"wp:featuredmedia":[{"embeddable":true,"href":"https:\/\/www.europesays.com\/pl\/wp-json\/wp\/v2\/media\/171056"}],"wp:attachment":[{"href":"https:\/\/www.europesays.com\/pl\/wp-json\/wp\/v2\/media?parent=171055"}],"wp:term":[{"taxonomy":"category","embeddable":true,"href":"https:\/\/www.europesays.com\/pl\/wp-json\/wp\/v2\/categories?post=171055"},{"taxonomy":"post_tag","embeddable":true,"href":"https:\/\/www.europesays.com\/pl\/wp-json\/wp\/v2\/tags?post=171055"}],"curies":[{"name":"wp","href":"https:\/\/api.w.org\/{rel}","templated":true}]}}