{"id":171061,"date":"2025-12-25T21:28:07","date_gmt":"2025-12-25T21:28:07","guid":{"rendered":"https:\/\/www.europesays.com\/pl\/171061\/"},"modified":"2025-12-25T21:28:07","modified_gmt":"2025-12-25T21:28:07","slug":"zmarla-po-zatruciu-czadem-pomocy-potrzebowali-tez-ratownicy","status":"publish","type":"post","link":"https:\/\/www.europesays.com\/pl\/171061\/","title":{"rendered":"Zmar\u0142a po zatruciu czadem. Pomocy potrzebowali te\u017c ratownicy"},"content":{"rendered":"<p>S\u0142u\u017cby wezwano w\u00a0\u015brod\u0119, 24 grudnia, ok. godz. 16, do jednego z\u00a0dom\u00f3w przy ul. Kr\u00f3tkiej w\u00a0Opalenicy w\u00a0woj. wielkopolskim. Jak relacjonuje serwis Wolsztyn112, ratownicy i\u00a0stra\u017cacy rozpocz\u0119li reanimacj\u0119 44-latki, jednak dzia\u0142ania nie przynios\u0142y skutku. Kobiet\u0119 przewieziono do szpitala w\u00a0Nowym Tomy\u015blu, gdzie zmar\u0142a.<\/p>\n<p>Wyda\u0142a a\u017c 558 z\u0142 w\u00a0Biedronce. Co\u00a0kupi\u0142a? <\/p>\n<p>W chwili interwencji w\u00a0domu przebywa\u0142y jeszcze cztery osoby, w\u00a0tym matka 44-latki. Kobieta \u017ale si\u0119 poczu\u0142a i\u00a0r\u00f3wnie\u017c trafi\u0142a do szpitala w\u00a0Nowym Tomy\u015blu. W\u00a0trakcie dzia\u0142a\u0144 dw\u00f3ch ratownik\u00f3w r\u00f3wnie\u017c zacz\u0119\u0142o zg\u0142asza\u0107 z\u0142e samopoczucie; przewieziono ich do plac\u00f3wki w\u00a0Grodzisku Wielkopolskim.<\/p>\n<p>Mierniki stra\u017cak\u00f3w wykaza\u0142y obecno\u015b\u0107 czadu. Budynek przewietrzono, a\u00a0na miejsce skierowano kolejne zespo\u0142y ratownictwa oraz policj\u0119. Do Opalenicy dojecha\u0142a te\u017c Specjalistyczna Grupa Ratownictwa Chemiczno-Ekologicznego z\u00a0Poznania, kt\u00f3ra przez oko\u0142o 2\u00a0godziny prowadzi\u0142a pomiary. Jak podaje serwis, nie stwierdzono innych niebezpiecznych substancji ani dodatkowych \u017ar\u00f3de\u0142 zagro\u017cenia. <\/p>\n<p>S\u0142u\u017cby przewietrzy\u0142y budynek i\u00a0zako\u0144czy\u0142y dzia\u0142ania po potwierdzeniu braku kolejnych czynnik\u00f3w ryzyka.<\/p>\n<p>\u0179r\u00f3d\u0142o: Wolsztyn112, WP<\/p>\n","protected":false},"excerpt":{"rendered":"S\u0142u\u017cby wezwano w\u00a0\u015brod\u0119, 24 grudnia, ok. godz. 16, do jednego z\u00a0dom\u00f3w przy ul. Kr\u00f3tkiej w\u00a0Opalenicy w\u00a0woj. wielkopolskim. Jak&hellip;\n","protected":false},"author":2,"featured_media":171062,"comment_status":"","ping_status":"","sticky":false,"template":"","format":"standard","meta":{"footnotes":""},"categories":[12],"tags":[32,33,36,37,27,34,35,28,31,25,42,38,40,39,41,29,30,26],"class_list":{"0":"post-171061","1":"post","2":"type-post","3":"status-publish","4":"format-standard","5":"has-post-thumbnail","7":"category-polska","8":"tag-breaking-news","9":"tag-breakingnews","10":"tag-featured-news","11":"tag-featurednews","12":"tag-headlines","13":"tag-latest-news","14":"tag-latestnews","15":"tag-naglowki","16":"tag-najwazniejsze-artykuly","17":"tag-news","18":"tag-pl","19":"tag-poland","20":"tag-polish","21":"tag-polska","22":"tag-polski","23":"tag-top-stories","24":"tag-topstories","25":"tag-wiadomosci"},"share_on_mastodon":{"url":"https:\/\/pubeurope.com\/@pl\/115782333508264794","error":""},"_links":{"self":[{"href":"https:\/\/www.europesays.com\/pl\/wp-json\/wp\/v2\/posts\/171061","targetHints":{"allow":["GET"]}}],"collection":[{"href":"https:\/\/www.europesays.com\/pl\/wp-json\/wp\/v2\/posts"}],"about":[{"href":"https:\/\/www.europesays.com\/pl\/wp-json\/wp\/v2\/types\/post"}],"author":[{"embeddable":true,"href":"https:\/\/www.europesays.com\/pl\/wp-json\/wp\/v2\/users\/2"}],"replies":[{"embeddable":true,"href":"https:\/\/www.europesays.com\/pl\/wp-json\/wp\/v2\/comments?post=171061"}],"version-history":[{"count":0,"href":"https:\/\/www.europesays.com\/pl\/wp-json\/wp\/v2\/posts\/171061\/revisions"}],"wp:featuredmedia":[{"embeddable":true,"href":"https:\/\/www.europesays.com\/pl\/wp-json\/wp\/v2\/media\/171062"}],"wp:attachment":[{"href":"https:\/\/www.europesays.com\/pl\/wp-json\/wp\/v2\/media?parent=171061"}],"wp:term":[{"taxonomy":"category","embeddable":true,"href":"https:\/\/www.europesays.com\/pl\/wp-json\/wp\/v2\/categories?post=171061"},{"taxonomy":"post_tag","embeddable":true,"href":"https:\/\/www.europesays.com\/pl\/wp-json\/wp\/v2\/tags?post=171061"}],"curies":[{"name":"wp","href":"https:\/\/api.w.org\/{rel}","templated":true}]}}