{"id":171103,"date":"2025-12-25T22:03:11","date_gmt":"2025-12-25T22:03:11","guid":{"rendered":"https:\/\/www.europesays.com\/pl\/171103\/"},"modified":"2025-12-25T22:03:11","modified_gmt":"2025-12-25T22:03:11","slug":"ukradl-bmw-z-trojka-dzieci-w-srodku-szokujaca-kradziez-w-holandii","status":"publish","type":"post","link":"https:\/\/www.europesays.com\/pl\/171103\/","title":{"rendered":"Ukrad\u0142 bmw z tr\u00f3jk\u0105 dzieci w \u015brodku. Szokuj\u0105ca kradzie\u017c w Holandii"},"content":{"rendered":"<p class=\"article-p\" data-section=\"detail-body\">Koszmar rozegra\u0142 si\u0119 w sobot\u0119, 20 grudnia, wczesnym rankiem w mie\u015bcie Breda. Piosenkarz folk Sander Kwarten razem z \u017con\u0105 i tr\u00f3jk\u0105 dzieci szykowali si\u0119 do wyjazdu na \u015bwi\u0119ta w austriackich <a href=\"https:\/\/www.fakt.pl\/wydarzenia\/swiat\/tragedia-w-alpach-lawina-zabrala-zycie-pieciu-osob-w-tym-ojca-i-corki\/3xb1tph\" id=\"5e956eed-ae00-4639-ba16-1610c4a6629b\" rel=\"nofollow noopener\" target=\"_blank\">Alpach<\/a>. Oko\u0142o godziny 5.15 byli ju\u017c niemal gotowi do drogi \u2014 baga\u017ce by\u0142y spakowane w baga\u017cniku, narty w baga\u017cniku na dachu, a dzieci (w wieku 4, 6 i 10 lat) siedzia\u0142y zapi\u0119te w pasy na tylnej kanapie.<\/p>\n<p class=\"article-p\" data-section=\"detail-body\">Czytaj tak\u017ce: <a href=\"https:\/\/www.fakt.pl\/wydarzenia\/polska\/szczecin\/dramatyczne-sceny-w-koszalinie-podbiegl-do-kobiety-i-wyrwal-jej-z-rak-niemowle\/yt4y9pg\" id=\"b885a06b-f3b9-466c-9860-edeb3202dedc\" rel=\"nofollow noopener\" target=\"_blank\">Podbieg\u0142 do kobiety i wyrwa\u0142 jej z r\u0105k niemowl\u0119. Natychmiastowy alarm dla policji w Koszalinie<\/a><\/p>\n<p>        Szokuj\u0105ca kradzie\u017c w Holandii. Z\u0142odziej ukrad\u0142 auto z tr\u00f3jk\u0105 dzieci<\/p>\n<p class=\"article-p\" data-section=\"detail-body\">Jak podaje &#8222;Omroep Brabant&#8221;, Sander i jego \u017cona Sylvana wr\u00f3cili jeszcze na chwil\u0119 do domu, by pozamyka\u0107 drzwi, gdy us\u0142yszeli, jak silnik zaparkowanego przed domem auta zaczyna pracowa\u0107 na wysokich obrotach. Chwil\u0119 potem ujrzeli ich bmw odje\u017cd\u017caj\u0105ce z piskiem opon, razem z dzie\u0107mi w \u015brodku.<\/p>\n<p class=\"article-p\" data-section=\"detail-body\">Na<a href=\"https:\/\/www.fakt.pl\/wydarzenia\/polska\/poznan\/markowa-torebka-zniknela-w-poznanskiej-galerii-policja-szuka-kobiety-z-nagrania\/rzt9qzn\" id=\"a522a153-0ced-4209-bdad-ca75e72c7489\" rel=\"nofollow noopener\" target=\"_blank\"> nagraniach z monitoringu<\/a> wida\u0107 by\u0142o, jak m\u0119\u017cczyzna z plecakiem wsiad\u0142 za kierownic\u0119 i od razu odjecha\u0142.<\/p>\n<p class=\"article-p\" data-section=\"detail-body\">\u2014 Ziemia usun\u0119\u0142a si\u0119 nam spod n\u00f3g. Kradzie\u017c samochodu to ju\u017c wystarczaj\u0105co z\u0142a sytuacja. Ale kiedy na tylnym siedzeniu s\u0105 twoje dzieci&#8230; \u2014 m\u00f3wi\u0142 piosenkarz stacji telewizyjnej.<\/p>\n<p class=\"article-p\" data-section=\"detail-body\">Sander i jego \u017cona pocz\u0105tkowo zacz\u0119li biec za samochodem, ale szybko zorientowali si\u0119, \u017ce to nie ma sensu. \u2014 Wsiedli\u015bmy wi\u0119c do innego auta i ruszyli\u015bmy w po\u015bcig za bmw \u2014 opowiada\u0142.<\/p>\n<p class=\"article-p\" data-section=\"detail-body\">Jak wynika\u0142o z jego relacji, po oko\u0142o 700 metrach z\u0142odziej zatrzyma\u0142 samoch\u00f3d, wysiad\u0142 i dos\u0142ownie wyrzuci\u0142 dzieci z auta. \u2014 Rzuci\u0142 moj\u0105 c\u00f3rk\u0119 przed auto, \u017ceby zablokowa\u0107 drog\u0119 \u2014 m\u00f3wi\u0142 w telewizji.<\/p>\n<p>        Z\u0142odziej wyrzuci\u0142 dzieci po przejechaniu kilkuset metr\u00f3w<\/p>\n<p class=\"article-p\" data-section=\"detail-body\">Po odzyskaniu dzieci jego \u017cona mia\u0142a zaj\u0105\u0107 si\u0119 pociechami, a on sam ruszy\u0142 w dalszy po\u015bcig za skradzionym autem. Po kilku kilometrach straci\u0142 go jednak z oczu. Sprawa kradzie\u017cy zosta\u0142a zg\u0142oszona na policji. Na szcz\u0119\u015bcie funkcjonariuszom w kilka godzin uda\u0142o si\u0119 zlokalizowa\u0107 samoch\u00f3d \u2014 ten by\u0142 ju\u017c w Belgii. Funkcjonariusze zatrzymali z\u0142odzieja \u2014 36-latka bez sta\u0142ego miejsca zamieszkania, wcze\u015bniej karanego \u2014 i odzyskali auto.<\/p>\n<p class=\"article-p\" data-section=\"detail-body\">Rodzina Sandera Kwartena ostatecznie wybra\u0142a si\u0119 na \u015bwi\u0119ta Bo\u017cego Narodzenia do Austrii, gdzie piosenkarz mia\u0142 zaplanowane wyst\u0119py.<\/p>\n<p class=\"article-p\" data-section=\"detail-body\">\u2014 Dzieci wydaj\u0105 si\u0119 znosi\u0107 to ju\u017c ca\u0142kiem dobrze, ale wci\u0105\u017c prze\u017cywaj\u0105 to, co si\u0119 sta\u0142o \u2014 powiedzia\u0142 Sander w rozmowie z &#8222;Omroep Brabant&#8221;.<\/p>\n<p class=\"article-p\" data-section=\"detail-body\">(\u0179r\u00f3d\u0142o: Omroep Brabant)<\/p>\n<p>        \/3<\/p>\n<p>                    <img decoding=\"async\" class=\"article-image-img\" loading=\"lazy\" alt=\"\" src=\"https:\/\/www.europesays.com\/pl\/wp-content\/uploads\/2025\/12\/RQOk9kuTURBXy82ZTVhOTc5Yi1mNTE2LTQ4N2QtODUyMy0zYTE5ZGJiMGY0ZDUuanBlZ5GTAs0DSM0B2N4AAqEwAaExAQ.jpeg\" width=\"840\" height=\"472\"\/><\/p>\n<p>                  &#8211; \/ Materia\u0142y policyjne<\/p>\n<p class=\"article-gallery-p\">\n        Z\u0142odziej ukrad\u0142 bmw z tr\u00f3jk\u0105 ma\u0142ych dzieci.\n    <\/p>\n<p>        \/3<\/p>\n<p>                    <img decoding=\"async\" class=\"article-image-img\" loading=\"lazy\" alt=\"\" src=\"https:\/\/www.europesays.com\/pl\/wp-content\/uploads\/2025\/12\/VQok9kuTURBXy9hYjAwNWVkZi04YTQzLTQ2MWUtODUzYi00YmRiZTQ1OTRlMzkuanBlZ5GTAs0DSM0F094AAqEwAaExAQ.jpeg\" width=\"840\" height=\"1491\"\/><\/p>\n<p>                  @sanderkwarten \/ Instagram<\/p>\n<p class=\"article-gallery-p\">\n        Sander Kwarten.\n    <\/p>\n","protected":false},"excerpt":{"rendered":"Koszmar rozegra\u0142 si\u0119 w sobot\u0119, 20 grudnia, wczesnym rankiem w mie\u015bcie Breda. Piosenkarz folk Sander Kwarten razem z&hellip;\n","protected":false},"author":2,"featured_media":171104,"comment_status":"","ping_status":"","sticky":false,"template":"","format":"standard","meta":{"footnotes":""},"categories":[12],"tags":[32,33,36,37,27,34,35,28,31,25,42,38,40,39,41,29,30,26],"class_list":{"0":"post-171103","1":"post","2":"type-post","3":"status-publish","4":"format-standard","5":"has-post-thumbnail","7":"category-polska","8":"tag-breaking-news","9":"tag-breakingnews","10":"tag-featured-news","11":"tag-featurednews","12":"tag-headlines","13":"tag-latest-news","14":"tag-latestnews","15":"tag-naglowki","16":"tag-najwazniejsze-artykuly","17":"tag-news","18":"tag-pl","19":"tag-poland","20":"tag-polish","21":"tag-polska","22":"tag-polski","23":"tag-top-stories","24":"tag-topstories","25":"tag-wiadomosci"},"share_on_mastodon":{"url":"https:\/\/pubeurope.com\/@pl\/115782471366294328","error":""},"_links":{"self":[{"href":"https:\/\/www.europesays.com\/pl\/wp-json\/wp\/v2\/posts\/171103","targetHints":{"allow":["GET"]}}],"collection":[{"href":"https:\/\/www.europesays.com\/pl\/wp-json\/wp\/v2\/posts"}],"about":[{"href":"https:\/\/www.europesays.com\/pl\/wp-json\/wp\/v2\/types\/post"}],"author":[{"embeddable":true,"href":"https:\/\/www.europesays.com\/pl\/wp-json\/wp\/v2\/users\/2"}],"replies":[{"embeddable":true,"href":"https:\/\/www.europesays.com\/pl\/wp-json\/wp\/v2\/comments?post=171103"}],"version-history":[{"count":0,"href":"https:\/\/www.europesays.com\/pl\/wp-json\/wp\/v2\/posts\/171103\/revisions"}],"wp:featuredmedia":[{"embeddable":true,"href":"https:\/\/www.europesays.com\/pl\/wp-json\/wp\/v2\/media\/171104"}],"wp:attachment":[{"href":"https:\/\/www.europesays.com\/pl\/wp-json\/wp\/v2\/media?parent=171103"}],"wp:term":[{"taxonomy":"category","embeddable":true,"href":"https:\/\/www.europesays.com\/pl\/wp-json\/wp\/v2\/categories?post=171103"},{"taxonomy":"post_tag","embeddable":true,"href":"https:\/\/www.europesays.com\/pl\/wp-json\/wp\/v2\/tags?post=171103"}],"curies":[{"name":"wp","href":"https:\/\/api.w.org\/{rel}","templated":true}]}}