{"id":171153,"date":"2025-12-25T22:44:13","date_gmt":"2025-12-25T22:44:13","guid":{"rendered":"https:\/\/www.europesays.com\/pl\/171153\/"},"modified":"2025-12-25T22:44:13","modified_gmt":"2025-12-25T22:44:13","slug":"tanzania-katastrofa-w-gorach-smiglowiec-rozbil-sie-na-kilimandzaro","status":"publish","type":"post","link":"https:\/\/www.europesays.com\/pl\/171153\/","title":{"rendered":"Tanzania. Katastrofa w g\u00f3rach. \u015amig\u0142owiec rozbi\u0142 si\u0119 na Kilimand\u017caro"},"content":{"rendered":"<p>&#13;<br \/>\n        \tW\u0142adze Tanzanii poinformowa\u0142y o katastrofie lotniczej w rejonie najwy\u017cszego szczytu Afryki. W \u015brod\u0119 w okolicach Kilimand\u017caro rozbi\u0142 si\u0119 \u015bmig\u0142owiec z pi\u0119cioma osobami na pok\u0142adzie. Agencja Reutera potwierdzi\u0142a, \u017ce w wyniku zdarzenia \u015bmier\u0107 ponie\u015bli wszyscy uczestnicy lotu.&#13;\n        \t<\/p>\n<p>Do wypadku dosz\u0142o w pobli\u017cu obozu Barafu, kt\u00f3ry stanowi jedn\u0105 z baz dla wspinaczy zdobywaj\u0105cych g\u00f3r\u0119. Wed\u0142ug doniesie\u0144 lokalnych medi\u00f3w, w tym dziennika \u201eMwanachi\u201d oraz telewizji East Africa, powo\u0142uj\u0105cych si\u0119 na lokaln\u0105 policj\u0119, \u015bmig\u0142owiec realizowa\u0142 w tym czasie misj\u0119 medyczn\u0105.<\/p>\n<p>\u00a0<\/p>\n<p>ZOBACZ: <a href=\"https:\/\/www.polsatnews.pl\/wiadomosc\/2025-10-02\/tragedia-w-etiopii-na-wiernych-w-kosciele-runelo-rusztowanie\/\" target=\"_blank\" rel=\"noopener noreferrer nofollow\">Tragedia w Etiopii. Na wiernych w ko\u015bciele run\u0119\u0142o rusztowanie<\/a><\/p>\n<p>\u00a0<\/p>\n<p>Zgodnie z ustaleniami, maszyna uderzy\u0142a w zbocze na du\u017cej wysoko\u015bci \u2013 miejsce katastrofy zlokalizowano w przedziale mi\u0119dzy 4670 a 4700 metr\u00f3w nad poziomem morza.<\/p>\n<p>Tanzania. Pi\u0119\u0107 ofiar katastrofy \u015bmig\u0142owca<\/p>\n<p>Na pok\u0142adzie \u015bmig\u0142owca znajdowa\u0142a si\u0119 mi\u0119dzynarodowa grupa. W\u015br\u00f3d ofiar jest dw\u00f3ch turyst\u00f3w z Czech. Opr\u00f3cz nich zgin\u0119li r\u00f3wnie\u017c pilot pochodz\u0105cy z Zimbabwe, lokalny przewodnik z Tanzanii oraz lekarz.<\/p>\n<p>\u00a0<\/p>\n<p>Kilimand\u017caro to najwy\u017csza g\u00f3ra Afryki, kt\u00f3rej szczyt wznosi si\u0119 na wysoko\u015b\u0107 niemal 6 tysi\u0119cy metr\u00f3w n.p.m. Jest to popularny cel turystyczny, przyci\u0105gaj\u0105cy wspinaczy z ca\u0142ego \u015bwiata, co wi\u0105\u017ce si\u0119 z konieczno\u015bci\u0105 zapewnienia obs\u0142ugi medycznej i ratunkowej w rejonie masywu.<\/p>\n<p>\u00a0<\/p>\n<p>Widzia\u0142e\u015b co\u015b wa\u017cnego? Przy\u015blij zdj\u0119cie, film lub napisz, co si\u0119 sta\u0142o. Skorzystaj z naszej <a href=\"https:\/\/www.polsatnews.pl\/platforma-widzow\/\" target=\"_blank\" rel=\"noopener noreferrer nofollow\">Wrzutni<\/a><\/p>\n<p>                <a class=\"news__read-more-button\" href=\"https:\/\/www.polsatnews.pl\/\" rel=\"nofollow noopener\" target=\"_blank\">Czytaj wi\u0119cej<\/a><\/p>\n<p>\t\t\tChcesz by\u0107 na bie\u017c\u0105co z najnowszymi newsami?<\/p>\n<p class=\"app-ad__preview\">Jeste\u015bmy w aplikacji na Tw\u00f3j telefon. Sprawd\u017a\u00a0nas!<\/p>\n","protected":false},"excerpt":{"rendered":"&#13; W\u0142adze Tanzanii poinformowa\u0142y o katastrofie lotniczej w rejonie najwy\u017cszego szczytu Afryki. W \u015brod\u0119 w okolicach Kilimand\u017caro rozbi\u0142&hellip;\n","protected":false},"author":2,"featured_media":171154,"comment_status":"","ping_status":"","sticky":false,"template":"","format":"standard","meta":{"footnotes":""},"categories":[14],"tags":[32,33,27,34,35,28,31,25,40,41,80,29,30,26,82,83,84],"class_list":{"0":"post-171153","1":"post","2":"type-post","3":"status-publish","4":"format-standard","5":"has-post-thumbnail","7":"category-swiat","8":"tag-breaking-news","9":"tag-breakingnews","10":"tag-headlines","11":"tag-latest-news","12":"tag-latestnews","13":"tag-naglowki","14":"tag-najwazniejsze-artykuly","15":"tag-news","16":"tag-polish","17":"tag-polski","18":"tag-swiat","19":"tag-top-stories","20":"tag-topstories","21":"tag-wiadomosci","22":"tag-world","23":"tag-world-news","24":"tag-worldnews"},"share_on_mastodon":{"url":"https:\/\/pubeurope.com\/@pl\/115782632402987642","error":""},"_links":{"self":[{"href":"https:\/\/www.europesays.com\/pl\/wp-json\/wp\/v2\/posts\/171153","targetHints":{"allow":["GET"]}}],"collection":[{"href":"https:\/\/www.europesays.com\/pl\/wp-json\/wp\/v2\/posts"}],"about":[{"href":"https:\/\/www.europesays.com\/pl\/wp-json\/wp\/v2\/types\/post"}],"author":[{"embeddable":true,"href":"https:\/\/www.europesays.com\/pl\/wp-json\/wp\/v2\/users\/2"}],"replies":[{"embeddable":true,"href":"https:\/\/www.europesays.com\/pl\/wp-json\/wp\/v2\/comments?post=171153"}],"version-history":[{"count":0,"href":"https:\/\/www.europesays.com\/pl\/wp-json\/wp\/v2\/posts\/171153\/revisions"}],"wp:featuredmedia":[{"embeddable":true,"href":"https:\/\/www.europesays.com\/pl\/wp-json\/wp\/v2\/media\/171154"}],"wp:attachment":[{"href":"https:\/\/www.europesays.com\/pl\/wp-json\/wp\/v2\/media?parent=171153"}],"wp:term":[{"taxonomy":"category","embeddable":true,"href":"https:\/\/www.europesays.com\/pl\/wp-json\/wp\/v2\/categories?post=171153"},{"taxonomy":"post_tag","embeddable":true,"href":"https:\/\/www.europesays.com\/pl\/wp-json\/wp\/v2\/tags?post=171153"}],"curies":[{"name":"wp","href":"https:\/\/api.w.org\/{rel}","templated":true}]}}