{"id":171157,"date":"2025-12-25T22:46:13","date_gmt":"2025-12-25T22:46:13","guid":{"rendered":"https:\/\/www.europesays.com\/pl\/171157\/"},"modified":"2025-12-25T22:46:13","modified_gmt":"2025-12-25T22:46:13","slug":"fotografowal-lecha-walese-nie-zyje-ireneusz-radkiewicz","status":"publish","type":"post","link":"https:\/\/www.europesays.com\/pl\/171157\/","title":{"rendered":"Fotografowa\u0142 Lecha Wa\u0142\u0119s\u0119. Nie \u017cyje Ireneusz Radkiewicz"},"content":{"rendered":"<p>Fotograf Ireneusz Radkiewicz pozostawi\u0142 po sobie nie tylko dorobek zwi\u0105zany z\u00a0dokumentacj\u0105 \u017cycia politycznego i\u00a0kulturalnego PRL, ale r\u00f3wnie\u017c niezapomniane zdj\u0119cia <a href=\"https:\/\/www.o2.pl\/informacje\/nie-maja-grobow-tam-pochowali-synow-lecha-walesy-7217492891507360a\" rel=\"noopener noreferrer nofollow\" target=\"_blank\">Lecha Wa\u0142\u0119sy<\/a>. Dzi\u0119ki tej relacji uchwyci\u0142 wiele kluczowych moment\u00f3w z\u00a0prezydentury Wa\u0142\u0119sy, w\u00a0tym jego wyj\u015bcie z\u00a0internowania w\u00a0Ar\u0142amowie.<\/p>\n<p>Niezwyk\u0142y jarmark \u015bwi\u0105teczny. Mimo 30\u00a0st. C,\u00a0cztery razy dziennie pada tu\u00a0\u015bnieg <\/p>\n<p>Radkiewicz urodzi\u0142 si\u0119 w\u00a01950 r. Zainteresowanie fotografi\u0105 przejawia\u0142 ju\u017c od najm\u0142odszych lat. Jego pierwszym krokiem na zawodowej \u015bcie\u017cce by\u0142 udzia\u0142 w\u00a0&#8222;Grupie fotografii artystycznej Stodo\u0142a&#8221;, co zaprowadzi\u0142o go do studenckiej agencji fotograficznej Uniwersytetu Warszawskiego. W\u00a01971 r. do\u0142\u0105czy\u0142 do Centralnej Agencji Fotograficznej, co rozpocz\u0119\u0142o jego formaln\u0105 karier\u0119 jako fotoreportera.<\/p>\n<p>Wsp\u00f3\u0142pracowa\u0142 z\u00a0Polsk\u0105 Agencj\u0105 Prasow\u0105 do lat 90., tworz\u0105c fotografie dokumentuj\u0105ce kluczowe wydarzenia spo\u0142eczne i\u00a0kulturalne. Jego zdj\u0119cia z\u00a0tamtego okresu to m.in. ikoniczne kadry z\u00a0koncert\u00f3w zespo\u0142u Breakout czy festynu &#8222;Lata z\u00a0Radiem&#8221;.<\/p>\n<p>Ireneusz Radkiewicz zdoby\u0142 liczne nagrody i\u00a0wyr\u00f3\u017cnienia w\u00a0dziedzinie fotografii prasowej. By\u0142 laureatem srebrnego medalu w\u00a0konkursie &#8222;Interpressfoto 72&#8221; oraz wielu nagr\u00f3d Stowarzyszenia Dziennikarzy Polskich. Jego prace by\u0142y prezentowane na wystawach indywidualnych, a\u00a0on sam zyska\u0142 miano jednego z\u00a0czo\u0142owych fotoreporter\u00f3w czas\u00f3w PRL.<\/p>\n<p>Jego praca jako osobistego fotografa Lecha Wa\u0142\u0119sy od pocz\u0105tku prezydentury by\u0142a szczeg\u00f3lnie pami\u0119tna i\u00a0obejmowa\u0142a dokumentacj\u0119 takich wydarze\u0144 jak spotkanie Wa\u0142\u0119sy z\u00a0Ronaldem Reaganem w\u00a01991 r. czy pielgrzymka papie\u017ca <a href=\"https:\/\/wiadomosci.wp.pl\/trzecia-sila-brauna-koniec-epoki-jana-pawla-ii-triumf-alt-prawicy-i-alt-katolicyzmu-opinia-7233410610641824a\" rel=\"noopener noreferrer nofollow\" target=\"_blank\">Jana Paw\u0142a II<\/a> do Polski. Fotograf zostawi\u0142 po sobie imponuj\u0105ce dziedzictwo obrazuj\u0105ce kluczowe momenty polskiej historii.<\/p>\n<p>Ireneusz Radkiewicz zmar\u0142 w\u00a0wieku 75 lat. <\/p>\n","protected":false},"excerpt":{"rendered":"Fotograf Ireneusz Radkiewicz pozostawi\u0142 po sobie nie tylko dorobek zwi\u0105zany z\u00a0dokumentacj\u0105 \u017cycia politycznego i\u00a0kulturalnego PRL, ale r\u00f3wnie\u017c niezapomniane&hellip;\n","protected":false},"author":2,"featured_media":171158,"comment_status":"","ping_status":"","sticky":false,"template":"","format":"standard","meta":{"footnotes":""},"categories":[5],"tags":[32,33,36,37,27,34,35,28,31,25,42,38,40,39,41,29,30,26],"class_list":{"0":"post-171157","1":"post","2":"type-post","3":"status-publish","4":"format-standard","5":"has-post-thumbnail","7":"category-naglowki","8":"tag-breaking-news","9":"tag-breakingnews","10":"tag-featured-news","11":"tag-featurednews","12":"tag-headlines","13":"tag-latest-news","14":"tag-latestnews","15":"tag-naglowki","16":"tag-najwazniejsze-artykuly","17":"tag-news","18":"tag-pl","19":"tag-poland","20":"tag-polish","21":"tag-polska","22":"tag-polski","23":"tag-top-stories","24":"tag-topstories","25":"tag-wiadomosci"},"share_on_mastodon":{"url":"https:\/\/pubeurope.com\/@pl\/115782640233347640","error":""},"_links":{"self":[{"href":"https:\/\/www.europesays.com\/pl\/wp-json\/wp\/v2\/posts\/171157","targetHints":{"allow":["GET"]}}],"collection":[{"href":"https:\/\/www.europesays.com\/pl\/wp-json\/wp\/v2\/posts"}],"about":[{"href":"https:\/\/www.europesays.com\/pl\/wp-json\/wp\/v2\/types\/post"}],"author":[{"embeddable":true,"href":"https:\/\/www.europesays.com\/pl\/wp-json\/wp\/v2\/users\/2"}],"replies":[{"embeddable":true,"href":"https:\/\/www.europesays.com\/pl\/wp-json\/wp\/v2\/comments?post=171157"}],"version-history":[{"count":0,"href":"https:\/\/www.europesays.com\/pl\/wp-json\/wp\/v2\/posts\/171157\/revisions"}],"wp:featuredmedia":[{"embeddable":true,"href":"https:\/\/www.europesays.com\/pl\/wp-json\/wp\/v2\/media\/171158"}],"wp:attachment":[{"href":"https:\/\/www.europesays.com\/pl\/wp-json\/wp\/v2\/media?parent=171157"}],"wp:term":[{"taxonomy":"category","embeddable":true,"href":"https:\/\/www.europesays.com\/pl\/wp-json\/wp\/v2\/categories?post=171157"},{"taxonomy":"post_tag","embeddable":true,"href":"https:\/\/www.europesays.com\/pl\/wp-json\/wp\/v2\/tags?post=171157"}],"curies":[{"name":"wp","href":"https:\/\/api.w.org\/{rel}","templated":true}]}}