{"id":171159,"date":"2025-12-25T22:47:07","date_gmt":"2025-12-25T22:47:07","guid":{"rendered":"https:\/\/www.europesays.com\/pl\/171159\/"},"modified":"2025-12-25T22:47:07","modified_gmt":"2025-12-25T22:47:07","slug":"nie-zyje-isabelle-marciniak-gimnastyczka-walczyla-z-nowotworem","status":"publish","type":"post","link":"https:\/\/www.europesays.com\/pl\/171159\/","title":{"rendered":"Nie \u017cyje Isabelle Marciniak. Gimnastyczka walczy\u0142a z nowotworem"},"content":{"rendered":"<p>&#13;<br \/>\n        \tW wieku 18 lat zmar\u0142a Isabelle Marciniak, juniorska mistrzyni Brazylii w gimnastyce artystycznej. Informacj\u0119 o jej \u015bmierci opublikowa\u0142a federacja gimnastyczna stanu Parana, sk\u0142adaj\u0105c przy tym kondolencje rodzinie, przyjacio\u0142om i ca\u0142ej spo\u0142eczno\u015bci gimnastycznej.&#13;\n        \t<\/p>\n<p>Isabelle Marciniak zmar\u0142a w Wigili\u0119, 24 grudnia 2025 roku.\u00a0<\/p>\n<p>\u00a0<\/p>\n<p>Portal Diario de Avisos przekaza\u0142, \u017ce przyczyn\u0105 \u015bmierci by\u0142a ziarnica z\u0142o\u015bliwa, obecnie znana jako ch\u0142oniak Hodgkina &#8211; nowotw\u00f3r uk\u0142adu limfatycznego.<\/p>\n<p>Nie \u017cyje Isabelle Marciniak. By\u0142a wschodz\u0105c\u0105 gwiazd\u0105 sportu<\/p>\n<p>M\u0142oda zawodniczka by\u0142a jedn\u0105 z czo\u0142owych sportsmenek w swojej dyscyplinie w Brazylii. W 2021 roku zdoby\u0142a indywidualne mistrzostwo kraju w wieloboju indywidualnym, mia\u0142a te\u017c na koncie srebrny i z\u0142oty medal w konkurencjach gimnastyki artystycznej ze wst\u0105\u017ck\u0105 i z pi\u0142k\u0105.<\/p>\n<p>\u00a0<\/p>\n<p>ZOBACZ: <a href=\"https:\/\/www.polsatnews.pl\/wiadomosc\/2025-10-09\/chwile-grozy-na-boisku-zlamal-kregoslup-w-trakcie-meczu\/\" target=\"_blank\" rel=\"noopener noreferrer nofollow\">Uderzy\u0142 w band\u0119 reklamow\u0105. Pi\u0142karz z\u0142ama\u0142 kr\u0119gos\u0142up w trakcie meczu<\/a><\/p>\n<p>\u00a0<\/p>\n<p>Jako zawodniczka klubu Agir zdoby\u0142a tak\u017ce kilka tytu\u0142\u00f3w mistrzowskich na szczeblu stanowym i krajowym. W ostatnim czasie nie mog\u0142\u0105 wyst\u0119powa\u0107 w zawodach z powodu post\u0119puj\u0105cej choroby. Marciniak by\u0142a leczona w szpitalu w Kurytybie.\u00a0<\/p>\n<p>\u00a0<\/p>\n<p>&#8222;Niech Twoja historia, pasja do sportu i pami\u0119\u0107 o Tobie \u017cyj\u0105 jako inspiracja dla wszystkich, kt\u00f3rzy wierz\u0105 w gimnastyk\u0119 jako narz\u0119dzie do w\u0142a\u015bciwego fwychowywania m\u0142odych ludzi&#8221; &#8211; napisa\u0142a na Facebooku gimnastyczna federacja stanu Parana.<\/p>\n<p>\u00a0<\/p>\n<p>Widzia\u0142e\u015b co\u015b wa\u017cnego? Przy\u015blij zdj\u0119cie, film lub napisz, co si\u0119 sta\u0142o. Skorzystaj z naszej <a href=\"https:\/\/www.polsatnews.pl\/platforma-widzow\/\" target=\"_blank\" rel=\"noopener noreferrer nofollow\">Wrzutni<\/a><\/p>\n<p>                <a class=\"news__read-more-button\" href=\"https:\/\/www.polsatnews.pl\/\" rel=\"nofollow noopener\" target=\"_blank\">Czytaj wi\u0119cej<\/a><\/p>\n<p>\t\t\tChcesz by\u0107 na bie\u017c\u0105co z najnowszymi newsami?<\/p>\n<p class=\"app-ad__preview\">Jeste\u015bmy w aplikacji na Tw\u00f3j telefon. Sprawd\u017a\u00a0nas!<\/p>\n","protected":false},"excerpt":{"rendered":"&#13; W wieku 18 lat zmar\u0142a Isabelle Marciniak, juniorska mistrzyni Brazylii w gimnastyce artystycznej. Informacj\u0119 o jej \u015bmierci&hellip;\n","protected":false},"author":2,"featured_media":171160,"comment_status":"","ping_status":"","sticky":false,"template":"","format":"standard","meta":{"footnotes":""},"categories":[24],"tags":[42,38,40,39,41,127,126],"class_list":{"0":"post-171159","1":"post","2":"type-post","3":"status-publish","4":"format-standard","5":"has-post-thumbnail","7":"category-sport","8":"tag-pl","9":"tag-poland","10":"tag-polish","11":"tag-polska","12":"tag-polski","13":"tag-sport","14":"tag-sports"},"share_on_mastodon":{"url":"https:\/\/pubeurope.com\/@pl\/115782644118070335","error":""},"_links":{"self":[{"href":"https:\/\/www.europesays.com\/pl\/wp-json\/wp\/v2\/posts\/171159","targetHints":{"allow":["GET"]}}],"collection":[{"href":"https:\/\/www.europesays.com\/pl\/wp-json\/wp\/v2\/posts"}],"about":[{"href":"https:\/\/www.europesays.com\/pl\/wp-json\/wp\/v2\/types\/post"}],"author":[{"embeddable":true,"href":"https:\/\/www.europesays.com\/pl\/wp-json\/wp\/v2\/users\/2"}],"replies":[{"embeddable":true,"href":"https:\/\/www.europesays.com\/pl\/wp-json\/wp\/v2\/comments?post=171159"}],"version-history":[{"count":0,"href":"https:\/\/www.europesays.com\/pl\/wp-json\/wp\/v2\/posts\/171159\/revisions"}],"wp:featuredmedia":[{"embeddable":true,"href":"https:\/\/www.europesays.com\/pl\/wp-json\/wp\/v2\/media\/171160"}],"wp:attachment":[{"href":"https:\/\/www.europesays.com\/pl\/wp-json\/wp\/v2\/media?parent=171159"}],"wp:term":[{"taxonomy":"category","embeddable":true,"href":"https:\/\/www.europesays.com\/pl\/wp-json\/wp\/v2\/categories?post=171159"},{"taxonomy":"post_tag","embeddable":true,"href":"https:\/\/www.europesays.com\/pl\/wp-json\/wp\/v2\/tags?post=171159"}],"curies":[{"name":"wp","href":"https:\/\/api.w.org\/{rel}","templated":true}]}}