{"id":171169,"date":"2025-12-25T22:54:10","date_gmt":"2025-12-25T22:54:10","guid":{"rendered":"https:\/\/www.europesays.com\/pl\/171169\/"},"modified":"2025-12-25T22:54:10","modified_gmt":"2025-12-25T22:54:10","slug":"brzeczek-przemowil-w-sprawie-reprezentacji-to-jego-wielkie-marzenie","status":"publish","type":"post","link":"https:\/\/www.europesays.com\/pl\/171169\/","title":{"rendered":"Brz\u0119czek przem\u00f3wi\u0142 w sprawie reprezentacji. To jego wielkie marzenie"},"content":{"rendered":"<p class=\"art_paragraph\">Rok 2025 w wykonaniu <a href=\"https:\/\/www.sport.pl\/pilka\/0,65037.html#anchorLink\" rel=\"nofollow noopener\" target=\"_blank\">reprezentacji Polski<\/a> do lat 21 mo\u017cna zaliczy\u0107 do niezwykle udanych. M\u0142odzie\u017cowa kadra pod wodz\u0105 Jerzego Brz\u0119czka pewnie zmierza ku awansowi na mistrzostwa Europy 2027. Po sze\u015bciu kolejkach &#8222;Bia\u0142o-Czerwoni&#8221; maj\u0105 na swoim koncie komplet punkt\u00f3w i przewodz\u0105 w swojej grupie eliminacyjnej z przewag\u0105 trzech oczek nad W\u0142ochami.<\/p>\n<p>\n    Zobacz wideo Oto ca\u0142a prawda o talencie Lewandowskiego. &#8222;Kto\u015b, kto to m\u00f3wi\u0142, po prostu k\u0142amie&#8221;\n  <\/p>\n<p> Wielkie marzenie Brz\u0119czka. Cel? Igrzyska olimpijskie<\/p>\n<p class=\"art_paragraph\">Wyjazd na m\u0142odzie\u017cowe <a href=\"https:\/\/www.sport.pl\/euro\/0,0.html#anchorLink\" rel=\"nofollow noopener\" target=\"_blank\">Euro<\/a> mo\u017ce stanowi\u0107 przepustk\u0119 do kolejnego wielkiego <a href=\"https:\/\/www.sport.pl\/turniej#anchorLink\" rel=\"nofollow noopener\" target=\"_blank\">turnieju<\/a>. Trzy najlepsze ekipy zakwalifikuj\u0105 si\u0119 na <a href=\"https:\/\/www.sport.pl\/igrzyska-olimpijskie\/0,0.html#anchorLink\" rel=\"nofollow noopener\" target=\"_blank\">igrzyska olimpijskie<\/a> w 2028 roku, kt\u00f3re odb\u0119d\u0105 si\u0119 w Los Angeles. W rozmowie udzielonej Polskiej Agencji Prasowej Brz\u0119czek przyzna\u0142, \u017ce ch\u0119tnie wr\u00f3ci\u0142 by na IO &#8211; tym razem w roli trenera. W 1992 roku jako pi\u0142karz zdobywa\u0142 wicemistrzostwo olimpijskie.<\/p>\n<p class=\"art_paragraph\">&#8211;\u00a0Igrzyska to oczywi\u015bcie moje marzenie i wierz\u0119, \u017ce si\u0119 spe\u0142ni. Mam nadziej\u0119, i\u017c pozostan\u0119 selekcjonerem kadry do lat 21, bo zbli\u017ca si\u0119 stycze\u0144, a ten miesi\u0105c, je\u015bli chodzi o moj\u0105 prac\u0119 reprezentacyjn\u0105, jest zawsze niebezpieczny. Ale to oczywi\u015bcie p\u00f3\u0142 \u017cartem, p\u00f3\u0142 serio &#8211; \u015bmia\u0142 si\u0119 selekcjoner, nawi\u0105zuj\u0105c do zwolnienia z funkcji pierwszego szkoleniowca seniorskiej reprezentacji w styczniu 2021 roku.<\/p>\n<p class=\"art_paragraph\">&#8211;\u00a0M\u00f3wi\u0105c ju\u017c powa\u017cnie, oczywi\u015bcie mamy to z ty\u0142u g\u0142owy. Jako sztab i ja osobi\u015bcie. Podobnie jak Arkadiusz Onyszko (trener bramkarzy w <a href=\"https:\/\/www.sport.pl\/pilka\/0,65037.html#anchorLink\" rel=\"nofollow noopener\" target=\"_blank\">kadrze<\/a> do lat 21) mia\u0142em przyjemno\u015b\u0107 by\u0107 na igrzyskach. \u015awietnie to pami\u0119tamy. Na pewno by\u0142aby to dla nas niesamowita historia i prze\u017cycie, \u017ceby w 2028 roku polecie\u0107 do Los Angeles. Ale to jest bardzo d\u0142uga droga. Wychodzimy z za\u0142o\u017cenia, \u017ce krok po kroku. Naszym celem jest teraz awans do mistrzostw Europy. Nie nak\u0142adamy sobie dodatkowej presji. My tego nie potrzebujemy, robimy swoj\u0105 robot\u0119 &#8211; doda\u0142.<\/p>\n<p> Selekcjoner chwali poziom szkolenia. &#8222;Niesamowity rozw\u00f3j&#8221;<\/p>\n<p class=\"art_paragraph\">W rozmowie z PAP Brz\u0119czek\u00a0wskaza\u0142 r\u00f3wnie\u017c inne wa\u017cne cele, kt\u00f3re przy\u015bwiecaj\u0105 jemu i jego sztabowi szkoleniowemu podczas pracy z m\u0142odymi pi\u0142karzami. Wybija si\u0119 szczeg\u00f3lnie jeden priorytet, wa\u017cny z punktu widzenia seniorskiej kadry.<\/p>\n<p class=\"art_paragraph\">&#8211;\u00a0Dostarczy\u0107 jak najwi\u0119cej pi\u0142karzy do pierwszej kadry. Ale nie na zasadzie jednorazowego wyst\u0119pu, powo\u0142ania i zaraz powrotu, lecz przygotowania ich do tego, \u017ceby na przestrzeni nast\u0119pnych kilku lat zast\u0119powali tych, kt\u00f3rzy ze wzgl\u0119du na wiek b\u0119d\u0105 ko\u0144czy\u0107 reprezentacyjn\u0105 karier\u0119 &#8211; m\u00f3wi\u0142 54-latek, kt\u00f3ry nie kry\u0142 zadowolenia z poziomu prezentowanego przez jego podopiecznych.<\/p>\n<p class=\"art_paragraph\">&#8211;\u00a0Powo\u0142a\u0142em jesieni\u0105 \u0142\u0105cznie 32 zawodnik\u00f3w do reprezentacji U-21. Z tej grupy na boisku wyst\u0105pi\u0142o 26. Z graczy, kt\u00f3rzy byli na zgrupowaniach, tylko dw\u00f3ch nie przesz\u0142o &#8222;sita&#8221; w m\u0142odszych kategoriach wiekowych w PZPN &#8211; Maciej Kuziemka i bramkarz Marcel \u0141ubik, kt\u00f3ry by\u0142 przez okres juniorski w Niemczech. To pokazuje, jak wa\u017cne jest szkolenie w polskim futbolu, pomimo krytyki w stosunku do federacji, kt\u00f3rej ja nie podzielam. Wykonano przez wiele lat naprawd\u0119 du\u017co pracy. Nie musimy si\u0119 niczego wstydzi\u0107, uczestniczymy w licznych turniejach. W ci\u0105gu co najmniej dekady dokona\u0142 si\u0119 niesamowity rozw\u00f3j &#8211; zaznaczy\u0142.<\/p>\n<p class=\"art_paragraph\">Do spotka\u0144 eliminacyjnych do ME U-21 kadra Jerzego Brz\u0119czka wr\u00f3ci 27 marca. Bia\u0142o-Czerwoni przed w\u0142asn\u0105 publiczno\u015bci\u0105 podejm\u0105 Armeni\u0119. Nast\u0119pnie zagraj\u0105 jeszcze przeciwko Czarnog\u00f3rze, Szwecji i W\u0142ochom.<\/p>\n<p class=\"art_paragraph\">Zobacz te\u017c: <a href=\"https:\/\/www.sport.pl\/pilka\/7,64946,32492898,byly-pilkarz-legii-zaskoczyl-takie-slowa-o-goncalo-feio.html\" class=\"art_link\" rel=\"dofollow noopener\" target=\"_blank\">By\u0142y pi\u0142karz Legii zaskoczy\u0142. Takie s\u0142owa o Goncalo Feio<\/a><\/p>\n","protected":false},"excerpt":{"rendered":"Rok 2025 w wykonaniu reprezentacji Polski do lat 21 mo\u017cna zaliczy\u0107 do niezwykle udanych. M\u0142odzie\u017cowa kadra pod wodz\u0105&hellip;\n","protected":false},"author":2,"featured_media":171170,"comment_status":"","ping_status":"","sticky":false,"template":"","format":"standard","meta":{"footnotes":""},"categories":[24],"tags":[42,38,40,39,41,127,126],"class_list":{"0":"post-171169","1":"post","2":"type-post","3":"status-publish","4":"format-standard","5":"has-post-thumbnail","7":"category-sport","8":"tag-pl","9":"tag-poland","10":"tag-polish","11":"tag-polska","12":"tag-polski","13":"tag-sport","14":"tag-sports"},"share_on_mastodon":{"url":"https:\/\/pubeurope.com\/@pl\/115782671790015896","error":""},"_links":{"self":[{"href":"https:\/\/www.europesays.com\/pl\/wp-json\/wp\/v2\/posts\/171169","targetHints":{"allow":["GET"]}}],"collection":[{"href":"https:\/\/www.europesays.com\/pl\/wp-json\/wp\/v2\/posts"}],"about":[{"href":"https:\/\/www.europesays.com\/pl\/wp-json\/wp\/v2\/types\/post"}],"author":[{"embeddable":true,"href":"https:\/\/www.europesays.com\/pl\/wp-json\/wp\/v2\/users\/2"}],"replies":[{"embeddable":true,"href":"https:\/\/www.europesays.com\/pl\/wp-json\/wp\/v2\/comments?post=171169"}],"version-history":[{"count":0,"href":"https:\/\/www.europesays.com\/pl\/wp-json\/wp\/v2\/posts\/171169\/revisions"}],"wp:featuredmedia":[{"embeddable":true,"href":"https:\/\/www.europesays.com\/pl\/wp-json\/wp\/v2\/media\/171170"}],"wp:attachment":[{"href":"https:\/\/www.europesays.com\/pl\/wp-json\/wp\/v2\/media?parent=171169"}],"wp:term":[{"taxonomy":"category","embeddable":true,"href":"https:\/\/www.europesays.com\/pl\/wp-json\/wp\/v2\/categories?post=171169"},{"taxonomy":"post_tag","embeddable":true,"href":"https:\/\/www.europesays.com\/pl\/wp-json\/wp\/v2\/tags?post=171169"}],"curies":[{"name":"wp","href":"https:\/\/api.w.org\/{rel}","templated":true}]}}