{"id":171173,"date":"2025-12-25T22:56:10","date_gmt":"2025-12-25T22:56:10","guid":{"rendered":"https:\/\/www.europesays.com\/pl\/171173\/"},"modified":"2025-12-25T22:56:10","modified_gmt":"2025-12-25T22:56:10","slug":"oto-data-premiery-realme-neo-8-co-zaoferuje-specyfikacja","status":"publish","type":"post","link":"https:\/\/www.europesays.com\/pl\/171173\/","title":{"rendered":"Oto data premiery Realme Neo 8. Co zaoferuje specyfikacja?"},"content":{"rendered":"<p class=\"lead\" style=\"--editable-content-color: #d1cbc7; --original-color: #000000; --original-background-color: #ffffff;\">Realme szykuje prawdziw\u0105 besti\u0119, kt\u00f3ra zadebiutuje na pocz\u0105tku przysz\u0142ego roku. Realme Neo 8 zaoferuje procesor Snapdragon 8 Gen 5 oraz pot\u0119\u017cn\u0105 bateri\u0119 8000 mAh. Kiedy premiera i jak\u0105 konkurencj\u0119 ma ten nadchodz\u0105cy super-\u015bredniak?<\/p>\n<p style=\"--original-color: #333333; --original-background-color: #ffffff;\">Realme intensywnie przygotowuje si\u0119 do wprowadzenia na rynek chi\u0144ski nowej generacji swoich wydajnych smartfon\u00f3w z serii Neo. Dzi\u0119ki informacjom przekazanym przez sprawdzonego informatora Digital Chat Station poznali\u015bmy kluczowe szczeg\u00f3\u0142y dotycz\u0105ce modelu realme Neo 8. Urz\u0105dzenie ma zosta\u0107 oficjalnie zaprezentowane w styczniu 2026 roku, a jego specyfikacja techniczna zwiastuje walk\u0119 o miano kr\u00f3la wydajno\u015bci. Co dok\u0142adnie znajdziemy w \u015brodku tego flagowca?<\/p>\n<p>realme Neo 8 \u2013 topowa wydajno\u015b\u0107 gwarantowana<\/p>\n<p style=\"--original-color: #333333; --original-background-color: #ffffff;\">Sercem nadchodz\u0105cego smartfona zostanie flagowy procesor Snapdragon 8 Gen 5, co gwarantuje wysok\u0105 wydajno\u015b\u0107. Obraz b\u0119dzie wy\u015bwietlany na p\u0142askim panelu AMOLED o rozdzielczo\u015bci 1.5K, w kt\u00f3ry wbudowany zostanie ultrad\u017awi\u0119kowy czytnik linii papilarnych. Producent zadba\u0142 r\u00f3wnie\u017c o jako\u015b\u0107 wykonania, stawiaj\u0105c na konstrukcj\u0119 \u0142\u0105cz\u0105c\u0105 metalow\u0105 ramk\u0119 ze szklanym ty\u0142em. Ca\u0142o\u015b\u0107 ma by\u0107 odporna na wod\u0119 i py\u0142, co potwierdz\u0105 certyfikaty IP68 lub IP69.<\/p>\n<p><a style=\"--link-color: #75b6ea !important; --link-color-hover: #90c4ee !important; --link-color-active: #71b3ea !important; --visited-color: #a075ea !important; --visited-color-hover: #b390ee !important; --visited-color-active: #9d71ea !important; --original-color: #000000;\" href=\"https:\/\/www.gsmmaniak.pl\/wp-content\/uploads\/gsmmaniak\/2025\/12\/ralme-neo-8-specyfikacja.png\" rel=\"lightbox-post4 nofollow noopener\" target=\"_blank\"><img loading=\"lazy\" decoding=\"async\" aria-describedby=\"caption-attachment-1623717\" class=\"size-medium wp-image-1623717\" style=\"--link-color: #75b6ea !important; --link-color-hover: #90c4ee !important; --link-color-active: #71b3ea !important; --visited-color: #a075ea !important; --visited-color-hover: #b390ee !important; --visited-color-active: #9d71ea !important; --original-color: #000000;\" src=\"https:\/\/www.europesays.com\/pl\/wp-content\/uploads\/2025\/12\/ralme-neo-8-specyfikacja-medium.png\" alt=\"realme Neo 8\" width=\"500\" height=\"122\"   itemprop=\"image\" \/><\/a><\/p>\n<p id=\"caption-attachment-1623717\" class=\"wp-caption-text\">realme Neo 8 z premier\u0105 jeszcze w styczniu<\/p>\n<p style=\"--original-color: #333333; --original-background-color: #ffffff;\">Najwi\u0119ksze wra\u017cenie robi jednak system zasilania. Realme Neo 8 zostanie wyposa\u017cony w bateri\u0119 o imponuj\u0105cej pojemno\u015bci oko\u0142o 8000 mAh. Tak du\u017ce ogniwo powinno zapewni\u0107 rewelacyjny czas pracy na jednym \u0142adowaniu, daj\u0105c przewag\u0119 nad konkurencj\u0105. Nad ca\u0142o\u015bci\u0105 czuwa\u0107 ma system Android 16 z autorsk\u0105 nak\u0142adk\u0105 ColorOS 16.<\/p>\n<p>Szeroka rodzina modeli i silna konkurencja<\/p>\n<p style=\"--original-color: #333333; --original-background-color: #ffffff;\">Opr\u00f3cz podstawowego wariantu producent planuje rozszerzenie serii o dodatkowe modele. W pierwszej po\u0142owie 2026 roku na rynku pojawi\u0107 maj\u0105 si\u0119 tak\u017ce realme Neo 8 Turbo, Neo 8x oraz wariant Neo 8 SE. Ten ostatni b\u0119dzie nap\u0119dzany przez uk\u0142ad MediaTek Dimensity 8500. Taka strategia pozwoli marce na pokrycie r\u00f3\u017cnych segment\u00f3w cenowych i dotarcie do szerszego grona odbiorc\u00f3w szukaj\u0105cych wydajno\u015bci.<\/p>\n<p style=\"--original-color: #333333; --original-background-color: #ffffff;\">Nowy smartfon realme nie b\u0119dzie mia\u0142 \u0142atwego zadania, gdy\u017c pocz\u0105tek 2026 roku w Chinach zapowiada si\u0119 niezwykle gor\u0105co. Urz\u0105dzenie stanie w szranki z takimi modelami jak OnePlus Ace 6T, Moto X70 Ultra czy iQOO Z11 Turbo. Walka na specyfikacj\u0119, a w szczeg\u00f3lno\u015bci na czas pracy na baterii, zapowiada si\u0119 niezwykle interesuj\u0105co dla wszystkich fan\u00f3w technologii mobilnych. Pozostaje pytanie, czy i ewentualnie kiedy pojawi si\u0119 globalnie.<\/p>\n<p style=\"--original-color: #333333; --original-background-color: #ffffff;\">\u0179r\u00f3d\u0142o: <a style=\"--link-color: #75b6ea !important; --link-color-hover: #90c4ee !important; --link-color-active: #71b3ea !important; --visited-color: #a075ea !important; --visited-color-hover: #b390ee !important; --visited-color-active: #9d71ea !important; --original-color: #000000;\" href=\"https:\/\/weibo.com\/6048569942\/QjTcpuen4\" rel=\"nofollow noopener\" target=\"_blank\">Digital Chat Station<\/a>, opracowanie w\u0142asne<\/p>\n<p>Na stronie mog\u0105 wyst\u0119powa\u0107 linki afiliacyjne lub reklamowe.<\/p>\n","protected":false},"excerpt":{"rendered":"Realme szykuje prawdziw\u0105 besti\u0119, kt\u00f3ra zadebiutuje na pocz\u0105tku przysz\u0142ego roku. Realme Neo 8 zaoferuje procesor Snapdragon 8 Gen&hellip;\n","protected":false},"author":2,"featured_media":99913,"comment_status":"","ping_status":"","sticky":false,"template":"","format":"standard","meta":{"footnotes":""},"categories":[20],"tags":[120,118,119,42,38,40,39,41,116,114,115,121,117],"class_list":{"0":"post-171173","1":"post","2":"type-post","3":"status-publish","4":"format-standard","5":"has-post-thumbnail","7":"category-nauka-i-technika","8":"tag-nauka","9":"tag-nauka-i-technika","10":"tag-naukatechnika","11":"tag-pl","12":"tag-poland","13":"tag-polish","14":"tag-polska","15":"tag-polski","16":"tag-science","17":"tag-science-and-technology","18":"tag-sciencetechnology","19":"tag-technika","20":"tag-technology"},"share_on_mastodon":{"url":"https:\/\/pubeurope.com\/@pl\/115782679765394623","error":""},"_links":{"self":[{"href":"https:\/\/www.europesays.com\/pl\/wp-json\/wp\/v2\/posts\/171173","targetHints":{"allow":["GET"]}}],"collection":[{"href":"https:\/\/www.europesays.com\/pl\/wp-json\/wp\/v2\/posts"}],"about":[{"href":"https:\/\/www.europesays.com\/pl\/wp-json\/wp\/v2\/types\/post"}],"author":[{"embeddable":true,"href":"https:\/\/www.europesays.com\/pl\/wp-json\/wp\/v2\/users\/2"}],"replies":[{"embeddable":true,"href":"https:\/\/www.europesays.com\/pl\/wp-json\/wp\/v2\/comments?post=171173"}],"version-history":[{"count":0,"href":"https:\/\/www.europesays.com\/pl\/wp-json\/wp\/v2\/posts\/171173\/revisions"}],"wp:featuredmedia":[{"embeddable":true,"href":"https:\/\/www.europesays.com\/pl\/wp-json\/wp\/v2\/media\/99913"}],"wp:attachment":[{"href":"https:\/\/www.europesays.com\/pl\/wp-json\/wp\/v2\/media?parent=171173"}],"wp:term":[{"taxonomy":"category","embeddable":true,"href":"https:\/\/www.europesays.com\/pl\/wp-json\/wp\/v2\/categories?post=171173"},{"taxonomy":"post_tag","embeddable":true,"href":"https:\/\/www.europesays.com\/pl\/wp-json\/wp\/v2\/tags?post=171173"}],"curies":[{"name":"wp","href":"https:\/\/api.w.org\/{rel}","templated":true}]}}