{"id":171176,"date":"2025-12-25T22:59:21","date_gmt":"2025-12-25T22:59:21","guid":{"rendered":"https:\/\/www.europesays.com\/pl\/171176\/"},"modified":"2025-12-25T22:59:21","modified_gmt":"2025-12-25T22:59:21","slug":"uroczysta-pasterka-w-archikatedrze-bialostockiej","status":"publish","type":"post","link":"https:\/\/www.europesays.com\/pl\/171176\/","title":{"rendered":"Uroczysta Pasterka w Archikatedrze Bia\u0142ostockiej"},"content":{"rendered":"<p>\u201eDzie\u0144 po\u00a0dniu trzeba budowa\u0107, odbudowywa\u0107 i\u00a0pog\u0142\u0119bia\u0107 wzajemne zaufanie na\u00a0fundamencie prawdy, bo\u00a0od tego zale\u017cy przysz\u0142o\u015b\u0107 naszej Ojczyzny\u201d \u2013 m\u00f3wi\u0142 J\u00f3zef Guzdek podczas Pasterki w\u00a0archikatedrze bia\u0142ostockiej. Metropolita bia\u0142ostocki podkre\u015bla\u0142, \u017ce\u00a0Bo\u017ce Narodzenie jest nie tylko objawieniem zaufania Boga do\u00a0cz\u0142owieka, ale tak\u017ce wezwaniem do\u00a0odpowiedzialnego budowania relacji w\u00a0rodzinach, wsp\u00f3lnocie narodowej i\u00a0ca\u0142ym spo\u0142ecze\u0144stwie. Nabo\u017ce\u0144stwo transmitowane by\u0142o na\u00a0ca\u0142\u0105 Polsk\u0119 przez TVP3 i\u00a0poza granice kraju przez TVP Polonia.<\/p>\n<p style=\"text-align: justify;\">W homilii abp Guzdek podkre\u015bla\u0142, \u017ce\u00a0noc Bo\u017cego Narodzenia to\u00a0czas wype\u0142nienia proroctwa Izajasza o\u00a0\u015bwiat\u0142o\u015bci, kt\u00f3ra rozprasza mrok. Jest to\u00a0noc pokoju i\u00a0rado\u015bci, ale przede wszystkim g\u0142\u0119bokiego przes\u0142ania o\u00a0zaufaniu Boga do\u00a0cz\u0142owieka \u2013 w\u00a0narodzeniu Jezusa objawia si\u0119 bowiem prawda o\u00a0Bogu, kt\u00f3ry swojego Jednorodzonego Syna powierzy\u0142 nie mo\u017cnym tego \u015bwiata, lecz ubogiej dziewczynie z\u00a0Nazaretu i\u00a0cie\u015bli z\u00a0rodu Dawida, ukazuj\u0105c w\u00a0ten spos\u00f3b swoj\u0105 blisko\u015b\u0107 i\u00a0pokor\u0119.<\/p>\n<p style=\"text-align: justify;\">Metropolita wskazywa\u0142, \u017ce\u00a0B\u00f3g powierzy\u0142 swojego Syna Maryi i\u00a0J\u00f3zefowi, kt\u00f3rzy odpowiedzieli Mu\u00a0pe\u0142nym zaufaniem. Maryja w\u00a0chwili zwiastowania przyj\u0119\u0142a Bo\u017c\u0105 wol\u0119, wypowiadaj\u0105c swoje \u201efiat\u201d, natomiast J\u00f3zef \u2013 mimo pocz\u0105tkowych w\u0105tpliwo\u015bci \u2013 po\u00a0s\u0142owach anio\u0142a zaufa\u0142 Bogu bez reszty. Przyj\u0105\u0142 Maryj\u0119 i\u00a0podj\u0105\u0142 odpowiedzialno\u015b\u0107 za\u00a0Jezusa, wiernie wype\u0142niaj\u0105c powierzon\u0105 mu\u00a0misj\u0119 opiekuna i\u00a0wychowawcy Syna Bo\u017cego. W\u00a0noc narodzenia Jezusa tak\u017ce pasterze, ludzie pro\u015bci i\u00a0nieuczeni, zaufali Bo\u017cemu wezwaniu, dali si\u0119 poprowadzi\u0107 \u015bwiat\u0142u i\u00a0s\u0142owu anio\u0142a, by\u00a0w Betlejem odda\u0107 pok\u0142on Dzieci\u0119ciu.<\/p>\n<p style=\"text-align: justify;\">Najg\u0142\u0119bszy wymiar Bo\u017cego Narodzenia \u2013 zaznacza\u0142 hierarcha \u2013 dokonuje si\u0119 przy o\u0142tarzu, gdzie Nowonarodzony Chrystus zaprasza cz\u0142owieka do\u00a0zaufania i\u00a0przyj\u0119cia daru zbawienia, bo\u00a0\u201eto w\u0142a\u015bnie tutaj Jezus m\u00f3wi do\u00a0nas dzi\u015b: zaufaj Mi\u00a0i pozw\u00f3l si\u0119 prowadzi\u0107\u201d.<\/p>\n<p style=\"text-align: justify;\">Zwr\u00f3ci\u0142 uwag\u0119, \u017ce\u00a0adwentowe rekolekcje, sakrament pokuty i\u00a0pojednania oraz nocne czuwanie na\u00a0Mszy \u015bw. s\u0105\u00a0znakami autentycznej t\u0119sknoty za\u00a0Bogiem. Najpe\u0142niejszym wyrazem tej postawy jest jednak przyj\u0119cie Komunii \u015awi\u0119tej. \u201eWtedy nasze zaufanie przestaje by\u0107 tylko deklaracj\u0105, a\u00a0staje si\u0119 osobistym spotkaniem z\u00a0Chrystusem\u201d \u2013 podkre\u015bli\u0142.<\/p>\n<p style=\"text-align: justify;\">\u201ePrzes\u0142anie o\u00a0zaufaniu Boga do\u00a0cz\u0142owieka jest tej nocy najwa\u017cniejsze. Jednak Bo\u017ce Narodzenie ma\u00a0jeszcze drugi, nie mniej istotny wymiar \u2013 jest wezwaniem do\u00a0zaufania cz\u0142owiekowi: w\u00a0naszych rodzinach, w\u00a0kr\u0119gu przyjaci\u00f3\u0142, w\u00a0\u015brodowiskach \u017cycia i\u00a0pracy, a\u00a0tak\u017ce w\u00a0naszej Ojczy\u017anie. Zaufanie to\u00a0fundament dobrych relacji oraz warunek prawdziwej przyja\u017ani i\u00a0mi\u0142o\u015bci. Tam, gdzie jest zaufanie \u2014 rodzi si\u0119 blisko\u015b\u0107, pok\u00f3j i\u00a0mi\u0142o\u015b\u0107. Tam, gdzie brakuje zaufania \u2014 rodzi si\u0119 samotno\u015b\u0107, podejrzliwo\u015b\u0107, l\u0119k i\u00a0podzia\u0142y\u201d \u2013 m\u00f3wi\u0142.<\/p>\n<p style=\"text-align: justify;\">Arcybiskup obj\u0105\u0142 pami\u0119ci\u0105 i\u00a0modlitw\u0105 osoby samotne i\u00a0chore, przebywaj\u0105ce w\u00a0szpitalach, hospicjach i\u00a0wi\u0119zieniach, przypominaj\u0105c, \u017ce\u00a0cz\u0142owiek wierz\u0105cy nigdy nie jest sam, poniewa\u017c towarzyszy mu\u00a0Nowonarodzony Chrystus i\u00a0wsp\u00f3lnota Ko\u015bcio\u0142a. Wyrazi\u0142 tak\u017ce duchow\u0105 blisko\u015b\u0107 oraz wdzi\u0119czno\u015b\u0107 wobec \u017co\u0142nierzy i\u00a0funkcjonariuszy s\u0142u\u017cb mundurowych, kt\u00f3rzy w\u00a0noc Bo\u017cego Narodzenia czuwaj\u0105 nad bezpiecze\u0144stwem Ojczyzny i\u00a0jej mieszka\u0144c\u00f3w.<\/p>\n<p style=\"text-align: justify;\">\u201eTen \u015bwi\u0105teczny czas rodzi tak\u017ce refleksj\u0119 nad tym, jak wa\u017cne jest zaufanie we\u00a0wsp\u00f3lnocie narodowej, we\u00a0wsp\u00f3lnym domu, jakim jest nasza Ojczyzna. Przecie\u017c wszyscy jeste\u015bmy bra\u0107mi, bez wzgl\u0119du na\u00a0miejsce zamieszkania, pogl\u0105dy czy pe\u0142nione zadania. Dlatego dzie\u0144 po\u00a0dniu trzeba budowa\u0107, odbudowywa\u0107 i\u00a0pog\u0142\u0119bia\u0107 wzajemne zaufanie na\u00a0fundamencie prawdy, wszak od\u00a0tego zale\u017cy przysz\u0142o\u015b\u0107 naszej Ojczyzny\u201d- m\u00f3wi\u0142.<\/p>\n<p style=\"text-align: justify;\">Na zako\u0144czenie metropolita bia\u0142ostocki \u017cyczy\u0142, aby prze\u017cywanie \u015bwi\u0105t Bo\u017cego Narodzenia przyczyni\u0142o si\u0119 do\u00a0umocnienia wiary i\u00a0zaufania do\u00a0Tego, kt\u00f3ry zamieszka\u0142 po\u015br\u00f3d nas, aby dokona\u0107 dzie\u0142a odkupienia. Wyrazi\u0142 tak\u017ce pragnienie, by\u00a0zjednoczenie z\u00a0Bogiem w\u00a0Komunii \u015awi\u0119tej sta\u0142o si\u0119 potwierdzeniem s\u0142\u00f3w: Jezu, ufam Tobie. <\/p>\n<p style=\"text-align: justify;\">\u017byczy\u0142, aby \u015bwi\u0105teczne dni by\u0142y nowym impulsem do\u00a0pog\u0142\u0119biania i\u00a0umacniania zaufania w\u00a0rodzinach oraz \u015brodowiskach pracy i\u00a0s\u0142u\u017cby, a\u00a0Ksi\u0105\u017c\u0119 Pokoju \u2013 Syn Bo\u017cy narodzony w\u00a0Betlejem \u2013 obdarzy\u0142 wszystkich pokojem i\u00a0uzdolni\u0142 do\u00a0zgody oraz braterstwa w\u00a0Ojczy\u017anie i\u00a0ca\u0142ej ludzkiej rodzinie.<\/p>\n<p>Pasterka z\u00a0bia\u0142ostockiej archikatedry\u00a0tradycyjnie transmitowana by\u0142a przez TVP3 Bia\u0142ystok, Archibial.pl, Radio i\u00a0Polskie Radio Bia\u0142ystok. W\u00a0tym roku dzi\u0119ki TVP3 i\u00a0TVP Polonia mogli j\u0105\u00a0obejrze\u0107 widzowie w\u00a0ca\u0142ej Polsce i\u00a0na \u015bwiecie.\u00a0<\/p>\n<p style=\"text-align: justify;\">\u015apiewy podczas liturgii prowadzi\u0142y wraz z\u00a0organist\u0105 Cezarym Kund\u0105\u00a0archikatedralne schole \u201eWinnica\u201d i\u00a0\u201eAdonai\u201d pod kierownictwem Kingi Kurstak. <\/p>\n","protected":false},"excerpt":{"rendered":"\u201eDzie\u0144 po\u00a0dniu trzeba budowa\u0107, odbudowywa\u0107 i\u00a0pog\u0142\u0119bia\u0107 wzajemne zaufanie na\u00a0fundamencie prawdy, bo\u00a0od tego zale\u017cy przysz\u0142o\u015b\u0107 naszej Ojczyzny\u201d \u2013 m\u00f3wi\u0142&hellip;\n","protected":false},"author":2,"featured_media":171177,"comment_status":"","ping_status":"","sticky":false,"template":"","format":"standard","meta":{"footnotes":""},"categories":[12],"tags":[32,33,36,37,27,34,35,28,31,25,42,38,40,39,41,29,30,26],"class_list":{"0":"post-171176","1":"post","2":"type-post","3":"status-publish","4":"format-standard","5":"has-post-thumbnail","7":"category-polska","8":"tag-breaking-news","9":"tag-breakingnews","10":"tag-featured-news","11":"tag-featurednews","12":"tag-headlines","13":"tag-latest-news","14":"tag-latestnews","15":"tag-naglowki","16":"tag-najwazniejsze-artykuly","17":"tag-news","18":"tag-pl","19":"tag-poland","20":"tag-polish","21":"tag-polska","22":"tag-polski","23":"tag-top-stories","24":"tag-topstories","25":"tag-wiadomosci"},"share_on_mastodon":{"url":"https:\/\/pubeurope.com\/@pl\/115782691314601334","error":""},"_links":{"self":[{"href":"https:\/\/www.europesays.com\/pl\/wp-json\/wp\/v2\/posts\/171176","targetHints":{"allow":["GET"]}}],"collection":[{"href":"https:\/\/www.europesays.com\/pl\/wp-json\/wp\/v2\/posts"}],"about":[{"href":"https:\/\/www.europesays.com\/pl\/wp-json\/wp\/v2\/types\/post"}],"author":[{"embeddable":true,"href":"https:\/\/www.europesays.com\/pl\/wp-json\/wp\/v2\/users\/2"}],"replies":[{"embeddable":true,"href":"https:\/\/www.europesays.com\/pl\/wp-json\/wp\/v2\/comments?post=171176"}],"version-history":[{"count":0,"href":"https:\/\/www.europesays.com\/pl\/wp-json\/wp\/v2\/posts\/171176\/revisions"}],"wp:featuredmedia":[{"embeddable":true,"href":"https:\/\/www.europesays.com\/pl\/wp-json\/wp\/v2\/media\/171177"}],"wp:attachment":[{"href":"https:\/\/www.europesays.com\/pl\/wp-json\/wp\/v2\/media?parent=171176"}],"wp:term":[{"taxonomy":"category","embeddable":true,"href":"https:\/\/www.europesays.com\/pl\/wp-json\/wp\/v2\/categories?post=171176"},{"taxonomy":"post_tag","embeddable":true,"href":"https:\/\/www.europesays.com\/pl\/wp-json\/wp\/v2\/tags?post=171176"}],"curies":[{"name":"wp","href":"https:\/\/api.w.org\/{rel}","templated":true}]}}