{"id":171212,"date":"2025-12-25T23:25:23","date_gmt":"2025-12-25T23:25:23","guid":{"rendered":"https:\/\/www.europesays.com\/pl\/171212\/"},"modified":"2025-12-25T23:25:23","modified_gmt":"2025-12-25T23:25:23","slug":"szykuje-sie-widowiskowy-spektakl-niebawem-rozswietli-niebo","status":"publish","type":"post","link":"https:\/\/www.europesays.com\/pl\/171212\/","title":{"rendered":"Szykuje si\u0119 widowiskowy spektakl. Niebawem roz\u015bwietli niebo"},"content":{"rendered":"<p>R\u00f3j Kwadrantyd\u00f3w zn\u00f3w przyci\u0105ga wzrok pasjonat\u00f3w astronomii. Jego aktywno\u015b\u0107 rozpoczyna si\u0119 28 grudnia i\u00a0potrwa a\u017c do 12 stycznia. Najbardziej spektakularny moment przewidywany jest na 3\u00a0stycznia o\u00a0godzinie 16:00.<\/p>\n<p>Historia Kwadrantyd\u00f3w si\u0119ga XIX w. Po raz pierwszy zosta\u0142y opisane w\u00a01835 r. Nazwa tego roju pochodzi od Kwadranta \u015aciennego &#8211;\u00a0konstelacji, kt\u00f3rej ju\u017c nie ma na wsp\u00f3\u0142czesnej mapie nieba. Radiant roju, z\u00a0kt\u00f3rego lec\u0105 meteory, obecnie znajduje si\u0119 pomi\u0119dzy gwiazdozbiorami Wolarza, Herkulesa i\u00a0Smoka.<\/p>\n<p>Polacy pokochali takie urlopy. &#8222;Wsz\u0119dzie mo\u017cna wypoczywa\u0107 w\u00a0duchu slow&#8221; <\/p>\n<p>Kwadrantydy maj\u0105 niezwykle ciekawe pochodzenie. W\u00a01979 r. wysuni\u0119to hipotez\u0119, \u0142\u0105cz\u0105c\u0105 je z\u00a0komet\u0105 C\/1490 Y1, obserwowan\u0105 w\u00a0Chinach i\u00a0Korei pod koniec XV w. W\u00a02003 r. zidentyfikowano nieaktywn\u0105 komet\u0119 2003 EH1, kt\u00f3rej orbita pasuje do orbity roju. Uwa\u017ca si\u0119, \u017ce obie te komety mog\u0142y by\u0107 zwi\u0105zane z\u00a0katastrof\u0105 w\u00a01490 r., kiedy to w\u00a0chi\u0144skim mie\u015bcie Qingyang mia\u0142o miejsce wydarzenie, przypominaj\u0105ce deszcz meteoryt\u00f3w.<\/p>\n<p>Meteory cz\u0119sto mylnie nazywane s\u0105 spadaj\u0105cymi gwiazdami. Powstaj\u0105, gdy drobiny skalne z\u00a0kosmosu wnikaj\u0105 w\u00a0ziemsk\u0105 atmosfer\u0119. Wi\u0119kszo\u015b\u0107 z\u00a0nich spala si\u0119 podczas tego procesu, ale te wi\u0119ksze docieraj\u0105 do powierzchni jako meteoryty. <\/p>\n<p>Obserwacja Kwadrantyd\u00f3w z\u00a0pewno\u015bci\u0105 b\u0119dzie wyj\u0105tkowym do\u015bwiadczeniem dla mi\u0142o\u015bnik\u00f3w nocnego nieba. Warto zatem ju\u017c teraz przygotowa\u0107 si\u0119 na zbli\u017caj\u0105cy si\u0119 pokaz.<\/p>\n<p>Kwadrantydy b\u0119d\u0105 widoczne z\u00a0Polski i\u00a0nale\u017c\u0105 do najbardziej efektownych roj\u00f3w meteor\u00f3w widocznych na naszym niebie na pocz\u0105tku roku. Najlepsze warunki do obserwacji panuj\u0105 w\u00a0drugiej po\u0142owie nocy i\u00a0nad ranem, gdy radiant roju znajduje si\u0119 wysoko nad horyzontem. <\/p>\n<p>Aby zwi\u0119kszy\u0107 swoje szanse na zobaczenie spadaj\u0105cych gwiazd, warto wybra\u0107 si\u0119 poza miasto, z\u00a0dala od latarni i\u00a0zabudowa\u0144. Im ciemniejsze niebo, tym wi\u0119cej meteor\u00f3w da si\u0119 dostrzec. Nie potrzebujesz teleskopu ani lornetki. Wystarczy le\u017cak i\u00a0ciep\u0142e ubranie.<\/p>\n","protected":false},"excerpt":{"rendered":"R\u00f3j Kwadrantyd\u00f3w zn\u00f3w przyci\u0105ga wzrok pasjonat\u00f3w astronomii. Jego aktywno\u015b\u0107 rozpoczyna si\u0119 28 grudnia i\u00a0potrwa a\u017c do 12 stycznia.&hellip;\n","protected":false},"author":2,"featured_media":171213,"comment_status":"","ping_status":"","sticky":false,"template":"","format":"standard","meta":{"footnotes":""},"categories":[20],"tags":[120,118,119,42,38,40,39,41,116,114,115,121,117],"class_list":{"0":"post-171212","1":"post","2":"type-post","3":"status-publish","4":"format-standard","5":"has-post-thumbnail","7":"category-nauka-i-technika","8":"tag-nauka","9":"tag-nauka-i-technika","10":"tag-naukatechnika","11":"tag-pl","12":"tag-poland","13":"tag-polish","14":"tag-polska","15":"tag-polski","16":"tag-science","17":"tag-science-and-technology","18":"tag-sciencetechnology","19":"tag-technika","20":"tag-technology"},"share_on_mastodon":{"url":"https:\/\/pubeurope.com\/@pl\/115782793559248004","error":""},"_links":{"self":[{"href":"https:\/\/www.europesays.com\/pl\/wp-json\/wp\/v2\/posts\/171212","targetHints":{"allow":["GET"]}}],"collection":[{"href":"https:\/\/www.europesays.com\/pl\/wp-json\/wp\/v2\/posts"}],"about":[{"href":"https:\/\/www.europesays.com\/pl\/wp-json\/wp\/v2\/types\/post"}],"author":[{"embeddable":true,"href":"https:\/\/www.europesays.com\/pl\/wp-json\/wp\/v2\/users\/2"}],"replies":[{"embeddable":true,"href":"https:\/\/www.europesays.com\/pl\/wp-json\/wp\/v2\/comments?post=171212"}],"version-history":[{"count":0,"href":"https:\/\/www.europesays.com\/pl\/wp-json\/wp\/v2\/posts\/171212\/revisions"}],"wp:featuredmedia":[{"embeddable":true,"href":"https:\/\/www.europesays.com\/pl\/wp-json\/wp\/v2\/media\/171213"}],"wp:attachment":[{"href":"https:\/\/www.europesays.com\/pl\/wp-json\/wp\/v2\/media?parent=171212"}],"wp:term":[{"taxonomy":"category","embeddable":true,"href":"https:\/\/www.europesays.com\/pl\/wp-json\/wp\/v2\/categories?post=171212"},{"taxonomy":"post_tag","embeddable":true,"href":"https:\/\/www.europesays.com\/pl\/wp-json\/wp\/v2\/tags?post=171212"}],"curies":[{"name":"wp","href":"https:\/\/api.w.org\/{rel}","templated":true}]}}