{"id":171234,"date":"2025-12-25T23:49:16","date_gmt":"2025-12-25T23:49:16","guid":{"rendered":"https:\/\/www.europesays.com\/pl\/171234\/"},"modified":"2025-12-25T23:49:16","modified_gmt":"2025-12-25T23:49:16","slug":"malopolska-pkp-odwolalo-pociagi-na-trasie-krakow-krynica-zdroj","status":"publish","type":"post","link":"https:\/\/www.europesays.com\/pl\/171234\/","title":{"rendered":"Ma\u0142opolska. PKP odwo\u0142a\u0142o poci\u0105gi na trasie Krak\u00f3w &#8211; Krynica-Zdr\u00f3j"},"content":{"rendered":"<p>W skr\u00f3cie<\/p>\n<ul class=\"typography ids-typeset-body ids-typeset-body--preset-large list ids-list ids-list--unordered ids-list--size-large \" datatype=\"disc\">\n<li class=\"ids-list-item\">\n<p>PKP Intercity odwo\u0142a\u0142o wszystkie poci\u0105gi na trasie Krak\u00f3w G\u0142\u00f3wny \u2013 Krynica-Zdr\u00f3j 25 i 26 grudnia, oferuj\u0105c komunikacj\u0119 zast\u0119pcz\u0105 autobusami.<\/p>\n<\/li>\n<li class=\"ids-list-item\">\n<p>Oficjalnym powodem s\u0105 przyczyny techniczne, jednak nieoficjalnie m\u00f3wi si\u0119 o problemach kadrowych spowodowanych chorobami pracownik\u00f3w.<\/p>\n<\/li>\n<li class=\"ids-list-item\">\n<p>Zamiast poci\u0105g\u00f3w PKP zapewnia zast\u0119pcz\u0105 komunikacj\u0119 autobusow\u0105.<\/p>\n<\/li>\n<li class=\"ids-list-item\"><\/li>\n<\/ul>\n<p class=\"typography ids-typeset-body ids-typeset-body--preset-large link paragraph ids-paragraph ids-paragraph--default\">PKP Intercity poinformowa\u0142o w czwartek chwil\u0119 po p\u00f3\u0142nocy o odwo\u0142aniu &#8222;z przyczyn technicznych&#8221;\u00a0poci\u0105g\u00f3w kursuj\u0105cych na trasie <a href=\"https:\/\/wydarzenia.interia.pl\/tematy-krakow,gsbi,3466\" rel=\"nofollow noopener\" target=\"_blank\">Krak\u00f3w<\/a> G\u0142\u00f3wny &#8211; Krynica Zdr\u00f3j w obie strony. Odwo\u0142ane zosta\u0142y poci\u0105gi TLK: &#8222;Karpaty&#8221; i &#8222;Ma\u0142opolska&#8221; oraz poci\u0105g IC &#8222;Malinowski&#8221;.<\/p>\n<p class=\"typography ids-typeset-body ids-typeset-body--preset-large link paragraph ids-paragraph ids-paragraph--default\">&#8222;Za odwo\u0142ane poci\u0105gi zostanie uruchomiona zast\u0119pcza komunikacja autobusowa&#8221; &#8211; przekaza\u0142o PKP Intercity.<\/p>\n<p class=\"typography ids-typeset-body ids-typeset-body--preset-large link paragraph ids-paragraph ids-paragraph--default\">Poci\u0105gi odwo\u0142ane 25 grudnia:<\/p>\n<ul class=\"typography ids-typeset-body ids-typeset-body--preset-large list ids-list ids-list--unordered ids-list--size-large \" datatype=\"disc\">\n<li class=\"ids-list-item\">\n<p>TLK nr 30170\/1 &#8222;KARPATY&#8221; relacji Krak\u00f3w G\u0142\u00f3wny &#8211; Krynica Zdr\u00f3j<\/p>\n<\/li>\n<li class=\"ids-list-item\">\n<p>TLK nr 33104\/5 &#8222;MA\u0141OPOLSKA&#8221; relacji Krynica Zdr\u00f3j &#8211; Krak\u00f3w G\u0142\u00f3wny<\/p>\n<\/li>\n<li class=\"ids-list-item\">\n<p>IC nr 33100\/1 &#8222;MALINOWSKI&#8221; relacji Krynica Zdr\u00f3j &#8211; Krak\u00f3w G\u0142\u00f3wny<\/p>\n<\/li>\n<li class=\"ids-list-item\">\n<p>TLK nr 33170\/1 &#8222;KARPATY&#8221; relacji Krynica Zdr\u00f3j &#8211; Krak\u00f3w G\u0142\u00f3wny<\/p>\n<\/li>\n<li class=\"ids-list-item\">\n<p>IC nr 30100\/1 &#8222;MALINOWSKI&#8221; relacji Krak\u00f3w G\u0142\u00f3wny &#8211; Krynica Zdr\u00f3j<\/p>\n<\/li>\n<li class=\"ids-list-item\">\n<p>TLK nr 30104\/5 &#8222;MA\u0141OPOLSKA&#8221; relacji Krak\u00f3w G\u0142\u00f3wny &#8211; Krynica Zdr\u00f3j<\/p>\n<\/li>\n<\/ul>\n<p>Poci\u0105gi nie kursuj\u0105 do Krynicy-Zdroju. Problem dla wracaj\u0105cych ze \u015bwi\u0105t<\/p>\n<p class=\"typography ids-typeset-body ids-typeset-body--preset-large link paragraph ids-paragraph ids-paragraph--default\">W czwartek wieczorem okaza\u0142o si\u0119, \u017ce podobna sytuacja b\u0119dzie mia\u0142a miejsce r\u00f3wnie\u017c w pi\u0105tek 26 grudnia. W tym dniu na trasie Krak\u00f3w G\u0142\u00f3wny &#8211; Krynica-Zdr\u00f3j i z powrotem nie b\u0119d\u0105 kursowa\u0142y poci\u0105gi TLK &#8222;Karpaty&#8221; i &#8222;Ma\u0142opolska&#8221;.<\/p>\n<p class=\"typography ids-typeset-body ids-typeset-body--preset-large link paragraph ids-paragraph ids-paragraph--default\">Poci\u0105gi odwo\u0142ane 26 grudnia:<\/p>\n<ul class=\"typography ids-typeset-body ids-typeset-body--preset-large list ids-list ids-list--unordered ids-list--size-large \" datatype=\"disc\">\n<li class=\"ids-list-item\">\n<p>TLK nr 30171 &#8222;KARPATY&#8221; relacji Krak\u00f3w G\u0142\u00f3wny &#8211; Krynica-Zdr\u00f3j<\/p>\n<\/li>\n<li class=\"ids-list-item\">\n<p>TLK nr 33104 &#8222;MA\u0141OPOLSKA&#8221; relacji Krynica-Zdr\u00f3j &#8211; Krak\u00f3w G\u0142\u00f3wny<\/p>\n<\/li>\n<li class=\"ids-list-item\">\n<p>TLK nr 33170 &#8222;KARPATY&#8221; relacji Krynica-Zdr\u00f3j &#8211; Krak\u00f3w G\u0142\u00f3wny<\/p>\n<\/li>\n<li class=\"ids-list-item\">\n<p>TLK nr 30104 &#8222;MA\u0141OPOLSKA&#8221; relacji Krak\u00f3w G\u0142\u00f3wny &#8211; Krynica-Zdr\u00f3j<\/p>\n<\/li>\n<\/ul>\n<p class=\"typography ids-typeset-body ids-typeset-body--preset-large link paragraph ids-paragraph ids-paragraph--default\">R\u00f3wnie\u017c w tym przypadku PKP Intercity zapewnia, \u017ce w miejsce poci\u0105g\u00f3w maj\u0105 dla podr\u00f3\u017cnych zosta\u0107 podstawione autobusy.<\/p>\n<p>Problemy PKP na trasie Krynica-Zdr\u00f3j &#8211; Krak\u00f3w. Powodem choroba?<\/p>\n<p class=\"typography ids-typeset-body ids-typeset-body--preset-large link paragraph ids-paragraph ids-paragraph--default\">PKP Intercity nie poda\u0142o w komunikatach powod\u00f3w, z kt\u00f3rych odwo\u0142ano wszystkie po\u0142\u0105czenia kolejowe na trasie Krynica-Zdr\u00f3j &#8211; Krak\u00f3w i z powrotem. Poinformowano jedynie, \u017ce do problem\u00f3w dosz\u0142o z &#8222;przyczyn technicznych&#8221;.<\/p>\n<p class=\"typography ids-typeset-body ids-typeset-body--preset-large link paragraph ids-paragraph ids-paragraph--default\">Wed\u0142ug nieoficjalnych doniesie\u0144 powodem s\u0105 jednak\u00a0braki kadrowe. Okaza\u0142o si\u0119 bowiem, \u017ce\u00a0cz\u0119\u015b\u0107 personelu mia\u0142a si\u0119 rozchorowa\u0107 i poci\u0105g\u00f3w na tej trasie nie ma kto obs\u0142u\u017cy\u0107. Informacje o tym, \u017ce z powodu chor\u00f3b PKP Intercity zabrak\u0142o dru\u017cyn konduktorskich, potwierdzi\u0142o r\u00f3wnie\u017c \u017ar\u00f3d\u0142o Interii.<\/p>\n<p class=\"typography ids-typeset-body ids-typeset-body--preset-large link paragraph ids-paragraph ids-paragraph--default\">Problem jest o tyle du\u017cy, \u017ce do odwo\u0142ania poci\u0105g\u00f3w dosz\u0142o\u00a0w newralgicznym momencie, kiedy wiele ludzi wraca do domu po \u015bwi\u0119tach Bo\u017cego Narodzenia. Krynic-Zdr\u00f3j dodatkowo jest miejscem ch\u0119tnie wybieranym przez osoby chc\u0105ce sp\u0119dzi\u0107 \u015bwi\u0119ta w g\u00f3rach.<\/p>\n<p class=\"typography ids-typeset-body ids-typeset-body--preset-large link paragraph ids-paragraph ids-paragraph--default\">Dodatkowo problemy nie dotycz\u0105 tylko poci\u0105g\u00f3w z i do Krakowa. Poci\u0105g &#8222;Karpaty&#8221; kursuje bowiem do Gdyni, a &#8222;Malinowski&#8221; do Warszawy.<\/p>\n<p>&#8222;Wydarzenia&#8221;: Dobro wraca. \u015awi\u0105teczny cud w \u0141odziPolsat News<\/p>\n<p><a class=\"ids-undecorated-link source ids-page-info--source__link\" href=\"https:\/\/www.interia.pl\" rel=\"nofollow noopener\" target=\"_blank\"><img decoding=\"async\" class=\"ids-image-holder__img\" loading=\"lazy\" alt=\"\" title=\"\" height=\"24px\" src=\"https:\/\/www.europesays.com\/pl\/wp-content\/uploads\/2025\/12\/1766553731_41_0009A60QQ5I2TYF7-C202-F4.webp.webp\"\/><\/a><\/p>\n<p>Masz sugestie, uwagi albo widzisz b\u0142\u0105d? Napisz do nas<\/p>\n","protected":false},"excerpt":{"rendered":"W skr\u00f3cie PKP Intercity odwo\u0142a\u0142o wszystkie poci\u0105gi na trasie Krak\u00f3w G\u0142\u00f3wny \u2013 Krynica-Zdr\u00f3j 25 i 26 grudnia, oferuj\u0105c&hellip;\n","protected":false},"author":2,"featured_media":171235,"comment_status":"","ping_status":"","sticky":false,"template":"","format":"standard","meta":{"footnotes":""},"categories":[12],"tags":[32,33,36,37,27,34,35,28,31,25,42,38,40,39,41,29,30,26],"class_list":{"0":"post-171234","1":"post","2":"type-post","3":"status-publish","4":"format-standard","5":"has-post-thumbnail","7":"category-polska","8":"tag-breaking-news","9":"tag-breakingnews","10":"tag-featured-news","11":"tag-featurednews","12":"tag-headlines","13":"tag-latest-news","14":"tag-latestnews","15":"tag-naglowki","16":"tag-najwazniejsze-artykuly","17":"tag-news","18":"tag-pl","19":"tag-poland","20":"tag-polish","21":"tag-polska","22":"tag-polski","23":"tag-top-stories","24":"tag-topstories","25":"tag-wiadomosci"},"share_on_mastodon":{"url":"https:\/\/pubeurope.com\/@pl\/115782888695250860","error":""},"_links":{"self":[{"href":"https:\/\/www.europesays.com\/pl\/wp-json\/wp\/v2\/posts\/171234","targetHints":{"allow":["GET"]}}],"collection":[{"href":"https:\/\/www.europesays.com\/pl\/wp-json\/wp\/v2\/posts"}],"about":[{"href":"https:\/\/www.europesays.com\/pl\/wp-json\/wp\/v2\/types\/post"}],"author":[{"embeddable":true,"href":"https:\/\/www.europesays.com\/pl\/wp-json\/wp\/v2\/users\/2"}],"replies":[{"embeddable":true,"href":"https:\/\/www.europesays.com\/pl\/wp-json\/wp\/v2\/comments?post=171234"}],"version-history":[{"count":0,"href":"https:\/\/www.europesays.com\/pl\/wp-json\/wp\/v2\/posts\/171234\/revisions"}],"wp:featuredmedia":[{"embeddable":true,"href":"https:\/\/www.europesays.com\/pl\/wp-json\/wp\/v2\/media\/171235"}],"wp:attachment":[{"href":"https:\/\/www.europesays.com\/pl\/wp-json\/wp\/v2\/media?parent=171234"}],"wp:term":[{"taxonomy":"category","embeddable":true,"href":"https:\/\/www.europesays.com\/pl\/wp-json\/wp\/v2\/categories?post=171234"},{"taxonomy":"post_tag","embeddable":true,"href":"https:\/\/www.europesays.com\/pl\/wp-json\/wp\/v2\/tags?post=171234"}],"curies":[{"name":"wp","href":"https:\/\/api.w.org\/{rel}","templated":true}]}}