{"id":171242,"date":"2025-12-25T23:57:12","date_gmt":"2025-12-25T23:57:12","guid":{"rendered":"https:\/\/www.europesays.com\/pl\/171242\/"},"modified":"2025-12-25T23:57:12","modified_gmt":"2025-12-25T23:57:12","slug":"zabojstwo-16-letniej-mai-bartosz-g-trafi-do-tymczasowego-aresztu","status":"publish","type":"post","link":"https:\/\/www.europesays.com\/pl\/171242\/","title":{"rendered":"Zab\u00f3jstwo 16-letniej Mai. Bartosz G. trafi do tymczasowego aresztu"},"content":{"rendered":"<p class=\"article-p\" data-section=\"detail-body\">Odyseja zwi\u0105zana ze sprowadzeniem Bartosza G. do Polski ju\u017c si\u0119 zako\u0144czy\u0142a \u2013 m\u00f3wi\u0142 rzecznik p\u0142ockiej prokuratury. Nastolatka sprowadzono do kraju na podstawie ENA ju\u017c kilka dni temu. W czwartek, 25 grudnia, us\u0142ysza\u0142 zarzut zab\u00f3jstwa ze szczeg\u00f3lnym okrucie\u0144stwem 16-latki. Do winy si\u0119 nie przyznaje.<\/p>\n<p>        Bartosz G. trafi do tymczasowego aresztu. Jego adwokat komentuje<\/p>\n<p class=\"article-p\" data-section=\"detail-body\">Nie ma zaskoczenia. M\u0142awski s\u0105d przychyli\u0142 si\u0119 do wniosku tamtejszej prokuratury. Bartosz G. trafi do tymczasowego aresztu.<\/p>\n<p class=\"article-p\" data-section=\"detail-body\">S\u0105d utrzyma\u0142 tymczasowe aresztowanie zgodnie z wnioskiem prokuratury. Zastosowa\u0142 miesi\u0119czny areszt, teraz prokurator b\u0119dzie kierowa\u0142 wniosek do S\u0105du Okr\u0119gowego w P\u0142ocku, kt\u00f3ry b\u0119dzie rozstrzyga\u0142 o areszcie na nast\u0119pne miesi\u0105ce<\/p>\n<p class=\"article-p\" data-section=\"detail-body\">\u2013 przekaza\u0142 nam adwokat Pawe\u0142 Aranowski, obro\u0144ca Bartosza G.<\/p>\n<p class=\"article-p\" data-section=\"detail-body\">Decyzja o zastosowaniu aresztu s\u0105d podj\u0105\u0142 1 maja i prokurator wni\u00f3s\u0142 wniosek o jego utrzymanie. S\u0105d si\u0119 zgodzi\u0142. Ja jako obro\u0144ca sk\u0142ada\u0142em wniosek o uchylenie aresztu<\/p>\n<p class=\"article-p\" data-section=\"detail-body\">\u2013 wskaza\u0142 obro\u0144ca nastolatka.<\/p>\n<p>        Bartosz G. z zarzutem zab\u00f3jstwa 16-letniej Mai<\/p>\n<p class=\"article-p\" data-section=\"detail-body\">Bartosz G. us\u0142ysza\u0142 zarzut zab\u00f3jstwa ze szczeg\u00f3lnym okrucie\u0144stwem 16-letniej Mai. Nie przyzna\u0142 si\u0119 do pope\u0142nienia zarzuconego mu czynu i skorzysta\u0142 z przys\u0142uguj\u0105cego mu prawa do odmowy sk\u0142adania wyja\u015bnie\u0144. Nastolatek zosta\u0142 przetransportowany z Grecji do Polski we wtorek, 23 grudnia.<\/p>\n<p class=\"article-p\" data-section=\"detail-body\">Tym samym zako\u0144czy\u0142a si\u0119 237-dniowa odyseja zwi\u0105zana ze sprowadzeniem Bartosza G. do Polski<\/p>\n<p class=\"article-p\" data-section=\"detail-body\">\u2013 wskaza\u0142 prok. Bartosz Maliszewski, rzecznik Prokuratury Okr\u0119gowej w P\u0142ocku.<\/p>\n<p>        Zab\u00f3jstwo Mai z M\u0142awy<\/p>\n<p class=\"article-p\" data-section=\"detail-body\">Maja zagin\u0119\u0142a w \u015brod\u0119 wieczorem, 23 kwietnia. Wysz\u0142a z domu na chwil\u0119. Mia\u0142a spotka\u0107 si\u0119 ze znajomym, Bartoszem G. M\u00f3wi\u0142a, \u017ce wr\u00f3ci niebawem. Wszystko mia\u0142o zale\u017ce\u0107 od tego, jak potoczy si\u0119 jej rozmowa z koleg\u0105. Mieszka\u0142 ulic\u0119 dalej. Droga powrotna nie zaj\u0119\u0142aby jej du\u017co czasu.<\/p>\n<p class=\"article-p\" data-section=\"detail-body\">Obieca\u0142a, \u017ce wr\u00f3ci za kilka, kilkana\u015bcie minut. Nie wr\u00f3ci\u0142a. Zg\u0142oszono jej zagini\u0119cie. Ruszy\u0142y poszukiwania, kt\u00f3re trwa\u0142y ponad tydzie\u0144. Uczestniczyli w nich najbli\u017csi dziewczyny. Od pocz\u0105tku rodzinie towarzyszy\u0142 niepok\u00f3j.<\/p>\n<p class=\"article-p\" data-section=\"detail-body\">Fina\u0142 poszukiwa\u0144 by\u0142 tragiczny. Znaleziono cia\u0142o Mai. Zosta\u0142a zamordowana. O t\u0119 zbrodni\u0119 podejrzany jest jej kolega, Bartosz G. 17-latek zosta\u0142 zatrzymany w Katerini w Grecji. By\u0142 tam na wymianie uczniowskiej. Za granic\u0119 wyjecha\u0142 28 kwietnia.<\/p>\n<p class=\"article-p\" data-section=\"detail-body\">(\u0179r\u00f3d\u0142o: Fakt.pl)<\/p>\n<p>        \/12<\/p>\n<p>                    <img decoding=\"async\" class=\"article-image-img\" loading=\"lazy\" alt=\"\" src=\"https:\/\/www.europesays.com\/pl\/wp-content\/uploads\/2025\/12\/uKCk9kuTURBXy9iNmMyNTMyZC04MTJhLTQxZTEtYmM4Yy05M2E4ODJkNDhmMzguanBlZ5GTAs0DSM0B2N4AAqEwAaExAQ.jpeg\" width=\"840\" height=\"472\"\/><\/p>\n<p>                  @SOS Zagini\u0119cia\/Facebook, Bogdan Hrywniak \/ newspix.pl<\/p>\n<p>        \/12<\/p>\n<p>                    <img decoding=\"async\" class=\"article-image-img\" loading=\"lazy\" alt=\"\" src=\"https:\/\/www.europesays.com\/pl\/wp-content\/uploads\/2025\/12\/CVSk9kuTURBXy8yYTAwZThiMy0yMTk2LTRkMTYtYjdhNS04NzY5Mzc3ZTM0MGYuanBlZ5GTAs0DSM0B2N4AAqEwAaExAQ.jpeg\" width=\"840\" height=\"472\"\/><\/p>\n<p>                  Hrywniak Bogdan \/ newspix.pl<\/p>\n<p class=\"article-gallery-p\">\n        Bartosz G. podejrzany o zamordowanie Mai z M\u0142awy zosta\u0142 w Bo\u017ce Narodzenie doprowadzony do Prokuratury Okr\u0119gowej w P\u0142ocku. Reporter &#8222;Faktu&#8221; by\u0142 na miejscu.\n    <\/p>\n","protected":false},"excerpt":{"rendered":"Odyseja zwi\u0105zana ze sprowadzeniem Bartosza G. do Polski ju\u017c si\u0119 zako\u0144czy\u0142a \u2013 m\u00f3wi\u0142 rzecznik p\u0142ockiej prokuratury. Nastolatka sprowadzono&hellip;\n","protected":false},"author":2,"featured_media":171243,"comment_status":"","ping_status":"","sticky":false,"template":"","format":"standard","meta":{"footnotes":""},"categories":[12],"tags":[32,33,36,37,27,34,35,28,31,25,42,38,40,39,41,29,30,26],"class_list":{"0":"post-171242","1":"post","2":"type-post","3":"status-publish","4":"format-standard","5":"has-post-thumbnail","7":"category-polska","8":"tag-breaking-news","9":"tag-breakingnews","10":"tag-featured-news","11":"tag-featurednews","12":"tag-headlines","13":"tag-latest-news","14":"tag-latestnews","15":"tag-naglowki","16":"tag-najwazniejsze-artykuly","17":"tag-news","18":"tag-pl","19":"tag-poland","20":"tag-polish","21":"tag-polska","22":"tag-polski","23":"tag-top-stories","24":"tag-topstories","25":"tag-wiadomosci"},"share_on_mastodon":{"url":"https:\/\/pubeurope.com\/@pl\/115782919750803666","error":""},"_links":{"self":[{"href":"https:\/\/www.europesays.com\/pl\/wp-json\/wp\/v2\/posts\/171242","targetHints":{"allow":["GET"]}}],"collection":[{"href":"https:\/\/www.europesays.com\/pl\/wp-json\/wp\/v2\/posts"}],"about":[{"href":"https:\/\/www.europesays.com\/pl\/wp-json\/wp\/v2\/types\/post"}],"author":[{"embeddable":true,"href":"https:\/\/www.europesays.com\/pl\/wp-json\/wp\/v2\/users\/2"}],"replies":[{"embeddable":true,"href":"https:\/\/www.europesays.com\/pl\/wp-json\/wp\/v2\/comments?post=171242"}],"version-history":[{"count":0,"href":"https:\/\/www.europesays.com\/pl\/wp-json\/wp\/v2\/posts\/171242\/revisions"}],"wp:featuredmedia":[{"embeddable":true,"href":"https:\/\/www.europesays.com\/pl\/wp-json\/wp\/v2\/media\/171243"}],"wp:attachment":[{"href":"https:\/\/www.europesays.com\/pl\/wp-json\/wp\/v2\/media?parent=171242"}],"wp:term":[{"taxonomy":"category","embeddable":true,"href":"https:\/\/www.europesays.com\/pl\/wp-json\/wp\/v2\/categories?post=171242"},{"taxonomy":"post_tag","embeddable":true,"href":"https:\/\/www.europesays.com\/pl\/wp-json\/wp\/v2\/tags?post=171242"}],"curies":[{"name":"wp","href":"https:\/\/api.w.org\/{rel}","templated":true}]}}