{"id":171274,"date":"2025-12-26T00:54:08","date_gmt":"2025-12-26T00:54:08","guid":{"rendered":"https:\/\/www.europesays.com\/pl\/171274\/"},"modified":"2025-12-26T00:54:08","modified_gmt":"2025-12-26T00:54:08","slug":"kreml-zlozyl-francji-propozycje-chodzi-o-znanego-naukowca","status":"publish","type":"post","link":"https:\/\/www.europesays.com\/pl\/171274\/","title":{"rendered":"Kreml z\u0142o\u017cy\u0142 Francji propozycj\u0119. Chodzi o znanego naukowca"},"content":{"rendered":"<ul class=\"UnorderedList_container__nmfSl\">\n<li class=\"UnorderedList_listElement__Py7xi\" data-id=\"ai-summary-link\">Du\u017co czytania, a ma\u0142o czasu? Sprawd\u017a\u00a0skr\u00f3t\u00a0artyku\u0142u<\/li>\n<\/ul>\n<p class=\"Paragraph_desktopParagraph__U31Gm\">Otoczenie Emmanuela Macrona, cytowane przez agencj\u0119 AFP, zapewni\u0142o, \u017ce prezydent Francji \u015bledzi na bie\u017c\u0105co sytuacj\u0119 Vinatiera i pozostaje ca\u0142kowicie zaanga\u017cowany w jego uwolnienie.<\/p>\n<p class=\"Paragraph_desktopParagraph__U31Gm\">Rodzina naukowca przekaza\u0142a w czwartek agencji AFP za po\u015brednictwem adwokata, \u017ce liczy na jego uwolnienie w okresie \u015bwi\u0105tecznym w tym roku.<\/p>\n<p class=\"Paragraph_desktopParagraph__U31Gm\">W rozm\u00f3wi\u0119 z radiem RTL matka naukowca Brigitte Vinatier przekaza\u0142a, \u017ce jest bardzo szcz\u0119\u015bliwa, \u017ce <a href=\"https:\/\/wiadomosci.onet.pl\/politico\/francja-chce-uratowac-europe-przed-trumpem-jest-jednak-ryzyko-polska-boi-sie-go-jak\/4mmrndc\" id=\"c94bacaa-cfec-4146-82a2-ade594fd8b02\" rel=\"nofollow noopener\" target=\"_blank\">strona rosyjska i francuska ponownie si\u0119 komunikuj\u0105<\/a>.<\/p>\n<p class=\"Paragraph_desktopParagraph__U31Gm\">\u2014 Ma towarzysza w celi, co jest raczej dobr\u0105 rzecz\u0105. Nie mo\u017ce wychodzi\u0107, nie mo\u017ce si\u0119 komunikowa\u0107, ale mo\u017ce p\u00f3j\u015b\u0107 na przechadzk\u0119 po spacerniaku \u2014 powiedzia\u0142a na antenie radia RTL matka uwi\u0119zionego badacza. Vinatier mia\u0142 te\u017c dosta\u0107 od ambasady paczk\u0119 z jedzeniem.<\/p>\n<p class=\"VideoPlayerText_videoPlayerText__iDwyz\">Dalszy ci\u0105g materia\u0142u pod wideo<\/p>\n<ul class=\"OchatFollowUps_wrapper__1ry7X\">\n<li class=\"OchatFollowUps_item__Dhyly OchatFollowUps_itemDesktop__R6aBv\">Jaka propozycja zosta\u0142a z\u0142o\u017cona Francji przez Rosj\u0119?<\/li>\n<li class=\"OchatFollowUps_item__Dhyly OchatFollowUps_itemDesktop__R6aBv\">Kim jest Laurent Vinatier?<\/li>\n<li class=\"OchatFollowUps_item__Dhyly OchatFollowUps_itemDesktop__R6aBv\">Jakie s\u0105 zarzuty wobec Laurenta Vinatiera?<\/li>\n<li class=\"OchatFollowUps_item__Dhyly OchatFollowUps_itemDesktop__R6aBv\">Czy rodzina Vinatiera ma nadziej\u0119 na jego uwolnienie?<\/li>\n<\/ul>\n<p>Kim jest Laurent Vinatier? <\/p>\n<p class=\"Paragraph_desktopParagraph__U31Gm\">W po\u0142owie pa\u017adziernika <a href=\"https:\/\/www.onet.pl\/informacje\/onetwiadomosci\/francuski-badacz-skazany-w-rosji-trafi-do-kolonii-karnej\/e4w7cck,79cfc278\" id=\"d661f831-6527-41fe-9962-634eb414a403\" rel=\"nofollow noopener\" target=\"_blank\">Vinatier zosta\u0142 skazany na trzy lata kolonii karnej<\/a>. Wed\u0142ug aktu oskar\u017cenia w 2021 r. i 2022 r. spotka\u0142 si\u0119 z trzema obywatelami Rosji i gromadzi\u0142 informacje o &#8222;mobilizacji, przygotowaniu bojowym wojsk&#8221; oraz sytuacji politycznej, kt\u00f3re \u2014 jak uznano \u2014 mog\u0142yby zosta\u0107 wykorzystane przeciwko interesom bezpiecze\u0144stwa Rosji. Obecnie stoi przed dodatkowym zarzutem szpiegostwa.<\/p>\n<p class=\"Paragraph_desktopParagraph__U31Gm\">48-letni Francuz \u2014 doktor filozofii, znawca Rosji i Azji Centralnej, zajmuj\u0105cy si\u0119 r\u00f3wnie\u017c histori\u0105 wojen w Czeczenii, pracowa\u0142 dla organizacji Centrum Dialogu Humanitarnego z siedzib\u0105 w Genewie. Wcze\u015bniej by\u0142 konsultantem Mi\u0119dzynarodowego Komitetu Czerwonego Krzy\u017ca.<\/p>\n<p class=\"Paragraph_desktopParagraph__U31Gm\">Pary\u017c podkre\u015bli\u0142, \u017ce Vinatier zosta\u0142 bezprawnie zatrzymany, i wezwa\u0142 w\u0142adze rosyjskie do natychmiastowego uwolnienia go. Sam Vinatier przyzna\u0142 si\u0119 do winy. Podkre\u015bla\u0142, \u017ce nie wiedzia\u0142, i\u017c powinien zarejestrowa\u0107 si\u0119 jako &#8222;zagraniczny agent&#8221;.<\/p>\n<p>Putin z\u0142o\u017cy\u0142 Trumpowi \u017cyczenia <\/p>\n<p class=\"Paragraph_desktopParagraph__U31Gm\">19 grudnia Macron zasygnalizowa\u0142 po szczycie UE w Brukseli, \u017ce jest got\u00f3w na wznowienie dialogu z rosyjskim przyw\u00f3dc\u0105. Doda\u0142, \u017ce &#8222;s\u0105 osoby, kt\u00f3re rozmawiaj\u0105 z Putinem&#8221;, co wed\u0142ug medi\u00f3w by\u0142o aluzj\u0105 do prezydenta USA Donalda Trumpa.<a href=\"https:\/\/wiadomosci.onet.pl\/swiat\/wladimir-putin-wyrazil-gotowosc-do-rozmow-z-emmanuelem-macronem\/7cee0cx\" id=\"8f122ffa-aaac-4479-be7a-ce20d8162202\" rel=\"nofollow noopener\" target=\"_blank\"> Kreml zasygnalizowa\u0142 gotowo\u015b\u0107 do podj\u0119cia rozm\u00f3w z Pary\u017cem<\/a>.<\/p>\n<p class=\"Paragraph_desktopParagraph__U31Gm\">W czwartek Pieskow poda\u0142 r\u00f3wnie\u017c, \u017ce Putin z\u0142o\u017cy\u0142 Trumpowi \u017cyczenia \u015bwi\u0105teczne. Jak zaznaczy\u0142, rozmowa telefoniczna przyw\u00f3dc\u00f3w tego dnia nie jest przewidziana. Ostatnia taka rozmowa mi\u0119dzy Trumpem a Putinem odby\u0142a si\u0119 16 pa\u017adziernika.<\/p>\n<p class=\"Paragraph_desktopParagraph__U31Gm\">W \u015brod\u0119 rzecznik Kremla poinformowa\u0142, \u017ce spotkanie przyw\u00f3dc\u00f3w USA i Rosji nie jest obecnie planowane. Od czasu zapowiedzianego w po\u0142owie pa\u017adziernika, a p\u00f3\u017aniej odwo\u0142anego przez USA szczytu w Budapeszcie kwestia ta nie posun\u0119\u0142a si\u0119 do przodu.<\/p>\n","protected":false},"excerpt":{"rendered":"Du\u017co czytania, a ma\u0142o czasu? Sprawd\u017a\u00a0skr\u00f3t\u00a0artyku\u0142u Otoczenie Emmanuela Macrona, cytowane przez agencj\u0119 AFP, zapewni\u0142o, \u017ce prezydent Francji \u015bledzi&hellip;\n","protected":false},"author":2,"featured_media":171275,"comment_status":"","ping_status":"","sticky":false,"template":"","format":"standard","meta":{"footnotes":""},"categories":[5],"tags":[32,33,445,339,36,37,1670,27,67,34,35,28,31,53,25,52,68,51,55,42,38,40,39,41,62,47,29,30,65,50,26],"class_list":{"0":"post-171274","1":"post","2":"type-post","3":"status-publish","4":"format-standard","5":"has-post-thumbnail","7":"category-naglowki","8":"tag-breaking-news","9":"tag-breakingnews","10":"tag-dmitrij_pieskow","11":"tag-emmanuel_macron_francuski_prezydent","12":"tag-featured-news","13":"tag-featurednews","14":"tag-francja_francuz_francuzka_francuzi","15":"tag-headlines","16":"tag-intextvideo_splayer","17":"tag-latest-news","18":"tag-latestnews","19":"tag-naglowki","20":"tag-najwazniejsze-artykuly","21":"tag-new_header","22":"tag-news","23":"tag-onet3","24":"tag-onet3d","25":"tag-onet3d_2i","26":"tag-phx","27":"tag-pl","28":"tag-poland","29":"tag-polish","30":"tag-polska","31":"tag-polski","32":"tag-rosja_kraj_rosjanin_rosjanie_rosjanka_rosjanki","33":"tag-screening_general","34":"tag-top-stories","35":"tag-topstories","36":"tag-update_me","37":"tag-v2021","38":"tag-wiadomosci"},"share_on_mastodon":{"url":"","error":"Validation failed: Text character limit of 500 exceeded"},"_links":{"self":[{"href":"https:\/\/www.europesays.com\/pl\/wp-json\/wp\/v2\/posts\/171274","targetHints":{"allow":["GET"]}}],"collection":[{"href":"https:\/\/www.europesays.com\/pl\/wp-json\/wp\/v2\/posts"}],"about":[{"href":"https:\/\/www.europesays.com\/pl\/wp-json\/wp\/v2\/types\/post"}],"author":[{"embeddable":true,"href":"https:\/\/www.europesays.com\/pl\/wp-json\/wp\/v2\/users\/2"}],"replies":[{"embeddable":true,"href":"https:\/\/www.europesays.com\/pl\/wp-json\/wp\/v2\/comments?post=171274"}],"version-history":[{"count":0,"href":"https:\/\/www.europesays.com\/pl\/wp-json\/wp\/v2\/posts\/171274\/revisions"}],"wp:featuredmedia":[{"embeddable":true,"href":"https:\/\/www.europesays.com\/pl\/wp-json\/wp\/v2\/media\/171275"}],"wp:attachment":[{"href":"https:\/\/www.europesays.com\/pl\/wp-json\/wp\/v2\/media?parent=171274"}],"wp:term":[{"taxonomy":"category","embeddable":true,"href":"https:\/\/www.europesays.com\/pl\/wp-json\/wp\/v2\/categories?post=171274"},{"taxonomy":"post_tag","embeddable":true,"href":"https:\/\/www.europesays.com\/pl\/wp-json\/wp\/v2\/tags?post=171274"}],"curies":[{"name":"wp","href":"https:\/\/api.w.org\/{rel}","templated":true}]}}