{"id":171293,"date":"2025-12-26T01:25:11","date_gmt":"2025-12-26T01:25:11","guid":{"rendered":"https:\/\/www.europesays.com\/pl\/171293\/"},"modified":"2025-12-26T01:25:11","modified_gmt":"2025-12-26T01:25:11","slug":"cienki-jak-brzytwa-lekki-jak-piorko-kompaktowy-i-z-wielka-bateria-szkoda-ze-w-polsce-to-ideal-za-miliony-monet-gsmmaniak-pl","status":"publish","type":"post","link":"https:\/\/www.europesays.com\/pl\/171293\/","title":{"rendered":"Cienki jak brzytwa, lekki jak pi\u00f3rko, kompaktowy i z wielk\u0105 bateri\u0105. Szkoda, \u017ce w Polsce to idea\u0142 za miliony monet &#8211; gsmManiaK.pl"},"content":{"rendered":"<ol>\n<li><a href=\"https:\/\/news.google.com\/rss\/articles\/CBMilwFBVV95cUxObHcyS2dGZElPbldRY1lWSVE5NDBTRFU1QVEyc2RHOVl1Q21GNmNPeVlLa0tybFlYbk9oZ2M2Q25nVVNqbHVFeVZsZUdKR0lHYjRsYWRnZUcwemRpVGdoTTZhRHNVaGZKejhFcUxnRUxxZ2JuY0pEQnhCU2NKRTlhdXBpa2xqMTNhWHB1RDB6amNOYllONzdB?oc=5\" target=\"_blank\" rel=\"nofollow noopener\">Cienki jak brzytwa, lekki jak pi\u00f3rko, kompaktowy i z wielk\u0105 bateri\u0105. Szkoda, \u017ce w Polsce to idea\u0142 za miliony monet<\/a>&nbsp;&nbsp;gsmManiaK.pl<\/li>\n<li><a href=\"https:\/\/news.google.com\/rss\/articles\/CBMihgFBVV95cUxPcnNyZC1KTDFaUE0zVXIyV2QwRFJDcUZyWktxLTlBNk4zR0IyZk1kSEItS29jSEIzbWxLR2lrNi1wR2EydlFwbThodGpCajN3Mk9vMEI1Sm5iTS1xWFd0SEFSbUt4R0xEQ3ZzQWxuc0tERXpjRzhJWThKMkI0ZDJzWHZJREFJQQ?oc=5\" target=\"_blank\" rel=\"nofollow noopener\">To b\u0119dzie ciekawy smartfon. iPhone 17 Pro mo\u017ce si\u0119 ba\u0107<\/a>&nbsp;&nbsp;Tabletowo.pl<\/li>\n<li><a href=\"https:\/\/news.google.com\/rss\/articles\/CBMipwFBVV95cUxOdHdwUWx2d2Z4T0FOc3Y1d0dpb1V3TnMzYXpJX3J5NmFMalNYRTlidUF0R21aQ3ZqanJGQXhoUmVqMFNIQXVBQWFIbG1KSGlhdXBkVjBDSVdqMGt4NFFHMFNGeVBHcVlhdlp0akU2Z0pxYTl3Z2ppdWt4SG5vYmxaRDRreGJtajUtZ0NmOWhOQVB5VDZ2cTk5c3NLd3NVbTJ4WmV1SnU5MA?oc=5\" target=\"_blank\" rel=\"nofollow noopener\">Oppo Reno 15 FS 5G po cichu wchodzi do Europy, ujawniaj\u0105c cen\u0119 i specyfikacje<\/a>&nbsp;&nbsp;CHIP<\/li>\n<li><a href=\"https:\/\/news.google.com\/rss\/articles\/CBMiqgFBVV95cUxORDd0a3A1cmszNy1pN3hOckVNV1UxT0dqZUN2VDRHZERubXFPanZWbGJZS1hlQjBsZm5lYjFEOXpiNUlrMUVXaF95TWdxcnVBVE5acDZBTXBSbjBYenhHeFdCd1g4SC00MHl2MFJYUTgwQm94Q3BDT3U0Q09LTjlmLWFnaFV4U2RmWWliNXFKMHZRX1lUekk3UVhURWUtM0lnRXlXVUgtOFVxUQ?oc=5\" target=\"_blank\" rel=\"nofollow noopener\">Oppo szykuje mocnego kompakta: Oppo Reno15 Pro Mini!<\/a>&nbsp;&nbsp;mGSM.pl<\/li>\n<li><a href=\"https:\/\/news.google.com\/rss\/articles\/CBMigAFBVV95cUxOcXVjdXE2bTNpZHRaRHFRenlKNUNLZlNQRXdMOEYtdWJ1UTRLU2kyM2pTVG4wTzlaZFVFSWRIWDFLRThqSERKSFZNT0ZGWnZfdTdSU2dvRzZ5RUs5UVZLVUxQSXZtam1CY19aRTIzaUhLLWNuYmNpcWVzQkZ5OUpqQtIBhgFBVV95cUxQUmVNY1NmNlRBRHZPS3BlVVZBQjRaVGdxb2t5NE51TUx1NVN1QnhaaU1MZDItM2dqMEZNRVJoMUhTVFRORzRKWHVQLW83NXN4bEpNTEtsSFpaQUFqQmZ2NkM1Z0JXWVNBNHpReWxadnpzSy1XVU9QX0U5X296ZWJ2OWNzR2RVUQ?oc=5\" target=\"_blank\" rel=\"nofollow noopener\">OPPO Reno 15 FS 5G oficjalnie w Europie! Brat Reno 15, kt\u00f3ry wyszed\u0142 przed szereg<\/a>&nbsp;&nbsp;rootblog<\/li>\n<\/ol>\n","protected":false},"excerpt":{"rendered":"Cienki jak brzytwa, lekki jak pi\u00f3rko, kompaktowy i z wielk\u0105 bateri\u0105. Szkoda, \u017ce w Polsce to idea\u0142 za&hellip;\n","protected":false},"author":2,"featured_media":171294,"comment_status":"","ping_status":"","sticky":false,"template":"","format":"standard","meta":{"footnotes":""},"categories":[20],"tags":[120,118,119,42,38,40,39,41,116,114,115,121,117],"class_list":{"0":"post-171293","1":"post","2":"type-post","3":"status-publish","4":"format-standard","5":"has-post-thumbnail","7":"category-nauka-i-technika","8":"tag-nauka","9":"tag-nauka-i-technika","10":"tag-naukatechnika","11":"tag-pl","12":"tag-poland","13":"tag-polish","14":"tag-polska","15":"tag-polski","16":"tag-science","17":"tag-science-and-technology","18":"tag-sciencetechnology","19":"tag-technika","20":"tag-technology"},"share_on_mastodon":{"url":"https:\/\/pubeurope.com\/@pl\/115783265353494588","error":""},"_links":{"self":[{"href":"https:\/\/www.europesays.com\/pl\/wp-json\/wp\/v2\/posts\/171293","targetHints":{"allow":["GET"]}}],"collection":[{"href":"https:\/\/www.europesays.com\/pl\/wp-json\/wp\/v2\/posts"}],"about":[{"href":"https:\/\/www.europesays.com\/pl\/wp-json\/wp\/v2\/types\/post"}],"author":[{"embeddable":true,"href":"https:\/\/www.europesays.com\/pl\/wp-json\/wp\/v2\/users\/2"}],"replies":[{"embeddable":true,"href":"https:\/\/www.europesays.com\/pl\/wp-json\/wp\/v2\/comments?post=171293"}],"version-history":[{"count":0,"href":"https:\/\/www.europesays.com\/pl\/wp-json\/wp\/v2\/posts\/171293\/revisions"}],"wp:featuredmedia":[{"embeddable":true,"href":"https:\/\/www.europesays.com\/pl\/wp-json\/wp\/v2\/media\/171294"}],"wp:attachment":[{"href":"https:\/\/www.europesays.com\/pl\/wp-json\/wp\/v2\/media?parent=171293"}],"wp:term":[{"taxonomy":"category","embeddable":true,"href":"https:\/\/www.europesays.com\/pl\/wp-json\/wp\/v2\/categories?post=171293"},{"taxonomy":"post_tag","embeddable":true,"href":"https:\/\/www.europesays.com\/pl\/wp-json\/wp\/v2\/tags?post=171293"}],"curies":[{"name":"wp","href":"https:\/\/api.w.org\/{rel}","templated":true}]}}