{"id":171299,"date":"2025-12-26T01:30:28","date_gmt":"2025-12-26T01:30:28","guid":{"rendered":"https:\/\/www.europesays.com\/pl\/171299\/"},"modified":"2025-12-26T01:30:28","modified_gmt":"2025-12-26T01:30:28","slug":"spora-wplata-mistrza-swiata-na-szczytny-cel-oto-powod","status":"publish","type":"post","link":"https:\/\/www.europesays.com\/pl\/171299\/","title":{"rendered":"Spora wp\u0142ata mistrza \u015bwiata na szczytny cel. Oto pow\u00f3d"},"content":{"rendered":"\n<p class=\"contentpart contentpart--default contentpart--text\" data-position=\"0\">Na wtorek, 23 grudnia zaplanowane zosta\u0142y dwa ostatnie spotkania pierwszej cz\u0119\u015bci fazy zasadniczej\u00a0<a href=\"https:\/\/sportowefakty.wp.pl\/siatkowka\/plusliga\" rel=\"nofollow noopener\" target=\"_blank\">PlusLigi<\/a>. Bardzo ciekawie zapowiada\u0142o si\u0119 starcie <a href=\"https:\/\/sportowefakty.wp.pl\/siatkowka\/luk-politechnika-lublin\" rel=\"nofollow noopener\" target=\"_blank\">Bogdanki LUK-u Lublin<\/a>\u00a0z <a href=\"https:\/\/sportowefakty.wp.pl\/siatkowka\/azs-politechnika-warszawska\" rel=\"nofollow noopener\" target=\"_blank\">PGE Projektem Warszawa<\/a>\u00a0z uwagi na walk\u0119 o 1. miejsce w tabeli.<\/p>\n<p class=\"contentpart contentpart--default contentpart--text\" data-position=\"1\">Niestety komunikat sto\u0142ecznego klubu zepsu\u0142 hit. Projekt poinformowa\u0142 o epidemii, przez kt\u00f3r\u0105 do dyspozycji by\u0142o zaledwie siedmiu siatkarzy, w tym po dw\u00f3ch rozgrywaj\u0105cych i libero. W dodatku w\u0142adze PlusLigi nie zgodzi\u0142y si\u0119 na prze\u0142o\u017cenie meczu, bo tu\u017c po \u015bwi\u0119tach rozegrane zostan\u0105 \u0107wier\u0107fina\u0142y Tauron Pucharu Polski.<\/p>\n<p> <img role=\"presentation\" src=\"https:\/\/std.wpcdn.pl\/images\/adv\/placeholder_wp.svg\" loading=\"lazy\" alt=\"\" decoding=\"async\"\/>  <\/p>\n<p class=\"contentpart contentpart--default contentpart--text\" data-position=\"2\">Z tego powodu rozgrywaj\u0105cy <a href=\"https:\/\/sportowefakty.wp.pl\/siatkowka\/michal-kozlowski\" rel=\"nofollow noopener\" target=\"_blank\">Micha\u0142 Koz\u0142owski<\/a>\u00a0zagra\u0142 jako \u015brodkowy, libero <a href=\"https:\/\/sportowefakty.wp.pl\/siatkowka\/damian-wojtaszek\" rel=\"nofollow noopener\" target=\"_blank\">Damian Wojtaszek<\/a>\u00a0na przyj\u0119ciu, a przyjmuj\u0105cy <a href=\"https:\/\/sportowefakty.wp.pl\/siatkowka\/brandon-koppers\" rel=\"nofollow noopener\" target=\"_blank\">Brandon Koppers<\/a>\u00a0w ataku. Cho\u0107 Projekt przegra\u0142 0:3, to zaprezentowa\u0142 si\u0119 z bardzo dobrej strony i w ka\u017cdym secie zdoby\u0142 przynajmniej 20 punkt\u00f3w.<\/p>\n<p class=\"contentpart contentpart--default contentpart--text\" data-position=\"3\">Tymczasem przed spotkaniem by\u0142y siatkarz warszawskiego klubu <a href=\"https:\/\/sportowefakty.wp.pl\/siatkowka\/andrzej-wrona\" rel=\"nofollow noopener\" target=\"_blank\">Andrzej Wrona<\/a>\u00a0og\u0142osi\u0142, \u017ce wp\u0142aci 500 z\u0142otych na Fundacj\u0119 Herosi za ka\u017cdy blok Koz\u0142owskiego i Wojtaszka. Obaj zawodnicy zanotowali po dwa, wobec czego mistrz \u015bwiata zaprezentowa\u0142 przelew na 2 tysi\u0105ce z\u0142.<\/p>\n<p class=\"contentpart contentpart--default contentpart--text\" data-position=\"4\">Na przedmeczowy zak\u0142ad zdecydowa\u0142 si\u0119 r\u00f3wnie\u017c <a href=\"https:\/\/sportowefakty.wp.pl\/siatkowka\/wojciech-alinski\" rel=\"nofollow noopener\" target=\"_blank\">Wojciech \u017bali\u0144ski<\/a>. By\u0142y siatkarz na platformie X zapowiedzia\u0142, \u017ce przebiegnie 5 kilometr\u00f3w za ka\u017cdy punkt w ataku zdobyty przez Wojtaszka. Tymczasem libero zdoby\u0142 8 &#8222;oczek&#8221;, wobec czego \u017bali\u0144ski mia\u0142by do pokonania 40 km, ale og\u0142osi\u0142, \u017ce ostatecznie b\u0119dzie to 46.<\/p>\n<p class=\"contentpart contentpart--default contentpart--text\" data-position=\"5\">ZOBACZ WIDEO: A\u017c si\u0119 pop\u0142aka\u0142. Tak Boruc wzruszy\u0142 Fabia\u0144skiego<\/p>\n","protected":false},"excerpt":{"rendered":"Na wtorek, 23 grudnia zaplanowane zosta\u0142y dwa ostatnie spotkania pierwszej cz\u0119\u015bci fazy zasadniczej\u00a0PlusLigi. Bardzo ciekawie zapowiada\u0142o si\u0119 starcie&hellip;\n","protected":false},"author":2,"featured_media":171300,"comment_status":"","ping_status":"","sticky":false,"template":"","format":"standard","meta":{"footnotes":""},"categories":[24],"tags":[33687,32923,32920,19499,42,6242,38,40,39,41,131,127,268,126,33686],"class_list":{"0":"post-171299","1":"post","2":"type-post","3":"status-publish","4":"format-standard","5":"has-post-thumbnail","7":"category-sport","8":"tag-andrzej-wrona","9":"tag-damian-wojtaszek","10":"tag-michal-kozlowski","11":"tag-pge-projekt-warszawa","12":"tag-pl","13":"tag-plusliga","14":"tag-poland","15":"tag-polish","16":"tag-polska","17":"tag-polski","18":"tag-siatkowka","19":"tag-sport","20":"tag-sportowybar","21":"tag-sports","22":"tag-wojciech-zalinski"},"share_on_mastodon":{"url":"https:\/\/pubeurope.com\/@pl\/115783285304101980","error":""},"_links":{"self":[{"href":"https:\/\/www.europesays.com\/pl\/wp-json\/wp\/v2\/posts\/171299","targetHints":{"allow":["GET"]}}],"collection":[{"href":"https:\/\/www.europesays.com\/pl\/wp-json\/wp\/v2\/posts"}],"about":[{"href":"https:\/\/www.europesays.com\/pl\/wp-json\/wp\/v2\/types\/post"}],"author":[{"embeddable":true,"href":"https:\/\/www.europesays.com\/pl\/wp-json\/wp\/v2\/users\/2"}],"replies":[{"embeddable":true,"href":"https:\/\/www.europesays.com\/pl\/wp-json\/wp\/v2\/comments?post=171299"}],"version-history":[{"count":0,"href":"https:\/\/www.europesays.com\/pl\/wp-json\/wp\/v2\/posts\/171299\/revisions"}],"wp:featuredmedia":[{"embeddable":true,"href":"https:\/\/www.europesays.com\/pl\/wp-json\/wp\/v2\/media\/171300"}],"wp:attachment":[{"href":"https:\/\/www.europesays.com\/pl\/wp-json\/wp\/v2\/media?parent=171299"}],"wp:term":[{"taxonomy":"category","embeddable":true,"href":"https:\/\/www.europesays.com\/pl\/wp-json\/wp\/v2\/categories?post=171299"},{"taxonomy":"post_tag","embeddable":true,"href":"https:\/\/www.europesays.com\/pl\/wp-json\/wp\/v2\/tags?post=171299"}],"curies":[{"name":"wp","href":"https:\/\/api.w.org\/{rel}","templated":true}]}}