{"id":171336,"date":"2025-12-26T02:31:45","date_gmt":"2025-12-26T02:31:45","guid":{"rendered":"https:\/\/www.europesays.com\/pl\/171336\/"},"modified":"2025-12-26T02:31:45","modified_gmt":"2025-12-26T02:31:45","slug":"swiateczny-rejs-do-domu-polacy-wracaja-na-boze-narodzenie","status":"publish","type":"post","link":"https:\/\/www.europesays.com\/pl\/171336\/","title":{"rendered":"\u015awi\u0105teczny rejs do domu. Polacy wracaj\u0105 na Bo\u017ce Narodzenie"},"content":{"rendered":"<p>\u015awi\u0105teczne potrawy i rado\u015b\u0107 powrotu do bliskich, tak wygl\u0105da podr\u00f3\u017c promem z Karlskrony do Gdyni chwil\u0119 przed \u015bwi\u0119tami. \u201eCz\u0119\u015b\u0107 pewnie ju\u017c zostawi\u0142a swoj\u0105 prac\u0119 za sob\u0105. Inni jedz\u0105 \u015bwi\u0105teczne potrawy, robi\u0105 zakupy, mo\u017ce to prezenty na ostatni\u0105 chwil\u0119. Tak \u017ce dla wielu na pewno si\u0119 ju\u017c \u015bwi\u0119ta rozpocz\u0119\u0142y\u201d \u2013 m\u00f3wi RMF FM senior kapitan Krzysztof Konefa\u0142. \u201eNajwa\u017cniejsza jest blisko\u015b\u0107. Tego najbardziej brakuje, kiedy jest si\u0119 daleko\u201d \u2013 m\u00f3wi jeden z pasa\u017cer\u00f3w, my\u015bl\u0105c o zbli\u017caj\u0105cych si\u0119 \u015bwi\u0119tach.<\/p>\n<p>                         &#13;<br \/>\n        &#13;<\/p>\n<p>                                        &#13;<br \/>\n                        &#13;<br \/>\n                            <img decoding=\"async\" src=\"https:\/\/www.europesays.com\/pl\/wp-content\/uploads\/2025\/12\/000M49NOFIAVMGDJ-C123-F4.jpg\" title=\"\u015awi\u0105teczny rejs do domu. Polacy wracaj\u0105 na Bo\u017ce Narodzenie\" alt=\"\/Stena Line \/Materia\u0142y prasowe\" class=\"img-responsive\"\/>&#13;<\/p>\n<p>                            &#13;<\/p>\n<p>      &#13;<br \/>\n                            &#13;<br \/>\n                                    \/Stena Line \/Materia\u0142y prasowe  &#13;\n                                    <\/p>\n<p>&#13;<\/p>\n<p>                    <a href=\"https:\/\/www.rmf24.pl\/ciekawostki\/news-zabawka-dla-doroslych-prezentem-roku-pod-choinke-zaskakujace,nId,8053347\" rel=\"nofollow noopener\" target=\"_blank\">Zabawka dla doros\u0142ych Prezentem Roku pod choink\u0119. Zaskakuj\u0105ce dane <\/a><\/p>\n<p>Na pok\u0142adzie promu &#8222;Stena Spirit&#8221; zmierzaj\u0105cego do Polski czu\u0107 wyj\u0105tkow\u0105 atmosfer\u0119. W\u015br\u00f3d rozm\u00f3w dominuje temat powrotu do domu, spotka\u0144 z\u00a0rodzin\u0105 i\u00a0przygotowa\u0144 do \u015bwi\u0105t.<\/p>\n<p>To wida\u0107 po pasa\u017cerach, \u017ce ka\u017cdy z\u00a0ut\u0119sknieniem wraca do swoich rodzin. Wida\u0107 t\u0119 rado\u015b\u0107, ale tak samo to wida\u0107 po naszych za\u0142ogantach. To wyj\u0105tkowy rejs &#8211; m\u00f3wi nam Krzysztof Konefa\u0142.<\/p>\n<p>Nie brakuje r\u00f3wnie\u017c \u015bwi\u0105tecznych akcent\u00f3w na mostku: choinka, \u015bwiate\u0142ka i\u00a0nawet prezenty.<\/p>\n<p>Czujemy troszeczk\u0119 naszego \u015bwi\u0105tecznego klimatu. Cz\u0119\u015b\u0107 za\u0142ogi sp\u0119dzi Bo\u017ce Narodzenie z\u00a0rodzinami w\u00a0domu, inni &#8211; z\u00a0&#8222;drug\u0105 rodzin\u0105&#8221;, czyli kolegami z\u00a0pracy na statku &#8211; dodaje kapitan.<\/p>\n<p>    &#13;<br \/>\n        &#13;<\/p>\n<p>                                        &#13;<br \/>\n                        &#13;<br \/>\n                            <img decoding=\"async\" src=\"https:\/\/www.europesays.com\/pl\/wp-content\/uploads\/2025\/12\/000M49NNBWLBQTUV-C123-F4.jpg\" title=\"\u015awi\u0105teczny rejs do domu. Polacy wracaj\u0105 na Bo\u017ce Narodzenie\" alt=\"\/RMF FM\" class=\"img-responsive\"\/>&#13;<\/p>\n<p>                            &#13;<\/p>\n<p>      &#13;<br \/>\n                            &#13;<br \/>\n                                    \/RMF FM  &#13;\n                                    <\/p>\n<p>&#13;<\/p>\n<p>W\u015br\u00f3d pasa\u017cer\u00f3w dominuj\u0105 emocje zwi\u0105zane z\u00a0powrotem do kraju i\u00a0nadchodz\u0105cymi \u015bwi\u0119tami.<\/p>\n<p>To ogromna rado\u015b\u0107. Wraca si\u0119 do domu, do rodziny, do dzieci. Cz\u0142owiek od razu czuje, \u017ce \u015bwi\u0119ta b\u0119d\u0105 naprawd\u0119 wyj\u0105tkowe &#8211; m\u00f3wi jeden z\u00a0podr\u00f3\u017cnych.<\/p>\n<p>Najwa\u017cniejsza jest blisko\u015b\u0107. Tego najbardziej brakuje, kiedy jest si\u0119 daleko &#8211; dodaje kr\u00f3tko inny pasa\u017cer.<\/p>\n<p>Na promie nie brakuje te\u017c rozm\u00f3w o\u00a0\u015bwi\u0105tecznych przygotowaniach.<\/p>\n<p>Pewnie, \u017ce trzeba jeszcze przygotowa\u0107 pierogi. Jak co roku, zobaczymy, ile ich wyjdzie &#8211; \u015bmieje si\u0119 jeden z\u00a0pasa\u017cer\u00f3w. Inny przyznaje, \u017ce w\u00a0domu prace ju\u017c ruszy\u0142y pe\u0142n\u0105 par\u0105. C\u00f3rka zacz\u0119\u0142a wcze\u015bniej. Ja jeszcze ciasto chc\u0119 zrobi\u0107 &#8211; dodaje.<\/p>\n<p>Wyj\u0105tkowym elementem rejsu s\u0105 tak\u017ce skandynawskie smaki serwowane na pok\u0142adzie.<\/p>\n<p>To smaki zaskakuj\u0105ce, nieco inne od tych, do kt\u00f3rych jeste\u015bmy przyzwyczajeni w\u00a0Polsce, ale zdecydowanie warte spr\u00f3bowania. Polecam zw\u0142aszcza \u0142ososia gotowanego w\u00a0delikatnej zalewie octowej, podawanego z\u00a0majonezem. Ciekawostk\u0105 jest te\u017c jarmu\u017c z\u00a0dodatkiem granatu, orzech\u00f3w i\u00a0pomara\u0144czy. To po\u0142\u0105czenie, kt\u00f3rego na co dzie\u0144 u\u00a0nas si\u0119 nie spotyka &#8211; podkre\u015bla szef kuchni na promie Stena Line Robert R\u00f3\u017cy\u0144ski.<\/p>\n<p>    &#13;<br \/>\n        &#13;<\/p>\n<p>                                        &#13;<br \/>\n                        &#13;<br \/>\n                            <img decoding=\"async\" src=\"https:\/\/www.europesays.com\/pl\/wp-content\/uploads\/2025\/12\/000M49NMKHP5JD6S-C123-F4.jpg\" title=\"\u015awi\u0105teczny rejs do domu. Polacy wracaj\u0105 na Bo\u017ce Narodzenie\" alt=\"\/RMF FM\" class=\"img-responsive\"\/>&#13;<\/p>\n<p>                            &#13;<\/p>\n<p>      &#13;<br \/>\n                            &#13;<br \/>\n                                    \/RMF FM  &#13;\n                                    <\/p>\n<p>&#13;<\/p>\n<p>Prom zawin\u0105\u0142 do Gdyni, a\u00a0pasa\u017cerowie rozjechali si\u0119 do swoich dom\u00f3w, by sp\u0119dzi\u0107 Bo\u017ce Narodzenie z\u00a0najbli\u017cszymi. W\u00a0wielu przypadkach po wieku tygodniach roz\u0142\u0105ki.<\/p>\n","protected":false},"excerpt":{"rendered":"\u015awi\u0105teczne potrawy i rado\u015b\u0107 powrotu do bliskich, tak wygl\u0105da podr\u00f3\u017c promem z Karlskrony do Gdyni chwil\u0119 przed \u015bwi\u0119tami.&hellip;\n","protected":false},"author":2,"featured_media":171337,"comment_status":"","ping_status":"","sticky":false,"template":"","format":"standard","meta":{"footnotes":""},"categories":[12],"tags":[32,33,36,37,27,34,35,28,31,25,42,38,40,39,41,29,30,26],"class_list":{"0":"post-171336","1":"post","2":"type-post","3":"status-publish","4":"format-standard","5":"has-post-thumbnail","7":"category-polska","8":"tag-breaking-news","9":"tag-breakingnews","10":"tag-featured-news","11":"tag-featurednews","12":"tag-headlines","13":"tag-latest-news","14":"tag-latestnews","15":"tag-naglowki","16":"tag-najwazniejsze-artykuly","17":"tag-news","18":"tag-pl","19":"tag-poland","20":"tag-polish","21":"tag-polska","22":"tag-polski","23":"tag-top-stories","24":"tag-topstories","25":"tag-wiadomosci"},"share_on_mastodon":{"url":"https:\/\/pubeurope.com\/@pl\/115783526024104132","error":""},"_links":{"self":[{"href":"https:\/\/www.europesays.com\/pl\/wp-json\/wp\/v2\/posts\/171336","targetHints":{"allow":["GET"]}}],"collection":[{"href":"https:\/\/www.europesays.com\/pl\/wp-json\/wp\/v2\/posts"}],"about":[{"href":"https:\/\/www.europesays.com\/pl\/wp-json\/wp\/v2\/types\/post"}],"author":[{"embeddable":true,"href":"https:\/\/www.europesays.com\/pl\/wp-json\/wp\/v2\/users\/2"}],"replies":[{"embeddable":true,"href":"https:\/\/www.europesays.com\/pl\/wp-json\/wp\/v2\/comments?post=171336"}],"version-history":[{"count":0,"href":"https:\/\/www.europesays.com\/pl\/wp-json\/wp\/v2\/posts\/171336\/revisions"}],"wp:featuredmedia":[{"embeddable":true,"href":"https:\/\/www.europesays.com\/pl\/wp-json\/wp\/v2\/media\/171337"}],"wp:attachment":[{"href":"https:\/\/www.europesays.com\/pl\/wp-json\/wp\/v2\/media?parent=171336"}],"wp:term":[{"taxonomy":"category","embeddable":true,"href":"https:\/\/www.europesays.com\/pl\/wp-json\/wp\/v2\/categories?post=171336"},{"taxonomy":"post_tag","embeddable":true,"href":"https:\/\/www.europesays.com\/pl\/wp-json\/wp\/v2\/tags?post=171336"}],"curies":[{"name":"wp","href":"https:\/\/api.w.org\/{rel}","templated":true}]}}